{"id":115820,"date":"2025-12-30T15:17:56","date_gmt":"2025-12-30T14:17:56","guid":{"rendered":"https:\/\/www.24zabrze.pl\/wiadomosci\/?p=115820"},"modified":"2026-01-05T17:58:30","modified_gmt":"2026-01-05T16:58:30","slug":"nowy-market-w-zabrzu-zostanie-otwarty-juz-za-kilka-dni-nie-zabraknie-dodatkowych-atrakcji","status":"publish","type":"post","link":"https:\/\/www.24zabrze.pl\/wiadomosci\/nowy-market-w-zabrzu-zostanie-otwarty-juz-za-kilka-dni-nie-zabraknie-dodatkowych-atrakcji\/","title":{"rendered":"Nowy market w Zabrzu zostanie otwarty ju\u017c za kilka dni. &#8220;Nie zabraknie dodatkowych atrakcji&#8221;"},"content":{"rendered":"<div class=\"zabrz-a6-z-nad-leadem-artykulow zabrz-entity-placement\" id=\"zabrz-1647988312\"><div class=\"zabrz-adlabel\"><span style=\"font-size: 9px\">REKLAMA<\/span><\/div><div id=\"zabrz-4048055108\" style=\"margin-bottom: 30px;margin-left: auto;margin-right: auto;text-align: center;\"><a data-no-instant=\"1\" href=\"https:\/\/dom100.eu\/\" rel=\"noopener\" class=\"a2t-link\" target=\"_blank\" aria-label=\"20260415 DOM100 D\"><img loading=\"lazy\" decoding=\"async\" src=\"https:\/\/www.24zabrze.pl\/wiadomosci\/wp-content\/uploads\/2026\/02\/20260415-DOM100-D.jpg\" alt=\"\"  srcset=\"https:\/\/www.24zabrze.pl\/wiadomosci\/wp-content\/uploads\/2026\/02\/20260415-DOM100-D.jpg 750w, https:\/\/www.24zabrze.pl\/wiadomosci\/wp-content\/uploads\/2026\/02\/20260415-DOM100-D-410x109.jpg 410w\" sizes=\"(max-width: 750px) 100vw, 750px\" class=\"no-lazyload\" width=\"750\" height=\"200\"  style=\"display: inline-block; max-width: 100%; height: auto;\" \/><\/a><\/div><\/div><h2>Nowy sklep ALDI na terenie Zabrza zostanie otwarty kr\u00f3tko po Nowym Roku. Na pierwsze zakupy w markecie przy ulicy Zaolzia\u0144skiej 1c klienci b\u0119d\u0105 mogli wybra\u0107 si\u0119 ju\u017c w czwartek, 8 stycznia.<\/h2>\n<p>Otwarciu towarzysz\u0105 zwykle promocje i degustacje dla os\u00f3b, kt\u00f3re tego dnia zdecyduj\u0105 si\u0119 wybra\u0107 do nowego sklepu. Plac\u00f3wka rozpocznie dzia\u0142anie od godziny 6:00 rano. <\/p><div class=\"zabrz-a3-z-w-tresci-artykulow zabrz-entity-placement\" id=\"zabrz-2499796754\"><div class=\"zabrz-adlabel\"><span style=\"font-size: 9px\">REKLAMA<\/span><\/div><div id=\"zabrz-3880274433\" style=\"margin-bottom: 40px;margin-left: auto;margin-right: auto;text-align: center;\"><a data-no-instant=\"1\" href=\"https:\/\/ogrodyandersa.pl\/\" rel=\"noopener\" class=\"a2t-link\" target=\"_blank\" aria-label=\"20260415 Ogrody Andersa WYBIERZ MIESZKANIE D\"><img loading=\"lazy\" decoding=\"async\" src=\"https:\/\/www.24zabrze.pl\/wiadomosci\/wp-content\/uploads\/2026\/02\/20260415-Ogrody-Andersa-WYBIERZ-MIESZKANIE-D.jpg\" alt=\"\"  srcset=\"https:\/\/www.24zabrze.pl\/wiadomosci\/wp-content\/uploads\/2026\/02\/20260415-Ogrody-Andersa-WYBIERZ-MIESZKANIE-D.jpg 750w, https:\/\/www.24zabrze.pl\/wiadomosci\/wp-content\/uploads\/2026\/02\/20260415-Ogrody-Andersa-WYBIERZ-MIESZKANIE-D-410x109.jpg 410w\" sizes=\"(max-width: 750px) 100vw, 750px\" class=\"no-lazyload\" width=\"750\" height=\"200\"  style=\"display: inline-block; max-width: 100%; height: auto;\" \/><\/a><\/div><\/div>\n<p>&#8211; <em>Otwieramy dla Was NAJNOWSZY SKLEP! Ju\u017c 8.01.2026 zapraszamy na wielkie otwarcie. Od samego rana czeka\u0107 na Was b\u0119d\u0105 NAJLEPSZE OKAZJE. Nie zabraknie te\u017c dodatkowych atrakcji<\/em> &#8211; zapowiada sie\u0107 handlowa ALDI. Market, kt\u00f3ry powsta\u0142 na dzia\u0142kach mi\u0119dzy ulicami Wolno\u015bci, Zaolzia\u0144sk\u0105 oraz My\u015bliwsk\u0105 w zabrza\u0144skim Maciejowie, b\u0119dzie 4. plac\u00f3wk\u0105 pod niebieskim szyldem w Zabrzu. <\/p>\n<h4>Pozosta\u0142e znajduj\u0105 si\u0119 przy ulicach Gda\u0144skiej, Miarki, a tak\u017ce Wolno\u015bci. Niewykluczone, \u017ce w przysz\u0142o\u015bci detalista prowadzi\u0107 b\u0119dzie dalsz\u0105 ekspansj\u0119 rynkow\u0105 w mie\u015bcie.<\/h4>\n<p>Pod koniec listopada sie\u0107 ALDI otworzy\u0142a 400. sklep w Polsce. Zatrudnia ju\u017c ponad 4,7 tysi\u0105ca pracownik\u00f3w i ca\u0142y czas prowadzi rekrutacje do nowych plac\u00f3wek. W 2026 roku firma planuje zatrudnienie kilkuset nowych pracownik\u00f3w w obszarze sprzeda\u017cy i logistyki. W ci\u0105gu ostatnich dw\u00f3ch lat sp\u00f3\u0142ka zwi\u0119kszy\u0142a swoj\u0105 sie\u0107 o ponad 30%, opr\u00f3cz tego przygotowuje si\u0119 do uruchomienia trzeciego centrum dystrybucyjnego w Emilianowie.<\/p>\n<p><img loading=\"lazy\" decoding=\"async\" src=\"https:\/\/www.24zabrze.pl\/wiadomosci\/wp-content\/uploads\/2025\/10\/aldi-zabrze2.jpg\" alt=\"\" width=\"810\" height=\"456\" class=\"alignnone size-full wp-image-115033\" srcset=\"https:\/\/www.24zabrze.pl\/wiadomosci\/wp-content\/uploads\/2025\/10\/aldi-zabrze2.jpg 810w, https:\/\/www.24zabrze.pl\/wiadomosci\/wp-content\/uploads\/2025\/10\/aldi-zabrze2-410x232.jpg 410w, https:\/\/www.24zabrze.pl\/wiadomosci\/wp-content\/uploads\/2025\/10\/aldi-zabrze2-808x455.jpg 808w, https:\/\/www.24zabrze.pl\/wiadomosci\/wp-content\/uploads\/2025\/10\/aldi-zabrze2-768x432.jpg 768w\" sizes=\"auto, (max-width: 810px) 100vw, 810px\" \/><\/p>\n<p>\u2013 Rok 2025 jest dla naszej sieci prze\u0142omowy. Otworzyli\u015bmy ju\u017c 400. sklep w Polsce i nie zwalniamy tempa. Naszym celem jest dalsza ekspansja i konsekwentne budowanie marki ALDI na polskim rynku. Inwestujemy w nowe technologie, rozw\u00f3j system\u00f3w logistycznych i rozwi\u0105zania przyjazne klientom, by codzienne zakupy by\u0142y jeszcze bardziej proste i dost\u0119pne. To dla nas du\u017cy krok naprz\u00f3d i dow\u00f3d, \u017ce strategia ALDI przynosi efekty \u2013 podkre\u015bla <strong>Octavian Preda,<\/strong> wiceprezes Zarz\u0105du ALDI Polska.<\/p>\n<p><img loading=\"lazy\" decoding=\"async\" src=\"https:\/\/www.24zabrze.pl\/wiadomosci\/wp-content\/uploads\/2025\/12\/Zrzut-ekranu-2025-12-30-151648.jpg\" alt=\"\" width=\"795\" height=\"443\" class=\"alignnone size-full wp-image-115825\" srcset=\"https:\/\/www.24zabrze.pl\/wiadomosci\/wp-content\/uploads\/2025\/12\/Zrzut-ekranu-2025-12-30-151648.jpg 795w, https:\/\/www.24zabrze.pl\/wiadomosci\/wp-content\/uploads\/2025\/12\/Zrzut-ekranu-2025-12-30-151648-410x228.jpg 410w, https:\/\/www.24zabrze.pl\/wiadomosci\/wp-content\/uploads\/2025\/12\/Zrzut-ekranu-2025-12-30-151648-768x428.jpg 768w\" sizes=\"auto, (max-width: 795px) 100vw, 795px\" \/><\/p>\n<p>ALDI Polska jest cz\u0119\u015bci\u0105 Grupy Przedsi\u0119biorstw ALDI Nord \u2013 jednego z wiod\u0105cych mi\u0119dzynarodowych detalist\u00f3w. Sp\u00f3\u0142ka oferuje klientom w dziewi\u0119ciu krajach europejskich wysokiej jako\u015bci produkty w najni\u017cszej mo\u017cliwej cenie. Kluczem do sukcesu Grupy ALDI Nord jest zesp\u00f3\u0142 ponad 86 000 pracownik\u00f3w zatrudnionych w Belgii, Francji, Niemczech, Luksemburgu, Niderlandach, Polsce, Portugalii i Hiszpanii.<\/p>\n<p>(\u017cms)<br \/>\nfot. zdj\u0119cie pogl\u0105dowe<\/p>\n","protected":false},"excerpt":{"rendered":"<p>Nowy sklep ALDI na terenie Zabrza zostanie otwarty kr\u00f3tko po Nowym Roku. Na pierwsze zakupy w markecie przy ulicy Zaolzia\u0144skiej 1c klienci b\u0119d\u0105 mogli wybra\u0107 si\u0119 ju\u017c w czwartek, 8 stycznia. Otwarciu towarzysz\u0105 zwykle promocje i degustacje dla os\u00f3b, kt\u00f3re tego dnia zdecyduj\u0105 si\u0119 wybra\u0107 do nowego sklepu. Plac\u00f3wka rozpocznie dzia\u0142anie od godziny 6:00 rano. [&hellip;]<\/p>\n","protected":false},"author":17,"featured_media":115822,"comment_status":"closed","ping_status":"closed","sticky":false,"template":"","format":"standard","meta":{"_monsterinsights_skip_tracking":false,"_monsterinsights_sitenote_active":false,"_monsterinsights_sitenote_note":"","_monsterinsights_sitenote_category":0,"footnotes":"","_links_to":"","_links_to_target":""},"categories":[11756,9,1],"tags":[12848,12849],"class_list":["post-115820","post","type-post","status-publish","format-standard","has-post-thumbnail","hentry","category-kultura","category-stronaglowna","category-wszystko","tag-aldi","tag-market"],"_links":{"self":[{"href":"https:\/\/www.24zabrze.pl\/wiadomosci\/wp-json\/wp\/v2\/posts\/115820","targetHints":{"allow":["GET"]}}],"collection":[{"href":"https:\/\/www.24zabrze.pl\/wiadomosci\/wp-json\/wp\/v2\/posts"}],"about":[{"href":"https:\/\/www.24zabrze.pl\/wiadomosci\/wp-json\/wp\/v2\/types\/post"}],"author":[{"embeddable":true,"href":"https:\/\/www.24zabrze.pl\/wiadomosci\/wp-json\/wp\/v2\/users\/17"}],"replies":[{"embeddable":true,"href":"https:\/\/www.24zabrze.pl\/wiadomosci\/wp-json\/wp\/v2\/comments?post=115820"}],"version-history":[{"count":0,"href":"https:\/\/www.24zabrze.pl\/wiadomosci\/wp-json\/wp\/v2\/posts\/115820\/revisions"}],"wp:featuredmedia":[{"embeddable":true,"href":"https:\/\/www.24zabrze.pl\/wiadomosci\/wp-json\/wp\/v2\/media\/115822"}],"wp:attachment":[{"href":"https:\/\/www.24zabrze.pl\/wiadomosci\/wp-json\/wp\/v2\/media?parent=115820"}],"wp:term":[{"taxonomy":"category","embeddable":true,"href":"https:\/\/www.24zabrze.pl\/wiadomosci\/wp-json\/wp\/v2\/categories?post=115820"},{"taxonomy":"post_tag","embeddable":true,"href":"https:\/\/www.24zabrze.pl\/wiadomosci\/wp-json\/wp\/v2\/tags?post=115820"}],"curies":[{"name":"wp","href":"https:\/\/api.w.org\/{rel}","templated":true}]}}