{"id":115770,"date":"2025-12-28T12:32:13","date_gmt":"2025-12-28T11:32:13","guid":{"rendered":"https:\/\/www.24zabrze.pl\/wiadomosci\/?p=115770"},"modified":"2026-01-05T17:59:28","modified_gmt":"2026-01-05T16:59:28","slug":"na-sylwestra-z-dwojka-i-inne-imprezy-mozna-dojechac-pociagiem-beda-dodatkowe-polaczenia","status":"publish","type":"post","link":"https:\/\/www.24zabrze.pl\/wiadomosci\/na-sylwestra-z-dwojka-i-inne-imprezy-mozna-dojechac-pociagiem-beda-dodatkowe-polaczenia\/","title":{"rendered":"Na Sylwestra z Dw\u00f3jk\u0105 i inne imprezy mo\u017cna dojecha\u0107 poci\u0105giem. B\u0119d\u0105 dodatkowe po\u0142\u0105czenia"},"content":{"rendered":"<div class=\"zabrz-a6-z-nad-leadem-artykulow zabrz-entity-placement\" id=\"zabrz-263937748\"><div class=\"zabrz-adlabel\"><span style=\"font-size: 9px\">REKLAMA<\/span><\/div><div id=\"zabrz-2907304902\" style=\"margin-bottom: 30px;margin-left: auto;margin-right: auto;text-align: center;\"><a data-no-instant=\"1\" href=\"https:\/\/dom100.eu\/\" rel=\"noopener\" class=\"a2t-link\" target=\"_blank\" aria-label=\"20260415 DOM100 D\"><img loading=\"lazy\" decoding=\"async\" src=\"https:\/\/www.24zabrze.pl\/wiadomosci\/wp-content\/uploads\/2026\/02\/20260415-DOM100-D.jpg\" alt=\"\"  srcset=\"https:\/\/www.24zabrze.pl\/wiadomosci\/wp-content\/uploads\/2026\/02\/20260415-DOM100-D.jpg 750w, https:\/\/www.24zabrze.pl\/wiadomosci\/wp-content\/uploads\/2026\/02\/20260415-DOM100-D-410x109.jpg 410w\" sizes=\"(max-width: 750px) 100vw, 750px\" class=\"no-lazyload\" width=\"750\" height=\"200\"  style=\"display: inline-block; max-width: 100%; height: auto;\" \/><\/a><\/div><\/div><h2>Na imprezy sylwestrowe mo\u017cna wybra\u0107 si\u0119 poci\u0105gami Kolei \u015al\u0105skich. Regionalny przewo\u017anik przygotowa\u0142 dla mieszka\u0144c\u00f3w regionu dodatkowe po\u0142\u0105czenia, dzi\u0119ki kt\u00f3rym b\u0119dzie mo\u017cna dojecha\u0107 na &#8220;Sylwestra z Dw\u00f3jk\u0105&#8221; przed katowickim Spodkiem, a tak\u017ce z niego wr\u00f3ci\u0107.<\/h2>\n<p>&#8211; <em>Koleje \u015al\u0105skie w nocy z 31 grudnia na 1 stycznia wzmocni\u0105 siatk\u0119 po\u0142\u0105cze\u0144 w czasie sylwestrowych wydarze\u0144. Specjalna oferta zosta\u0142a przygotowana z my\u015bl\u0105 o uczestnikach \u201eSylwestra z Dw\u00f3jk\u0105\u201d, ale mog\u0105 z niej skorzysta\u0107 wszyscy pasa\u017cerowie planuj\u0105cy podr\u00f3\u017ce kolej\u0105 w sylwestrow\u0105 noc. Sk\u0142ady zatrzymaj\u0105 si\u0119 bowiem na wszystkich przystankach po\u015brednich<\/em> &#8211; informuje przewo\u017anik.<\/p><div class=\"zabrz-a3-z-w-tresci-artykulow zabrz-entity-placement\" id=\"zabrz-209000938\"><div class=\"zabrz-adlabel\"><span style=\"font-size: 9px\">REKLAMA<\/span><\/div><div id=\"zabrz-1816384298\" style=\"margin-bottom: 40px;margin-left: auto;margin-right: auto;text-align: center;\"><a data-no-instant=\"1\" href=\"https:\/\/ogrodyandersa.pl\/\" rel=\"noopener\" class=\"a2t-link\" target=\"_blank\" aria-label=\"20260415 Ogrody Andersa WYBIERZ MIESZKANIE D\"><img loading=\"lazy\" decoding=\"async\" src=\"https:\/\/www.24zabrze.pl\/wiadomosci\/wp-content\/uploads\/2026\/02\/20260415-Ogrody-Andersa-WYBIERZ-MIESZKANIE-D.jpg\" alt=\"\"  srcset=\"https:\/\/www.24zabrze.pl\/wiadomosci\/wp-content\/uploads\/2026\/02\/20260415-Ogrody-Andersa-WYBIERZ-MIESZKANIE-D.jpg 750w, https:\/\/www.24zabrze.pl\/wiadomosci\/wp-content\/uploads\/2026\/02\/20260415-Ogrody-Andersa-WYBIERZ-MIESZKANIE-D-410x109.jpg 410w\" sizes=\"(max-width: 750px) 100vw, 750px\" class=\"no-lazyload\" width=\"750\" height=\"200\"  style=\"display: inline-block; max-width: 100%; height: auto;\" \/><\/a><\/div><\/div>\n<h4>Poza regularnymi po\u0142\u0105czeniami Koleje \u015al\u0105skie przygotowa\u0142y dodatkowe kursy, kt\u00f3re pozwol\u0105 na dojazd do Katowic i, przede wszystkim, powr\u00f3t po zako\u0144czeniu \u201cSylwestra z Dw\u00f3jk\u0105\u201d.<\/h4>\n<p>Sylwestrowe poci\u0105gi odjad\u0105 z Katowic w kierunku Zwardonia (02:00), Gliwic (02:05), Cha\u0142upek i Cz\u0119stochowy (02:10), Lubli\u0144ca (02:15) oraz Wis\u0142y G\u0142\u0119biec (02:20). Dodatkowe po\u0142\u0105czenia, skomunikowane z tymi jad\u0105cymi od Katowic, zaplanowano tak\u017ce na odcinkach: Tychy \u2013 Tychy Lodowisko, Rybnik \u2013 Racib\u00f3rz i Golesz\u00f3w \u2013 Cieszyn.<\/p>\n<p>\u2013 Zale\u017ca\u0142o nam na tym, aby osoby bawi\u0105ce si\u0119 w Katowicach mog\u0142y bezpiecznie wr\u00f3ci\u0107 do domu, ale r\u00f3wnie\u017c by mieszka\u0144cy regionu mieli mo\u017cliwo\u015b\u0107 dogodnego dojazdu do stolicy wojew\u00f3dztwa \u2013 m\u00f3wi<strong> Bart\u0142omiej Wnuk,<\/strong> rzecznik prasowy Kolei \u015al\u0105skich.<\/p>\n<blockquote><p>Co wa\u017cne, 31 grudnia nie planujemy \u017cadnych ogranicze\u0144 oferty w godzinach popo\u0142udniowych i wieczornych. W ci\u0105gu dnia poci\u0105gi b\u0119d\u0105 kursowa\u0107 jak w dni robocze<\/p><\/blockquote>\n<p>&#8211; dodaje. <\/p>\n<p>Uruchomienie dodatkowych kurs\u00f3w jest mo\u017cliwe m.in. dzi\u0119ki wsp\u00f3\u0142pracy z PKP PLK. Szczeg\u00f3\u0142owe informacje o dodatkowych po\u0142\u0105czeniach dost\u0119pne s\u0105 w liniowym rozk\u0142adzie jazdy, internetowych wyszukiwarkach po\u0142\u0105cze\u0144 oraz materia\u0142ach informacyjnych Kolei \u015al\u0105skich.<\/p>\n<p>(\u017cms\/mat. Kolei \u015al\u0105skich)<br \/>\nfot. pixabay.com<\/p>\n","protected":false},"excerpt":{"rendered":"<p>Na imprezy sylwestrowe mo\u017cna wybra\u0107 si\u0119 poci\u0105gami Kolei \u015al\u0105skich. Regionalny przewo\u017anik przygotowa\u0142 dla mieszka\u0144c\u00f3w regionu dodatkowe po\u0142\u0105czenia, dzi\u0119ki kt\u00f3rym b\u0119dzie mo\u017cna dojecha\u0107 na &#8220;Sylwestra z Dw\u00f3jk\u0105&#8221; przed katowickim Spodkiem, a tak\u017ce z niego wr\u00f3ci\u0107. &#8211; Koleje \u015al\u0105skie w nocy z 31 grudnia na 1 stycznia wzmocni\u0105 siatk\u0119 po\u0142\u0105cze\u0144 w czasie sylwestrowych wydarze\u0144. Specjalna oferta zosta\u0142a [&hellip;]<\/p>\n","protected":false},"author":17,"featured_media":102003,"comment_status":"closed","ping_status":"closed","sticky":false,"template":"","format":"standard","meta":{"_monsterinsights_skip_tracking":false,"_monsterinsights_sitenote_active":false,"_monsterinsights_sitenote_note":"","_monsterinsights_sitenote_category":0,"footnotes":"","_links_to":"","_links_to_target":""},"categories":[11756,1],"tags":[12846,12847],"class_list":["post-115770","post","type-post","status-publish","format-standard","has-post-thumbnail","hentry","category-kultura","category-wszystko","tag-koleje-slaskie","tag-sylwester"],"_links":{"self":[{"href":"https:\/\/www.24zabrze.pl\/wiadomosci\/wp-json\/wp\/v2\/posts\/115770","targetHints":{"allow":["GET"]}}],"collection":[{"href":"https:\/\/www.24zabrze.pl\/wiadomosci\/wp-json\/wp\/v2\/posts"}],"about":[{"href":"https:\/\/www.24zabrze.pl\/wiadomosci\/wp-json\/wp\/v2\/types\/post"}],"author":[{"embeddable":true,"href":"https:\/\/www.24zabrze.pl\/wiadomosci\/wp-json\/wp\/v2\/users\/17"}],"replies":[{"embeddable":true,"href":"https:\/\/www.24zabrze.pl\/wiadomosci\/wp-json\/wp\/v2\/comments?post=115770"}],"version-history":[{"count":0,"href":"https:\/\/www.24zabrze.pl\/wiadomosci\/wp-json\/wp\/v2\/posts\/115770\/revisions"}],"wp:featuredmedia":[{"embeddable":true,"href":"https:\/\/www.24zabrze.pl\/wiadomosci\/wp-json\/wp\/v2\/media\/102003"}],"wp:attachment":[{"href":"https:\/\/www.24zabrze.pl\/wiadomosci\/wp-json\/wp\/v2\/media?parent=115770"}],"wp:term":[{"taxonomy":"category","embeddable":true,"href":"https:\/\/www.24zabrze.pl\/wiadomosci\/wp-json\/wp\/v2\/categories?post=115770"},{"taxonomy":"post_tag","embeddable":true,"href":"https:\/\/www.24zabrze.pl\/wiadomosci\/wp-json\/wp\/v2\/tags?post=115770"}],"curies":[{"name":"wp","href":"https:\/\/api.w.org\/{rel}","templated":true}]}}