{"id":115567,"date":"2025-12-04T15:18:54","date_gmt":"2025-12-04T14:18:54","guid":{"rendered":"https:\/\/www.24zabrze.pl\/wiadomosci\/?p=115567"},"modified":"2025-12-04T15:18:54","modified_gmt":"2025-12-04T14:18:54","slug":"mikolajkowe-podroze-kolejami-slaskimi-dzieci-i-mlodziez-zaplaca-symboliczna-zlotowke","status":"publish","type":"post","link":"https:\/\/www.24zabrze.pl\/wiadomosci\/mikolajkowe-podroze-kolejami-slaskimi-dzieci-i-mlodziez-zaplaca-symboliczna-zlotowke\/","title":{"rendered":"Miko\u0142ajkowe podr\u00f3\u017ce Kolejami \u015al\u0105skimi. Dzieci i m\u0142odzie\u017c zap\u0142ac\u0105 symboliczn\u0105 z\u0142ot\u00f3wk\u0119"},"content":{"rendered":"<div class=\"zabrz-a6-z-nad-leadem-artykulow zabrz-entity-placement\" id=\"zabrz-1229267454\"><div class=\"zabrz-adlabel\"><span style=\"font-size: 9px\">REKLAMA<\/span><\/div><div id=\"zabrz-2893805874\" style=\"margin-bottom: 30px;margin-left: auto;margin-right: auto;text-align: center;\"><a data-no-instant=\"1\" href=\"https:\/\/dom100.eu\/\" rel=\"noopener\" class=\"a2t-link\" target=\"_blank\" aria-label=\"20260415 DOM100 D\"><img loading=\"lazy\" decoding=\"async\" src=\"https:\/\/www.24zabrze.pl\/wiadomosci\/wp-content\/uploads\/2026\/02\/20260415-DOM100-D.jpg\" alt=\"\"  srcset=\"https:\/\/www.24zabrze.pl\/wiadomosci\/wp-content\/uploads\/2026\/02\/20260415-DOM100-D.jpg 750w, https:\/\/www.24zabrze.pl\/wiadomosci\/wp-content\/uploads\/2026\/02\/20260415-DOM100-D-410x109.jpg 410w\" sizes=\"(max-width: 750px) 100vw, 750px\" class=\"no-lazyload\" width=\"750\" height=\"200\"  style=\"display: inline-block; max-width: 100%; height: auto;\" \/><\/a><\/div><\/div><h2>W miko\u0142ajkow\u0105 podr\u00f3\u017c mo\u017cna wybra\u0107 si\u0119 poci\u0105giem. W sobot\u0119, 6 grudnia, dzieci i m\u0142odzie\u017c w wieku od 4 do 16 lat b\u0119d\u0105 mog\u0142y podr\u00f3\u017cowa\u0107 pojazdami Kolei \u015al\u0105skich za symboliczn\u0105 z\u0142ot\u00f3wk\u0119. Ofert\u0119 b\u0119dzie mo\u017cna po\u0142\u0105czy\u0107 ze zni\u017ck\u0105 dla rodzic\u00f3w lub opiekun\u00f3w stworzon\u0105 z my\u015bl\u0105 o wsp\u00f3lnym podr\u00f3\u017cowaniu.<\/h2>\n<p>Koleje \u015al\u0105skie zadbaj\u0105\u00a0tak\u017ce o \u015bwi\u0105teczn\u0105 atmosfer\u0119 zapraszaj\u0105c do poci\u0105g\u00f3w specjalnych go\u015bci.<\/p><div class=\"zabrz-a3-z-w-tresci-artykulow zabrz-entity-placement\" id=\"zabrz-1636972172\"><div class=\"zabrz-adlabel\"><span style=\"font-size: 9px\">REKLAMA<\/span><\/div><div id=\"zabrz-1952807781\" style=\"margin-bottom: 40px;margin-left: auto;margin-right: auto;text-align: center;\"><a data-no-instant=\"1\" href=\"https:\/\/ogrodyandersa.pl\/\" rel=\"noopener\" class=\"a2t-link\" target=\"_blank\" aria-label=\"20260415 Ogrody Andersa WYBIERZ MIESZKANIE D\"><img loading=\"lazy\" decoding=\"async\" src=\"https:\/\/www.24zabrze.pl\/wiadomosci\/wp-content\/uploads\/2026\/02\/20260415-Ogrody-Andersa-WYBIERZ-MIESZKANIE-D.jpg\" alt=\"\"  srcset=\"https:\/\/www.24zabrze.pl\/wiadomosci\/wp-content\/uploads\/2026\/02\/20260415-Ogrody-Andersa-WYBIERZ-MIESZKANIE-D.jpg 750w, https:\/\/www.24zabrze.pl\/wiadomosci\/wp-content\/uploads\/2026\/02\/20260415-Ogrody-Andersa-WYBIERZ-MIESZKANIE-D-410x109.jpg 410w\" sizes=\"(max-width: 750px) 100vw, 750px\" class=\"no-lazyload\" width=\"750\" height=\"200\"  style=\"display: inline-block; max-width: 100%; height: auto;\" \/><\/a><\/div><\/div>\n<p>Miko\u0142ajkowe bilety b\u0119d\u0105 obowi\u0105zywa\u0107 6 grudnia we wszystkich poci\u0105gach Kolei \u015al\u0105skich kursuj\u0105cych na terenie wojew\u00f3dztwa \u015bl\u0105skiego. To bilety jednorazowe, dost\u0119pne wy\u0142\u0105cznie w aplikacji Kae\u015bka i wymagaj\u0105ce jedynie dokumentu potwierdzaj\u0105cego wiek dziecka \u2013 np. paszportu, ksi\u0105\u017ceczki zdrowia, legitymacji szkolnej czy dowodu osobistego. Promocja obejmuje dzieci od 4. do 16. roku \u017cycia, bo m\u0142odsze \u2013 zgodnie        z ustawow\u0105 ulg\u0105 \u2013 zawsze podr\u00f3\u017cuj\u0105 poci\u0105gami Kolei \u015al\u0105skich bezp\u0142atnie.<\/p>\n<h4>Szczeg\u00f3lny pasa\u017cer<\/h4>\n<p>Tegoroczne Miko\u0142ajki b\u0119d\u0105 mia\u0142y wyj\u0105tkow\u0105 opraw\u0119 nie tylko dzi\u0119ki biletom za z\u0142ot\u00f3wk\u0119. Od samego rana na najpopularniejsze trasy wyrusz\u0105 Miko\u0142aje wraz z Miko\u0142ajkami, kt\u00f3rzy \u2013 opr\u00f3cz wprowadzania \u015bwi\u0105tecznego klimatu \u2013 pocz\u0119stuj\u0105\u00a0podr\u00f3\u017cnych s\u0142odko\u015bciami.<\/p>\n<p>\u2013 <em>Obecno\u015b\u0107 Miko\u0142aja na pok\u0142adzie to zawsze du\u017ca frajda dla najm\u0142odszych. Liczymy te\u017c, \u017ce symboliczna z\u0142ot\u00f3wka za przejazd zach\u0119ci rodziny do wsp\u00f3lnych, miko\u0142ajkowych podr\u00f3\u017cy<\/em> \u2013 m\u00f3wi <strong>Bart\u0142omiej Wnuk,<\/strong> rzecznik prasowy Kolei \u015al\u0105skich i dodaje, \u017ce w sobot\u0119 6 grudnia, w godz. 9.00 \u2013 14.00 w Centrum Obs\u0142ugi Pasa\u017cera na katowickim dworcu PKP b\u0119dzie mo\u017cna spotka\u0107 miko\u0142ajkow\u0105 ekip\u0119 Kolei \u015al\u0105skich i zrobi\u0107 sobie pami\u0105tkowe zdj\u0119cie.<\/p>\n<h4>Rodzinna podr\u00f3\u017c jeszcze ta\u0144sza<\/h4>\n<p>Rodzice i opiekunowie towarzysz\u0105cy m\u0142odym pasa\u017cerom mog\u0105 w sobot\u0119, 6 grudnia skorzysta\u0107 z wa\u017cnej przez ca\u0142y rok oferty \u201eRodzina\u201d \u2013 to 30 proc. zni\u017cki dla grup od 2 do 6 os\u00f3b \u2013 w tym maksymalnie dw\u00f3ch doros\u0142ych i co najmniej jednego dziecka. Bilety z oferty \u201cRodzina\u201d b\u0119dzie mo\u017cna po\u0142\u0105czy\u0107 6 grudnia w Kae\u015bce z miko\u0142ajkowym biletem za z\u0142ot\u00f3wk\u0119.<\/p>\n<p>(mat. Kolei \u015al\u0105skich)<\/p>\n","protected":false},"excerpt":{"rendered":"<p>W miko\u0142ajkow\u0105 podr\u00f3\u017c mo\u017cna wybra\u0107 si\u0119 poci\u0105giem. W sobot\u0119, 6 grudnia, dzieci i m\u0142odzie\u017c w wieku od 4 do 16 lat b\u0119d\u0105 mog\u0142y podr\u00f3\u017cowa\u0107 pojazdami Kolei \u015al\u0105skich za symboliczn\u0105 z\u0142ot\u00f3wk\u0119. Ofert\u0119 b\u0119dzie mo\u017cna po\u0142\u0105czy\u0107 ze zni\u017ck\u0105 dla rodzic\u00f3w lub opiekun\u00f3w stworzon\u0105 z my\u015bl\u0105 o wsp\u00f3lnym podr\u00f3\u017cowaniu. Koleje \u015al\u0105skie zadbaj\u0105\u00a0tak\u017ce o \u015bwi\u0105teczn\u0105 atmosfer\u0119 zapraszaj\u0105c do poci\u0105g\u00f3w [&hellip;]<\/p>\n","protected":false},"author":17,"featured_media":112771,"comment_status":"closed","ping_status":"closed","sticky":false,"template":"","format":"standard","meta":{"_monsterinsights_skip_tracking":false,"_monsterinsights_sitenote_active":false,"_monsterinsights_sitenote_note":"","_monsterinsights_sitenote_category":0,"footnotes":"","_links_to":"","_links_to_target":""},"categories":[11756,1],"tags":[],"class_list":["post-115567","post","type-post","status-publish","format-standard","has-post-thumbnail","hentry","category-kultura","category-wszystko"],"_links":{"self":[{"href":"https:\/\/www.24zabrze.pl\/wiadomosci\/wp-json\/wp\/v2\/posts\/115567","targetHints":{"allow":["GET"]}}],"collection":[{"href":"https:\/\/www.24zabrze.pl\/wiadomosci\/wp-json\/wp\/v2\/posts"}],"about":[{"href":"https:\/\/www.24zabrze.pl\/wiadomosci\/wp-json\/wp\/v2\/types\/post"}],"author":[{"embeddable":true,"href":"https:\/\/www.24zabrze.pl\/wiadomosci\/wp-json\/wp\/v2\/users\/17"}],"replies":[{"embeddable":true,"href":"https:\/\/www.24zabrze.pl\/wiadomosci\/wp-json\/wp\/v2\/comments?post=115567"}],"version-history":[{"count":0,"href":"https:\/\/www.24zabrze.pl\/wiadomosci\/wp-json\/wp\/v2\/posts\/115567\/revisions"}],"wp:featuredmedia":[{"embeddable":true,"href":"https:\/\/www.24zabrze.pl\/wiadomosci\/wp-json\/wp\/v2\/media\/112771"}],"wp:attachment":[{"href":"https:\/\/www.24zabrze.pl\/wiadomosci\/wp-json\/wp\/v2\/media?parent=115567"}],"wp:term":[{"taxonomy":"category","embeddable":true,"href":"https:\/\/www.24zabrze.pl\/wiadomosci\/wp-json\/wp\/v2\/categories?post=115567"},{"taxonomy":"post_tag","embeddable":true,"href":"https:\/\/www.24zabrze.pl\/wiadomosci\/wp-json\/wp\/v2\/tags?post=115567"}],"curies":[{"name":"wp","href":"https:\/\/api.w.org\/{rel}","templated":true}]}}