{"id":115539,"date":"2025-12-03T15:08:45","date_gmt":"2025-12-03T14:08:45","guid":{"rendered":"https:\/\/www.24zabrze.pl\/wiadomosci\/?p=115539"},"modified":"2025-12-03T15:08:45","modified_gmt":"2025-12-03T14:08:45","slug":"ubieranie-gigantycznej-choinki-wystepy-artystyczne-i-mini-jarmark-wspolne-koledowanie-z-gornikiem","status":"publish","type":"post","link":"https:\/\/www.24zabrze.pl\/wiadomosci\/ubieranie-gigantycznej-choinki-wystepy-artystyczne-i-mini-jarmark-wspolne-koledowanie-z-gornikiem\/","title":{"rendered":"Ubieranie gigantycznej choinki, wyst\u0119py artystyczne i mini jarmark. Wsp\u00f3lne kol\u0119dowanie z G\u00f3rnikiem"},"content":{"rendered":"<div class=\"zabrz-a6-z-nad-leadem-artykulow zabrz-entity-placement\" id=\"zabrz-2543571164\"><div class=\"zabrz-adlabel\"><span style=\"font-size: 9px\">REKLAMA<\/span><\/div><div id=\"zabrz-1880514920\" style=\"margin-bottom: 30px;margin-left: auto;margin-right: auto;text-align: center;\"><a data-no-instant=\"1\" href=\"https:\/\/dom100.eu\/\" rel=\"noopener\" class=\"a2t-link\" target=\"_blank\" aria-label=\"20260415 DOM100 D\"><img loading=\"lazy\" decoding=\"async\" src=\"https:\/\/www.24zabrze.pl\/wiadomosci\/wp-content\/uploads\/2026\/02\/20260415-DOM100-D.jpg\" alt=\"\"  srcset=\"https:\/\/www.24zabrze.pl\/wiadomosci\/wp-content\/uploads\/2026\/02\/20260415-DOM100-D.jpg 750w, https:\/\/www.24zabrze.pl\/wiadomosci\/wp-content\/uploads\/2026\/02\/20260415-DOM100-D-410x109.jpg 410w\" sizes=\"(max-width: 750px) 100vw, 750px\" class=\"no-lazyload\" width=\"750\" height=\"200\"  style=\"display: inline-block; max-width: 100%; height: auto;\" \/><\/a><\/div><\/div><h2>W miko\u0142ajkow\u0105 sobot\u0119, 6 grudnia, odb\u0119dzie si\u0119 ostatnie w tym roku wsp\u00f3lne wydarzenie przy ul. Roosevelta 81. Organizatorzy przygotowali atrakcje zar\u00f3wno dla dzieci, jak i doros\u0142ych.<\/h2>\n<p>Oficjalna cz\u0119\u015b\u0107 sceniczna rozpocznie si\u0119 o godzinie 16:00. Zaplanowano kol\u0119dowanie z zespo\u0142em TerazMy. Wcze\u015bniej, bo o 13:30 na Promenadzie Areny Zabrze wystartuje specjalna \u015bwi\u0105teczna wioska. Tam czeka\u0107 b\u0119dzie wiele atrakcji &#8211; specjalne \u015bwi\u0105teczne warsztaty, wsp\u00f3lne ubieranie gigantycznej choinki, wyst\u0119py artystyczne, mini jarmark \u015bwi\u0105teczny, na czele z regionalnymi przysmakami prosto z Istebnej. Wydarzenie b\u0119dzie okazj\u0105 do sp\u0119dzenia czasu w \u015bwi\u0105tecznej atmosferze oraz przygotowania si\u0119 do nadchodz\u0105cych dni pe\u0142nych tradycji i wyj\u0105tkowych spotka\u0144.<\/p><div class=\"zabrz-a3-z-w-tresci-artykulow zabrz-entity-placement\" id=\"zabrz-1911020071\"><div class=\"zabrz-adlabel\"><span style=\"font-size: 9px\">REKLAMA<\/span><\/div><div id=\"zabrz-2468160397\" style=\"margin-bottom: 40px;margin-left: auto;margin-right: auto;text-align: center;\"><a data-no-instant=\"1\" href=\"https:\/\/ogrodyandersa.pl\/\" rel=\"noopener\" class=\"a2t-link\" target=\"_blank\" aria-label=\"20260415 Ogrody Andersa WYBIERZ MIESZKANIE D\"><img loading=\"lazy\" decoding=\"async\" src=\"https:\/\/www.24zabrze.pl\/wiadomosci\/wp-content\/uploads\/2026\/02\/20260415-Ogrody-Andersa-WYBIERZ-MIESZKANIE-D.jpg\" alt=\"\"  srcset=\"https:\/\/www.24zabrze.pl\/wiadomosci\/wp-content\/uploads\/2026\/02\/20260415-Ogrody-Andersa-WYBIERZ-MIESZKANIE-D.jpg 750w, https:\/\/www.24zabrze.pl\/wiadomosci\/wp-content\/uploads\/2026\/02\/20260415-Ogrody-Andersa-WYBIERZ-MIESZKANIE-D-410x109.jpg 410w\" sizes=\"(max-width: 750px) 100vw, 750px\" class=\"no-lazyload\" width=\"750\" height=\"200\"  style=\"display: inline-block; max-width: 100%; height: auto;\" \/><\/a><\/div><\/div>\n<blockquote><p><em>Koniecznie zarezerwujcie sobie dat\u0119 6 grudnia. W Miko\u0142ajki zapraszamy Was po raz drugi w historii na wsp\u00f3lne kol\u0119dowanie. Sp\u0119d\u017amy razem magiczne, grudniowe popo\u0142udnie<\/em> <\/p><\/blockquote>\n<p>&#8211; zapowiada G\u00f3rnik Zabrze. <\/p>\n<p>Pierwsz\u0105 ods\u0142on\u0119 wsp\u00f3lnego kol\u0119dowania na stadionie zorganizowano w 2024 roku. W\u00f3wczas kilka tysi\u0119cy kibic\u00f3w przyj\u0119\u0142o zaproszenie do zabawy. &#8211; <em>By\u0142o rado\u015bnie z zachowaniem \u015bwi\u0105tecznego nastroju oraz Tr\u00f3jkolorowych akcent\u00f3w. Jako, \u017ce pomys\u0142 si\u0119 przyj\u0105\u0142, a Wy drodzy Kibice ciep\u0142o i pozytywnie ocenili\u015bcie ubieg\u0142oroczn\u0105 imprez\u0119, w tym roku idziemy za ciosem! Na jeszcze wi\u0119ksz\u0105 skal\u0119<\/em> &#8211; podkre\u015bla klub.<\/p>\n<p><iframe loading=\"lazy\" width=\"810\" height=\"455\" src=\"https:\/\/www.youtube.com\/embed\/cMcCa0NDg8M?si=Xqve5r8V-19hUfCn\" title=\"YouTube video player\" frameborder=\"0\" allow=\"accelerometer; autoplay; clipboard-write; encrypted-media; gyroscope; picture-in-picture; web-share\" referrerpolicy=\"strict-origin-when-cross-origin\" allowfullscreen><\/iframe><\/p>\n<p>&#8211; <em>Mo\u017cecie by\u0107 pewni, \u017ce atmosfera b\u0119dzie niezwykle gor\u0105ca, a zar\u00f3wno wyst\u0119p, jak i wsp\u00f3lne kol\u0119dowanie ka\u017cdego kibica Tr\u00f3jkolorowych wprowadzi w niezwyk\u0142\u0105 atmosfer\u0119 \u015bwi\u0105t Bo\u017cego Narodzenia<\/em> &#8211; dodaje G\u00f3rnik Zabrze. <\/p>\n<h4>Wej\u015bci\u00f3wki na wydarzenie mo\u017cna naby\u0107 na stronie <a href=\"http:\/\/bilety.gornikzabrze.pl\" target=\"_blank\">bilety.gornikzabrze.pl<\/a>). Kibice b\u0119d\u0105 mieli mo\u017cliwo\u015b\u0107 wyboru wej\u015bci\u00f3wki w trzech r\u00f3\u017cnych wariantach cenowych (10\/20\/50 z\u0142).<\/h4>\n<p>&#8211; <em>To tylko od Was zale\u017ce\u0107 b\u0119dzie, jak\u0105 kwot\u0105 chcecie wspom\u00f3c Klub. Dodajmy, \u017ce posiadacze karnet\u00f3w b\u0119d\u0105 mieli mo\u017cliwo\u015b\u0107 wygenerowania darmowej wej\u015bci\u00f3wki, cho\u0107 i im pozostawiamy mo\u017cliwo\u015b\u0107 dodatkowego wsparcia Klubu<\/em> &#8211; podsumowuj\u0105 Tr\u00f3jkolorowi.<\/p>\n<p>(\u017cms)\/G\u00f3rnik Zabrze\/UM Zabrze<br \/>\nfot. G\u00f3rnik Zabrze<\/p>\n<p><img loading=\"lazy\" decoding=\"async\" src=\"https:\/\/miastozabrze.pl\/wp-content\/uploads\/2025\/12\/590238792_1288028410032324_6261389061458296957_n.jpg\" width=\"1080\" height=\"1350\" class=\"alignnone size-full\" \/><\/p>\n","protected":false},"excerpt":{"rendered":"<p>W miko\u0142ajkow\u0105 sobot\u0119, 6 grudnia, odb\u0119dzie si\u0119 ostatnie w tym roku wsp\u00f3lne wydarzenie przy ul. Roosevelta 81. Organizatorzy przygotowali atrakcje zar\u00f3wno dla dzieci, jak i doros\u0142ych. Oficjalna cz\u0119\u015b\u0107 sceniczna rozpocznie si\u0119 o godzinie 16:00. Zaplanowano kol\u0119dowanie z zespo\u0142em TerazMy. Wcze\u015bniej, bo o 13:30 na Promenadzie Areny Zabrze wystartuje specjalna \u015bwi\u0105teczna wioska. Tam czeka\u0107 b\u0119dzie wiele [&hellip;]<\/p>\n","protected":false},"author":17,"featured_media":115542,"comment_status":"closed","ping_status":"closed","sticky":false,"template":"","format":"standard","meta":{"_monsterinsights_skip_tracking":false,"_monsterinsights_sitenote_active":false,"_monsterinsights_sitenote_note":"","_monsterinsights_sitenote_category":0,"footnotes":"","_links_to":"","_links_to_target":""},"categories":[11756,9,1],"tags":[12811],"class_list":["post-115539","post","type-post","status-publish","format-standard","has-post-thumbnail","hentry","category-kultura","category-stronaglowna","category-wszystko","tag-koledowanie"],"_links":{"self":[{"href":"https:\/\/www.24zabrze.pl\/wiadomosci\/wp-json\/wp\/v2\/posts\/115539","targetHints":{"allow":["GET"]}}],"collection":[{"href":"https:\/\/www.24zabrze.pl\/wiadomosci\/wp-json\/wp\/v2\/posts"}],"about":[{"href":"https:\/\/www.24zabrze.pl\/wiadomosci\/wp-json\/wp\/v2\/types\/post"}],"author":[{"embeddable":true,"href":"https:\/\/www.24zabrze.pl\/wiadomosci\/wp-json\/wp\/v2\/users\/17"}],"replies":[{"embeddable":true,"href":"https:\/\/www.24zabrze.pl\/wiadomosci\/wp-json\/wp\/v2\/comments?post=115539"}],"version-history":[{"count":0,"href":"https:\/\/www.24zabrze.pl\/wiadomosci\/wp-json\/wp\/v2\/posts\/115539\/revisions"}],"wp:featuredmedia":[{"embeddable":true,"href":"https:\/\/www.24zabrze.pl\/wiadomosci\/wp-json\/wp\/v2\/media\/115542"}],"wp:attachment":[{"href":"https:\/\/www.24zabrze.pl\/wiadomosci\/wp-json\/wp\/v2\/media?parent=115539"}],"wp:term":[{"taxonomy":"category","embeddable":true,"href":"https:\/\/www.24zabrze.pl\/wiadomosci\/wp-json\/wp\/v2\/categories?post=115539"},{"taxonomy":"post_tag","embeddable":true,"href":"https:\/\/www.24zabrze.pl\/wiadomosci\/wp-json\/wp\/v2\/tags?post=115539"}],"curies":[{"name":"wp","href":"https:\/\/api.w.org\/{rel}","templated":true}]}}