{"id":115536,"date":"2025-12-02T14:53:52","date_gmt":"2025-12-02T13:53:52","guid":{"rendered":"https:\/\/www.24zabrze.pl\/wiadomosci\/?p=115536"},"modified":"2025-12-02T14:53:52","modified_gmt":"2025-12-02T13:53:52","slug":"rokitnicki-jarmark-swiateczny-rekodzielo-pierniki-grzane-wino-i-atrakcje-artystyczne","status":"publish","type":"post","link":"https:\/\/www.24zabrze.pl\/wiadomosci\/rokitnicki-jarmark-swiateczny-rekodzielo-pierniki-grzane-wino-i-atrakcje-artystyczne\/","title":{"rendered":"Rokitnicki Jarmark \u015awi\u0105teczny. R\u0119kodzie\u0142o, pierniki, grzane wino i atrakcje artystyczne"},"content":{"rendered":"<div class=\"zabrz-a6-z-nad-leadem-artykulow zabrz-entity-placement\" id=\"zabrz-630854767\"><div class=\"zabrz-adlabel\"><span style=\"font-size: 9px\">REKLAMA<\/span><\/div><div id=\"zabrz-3783123055\" style=\"margin-bottom: 30px;margin-left: auto;margin-right: auto;text-align: center;\"><a data-no-instant=\"1\" href=\"https:\/\/dom100.eu\/\" rel=\"noopener\" class=\"a2t-link\" target=\"_blank\" aria-label=\"20260415 DOM100 D\"><img loading=\"lazy\" decoding=\"async\" src=\"https:\/\/www.24zabrze.pl\/wiadomosci\/wp-content\/uploads\/2026\/02\/20260415-DOM100-D.jpg\" alt=\"\"  srcset=\"https:\/\/www.24zabrze.pl\/wiadomosci\/wp-content\/uploads\/2026\/02\/20260415-DOM100-D.jpg 750w, https:\/\/www.24zabrze.pl\/wiadomosci\/wp-content\/uploads\/2026\/02\/20260415-DOM100-D-410x109.jpg 410w\" sizes=\"(max-width: 750px) 100vw, 750px\" class=\"no-lazyload\" width=\"750\" height=\"200\"  style=\"display: inline-block; max-width: 100%; height: auto;\" \/><\/a><\/div><\/div><h2>Stowarzyszenie Kartel Kulturalny zaprasza na dziewi\u0105t\u0105 edycj\u0119 Rokitnickiego Jarmarku \u015awi\u0105tecznego, kt\u00f3ra odb\u0119dzie si\u0119 7 grudnia 2025 r. na placu przy kamienicy przy ul. Krakowskiej 25 w Zabrzu. To doskona\u0142a okazja, aby kupi\u0107 prezenty pod choink\u0119, ozdoby \u015bwi\u0105teczne oraz spr\u00f3bowa\u0107 regionalnych przysmak\u00f3w.<\/h2>\n<p>W wydarzeniu we\u017amie udzia\u0142 kilkana\u015bcie stoisk oferuj\u0105cych r\u0119kodzie\u0142o, prezenty, pierniki i produkty zwi\u0105zane z Bo\u017cym Narodzeniem. Dla uczestnik\u00f3w przygotowano r\u00f3wnie\u017c smaczne potrawy serwowane przez Hanys\u00f3w oraz grzane wino. Na scenie przewidziano liczne atrakcje artystyczne \u2013 szczeg\u00f3\u0142owy program zostanie og\u0142oszony wkr\u00f3tce.<\/p><div class=\"zabrz-a3-z-w-tresci-artykulow zabrz-entity-placement\" id=\"zabrz-982297932\"><div class=\"zabrz-adlabel\"><span style=\"font-size: 9px\">REKLAMA<\/span><\/div><div id=\"zabrz-2843403368\" style=\"margin-bottom: 40px;margin-left: auto;margin-right: auto;text-align: center;\"><a data-no-instant=\"1\" href=\"https:\/\/ogrodyandersa.pl\/\" rel=\"noopener\" class=\"a2t-link\" target=\"_blank\" aria-label=\"20260415 Ogrody Andersa WYBIERZ MIESZKANIE D\"><img loading=\"lazy\" decoding=\"async\" src=\"https:\/\/www.24zabrze.pl\/wiadomosci\/wp-content\/uploads\/2026\/02\/20260415-Ogrody-Andersa-WYBIERZ-MIESZKANIE-D.jpg\" alt=\"\"  srcset=\"https:\/\/www.24zabrze.pl\/wiadomosci\/wp-content\/uploads\/2026\/02\/20260415-Ogrody-Andersa-WYBIERZ-MIESZKANIE-D.jpg 750w, https:\/\/www.24zabrze.pl\/wiadomosci\/wp-content\/uploads\/2026\/02\/20260415-Ogrody-Andersa-WYBIERZ-MIESZKANIE-D-410x109.jpg 410w\" sizes=\"(max-width: 750px) 100vw, 750px\" class=\"no-lazyload\" width=\"750\" height=\"200\"  style=\"display: inline-block; max-width: 100%; height: auto;\" \/><\/a><\/div><\/div>\n<h4>Jarmark odbywa si\u0119 we wsp\u00f3\u0142pracy z Centrum Sprawiedliwej Transformacji w Zabrzu, a wsp\u00f3\u0142organizatorami s\u0105 Rada Dzielnicy Rokitnica oraz Miasto Zabrze. <\/h4>\n<p>Projekt realizowany jest w ramach Funduszy Europejskich dla \u015al\u0105skiego 2021\u20132027, Fundusz na rzecz Sprawiedliwej Transformacji (Priorytet FESL.10.00, Dzia\u0142anie FESL.10.24 \u2013 W\u0142\u0105czenie spo\u0142eczne \u2013 wzmocnienie procesu sprawiedliwej transformacji).<\/p>\n<p>Godziny wydarzenia: 10:00\u201319:00. <\/p>\n<p>(\u017cms)\/UM Zabrze<br \/>\nfot. pixabay.com<\/p>\n<p><img loading=\"lazy\" decoding=\"async\" src=\"https:\/\/miastozabrze.pl\/wp-content\/uploads\/2025\/11\/Kopia-%E2%80%93-tlo1-2025-11-25T122637.856-870x440.png\" width=\"870\" height=\"440\" class=\"alignnone size-full\" \/><\/p>\n","protected":false},"excerpt":{"rendered":"<p>Stowarzyszenie Kartel Kulturalny zaprasza na dziewi\u0105t\u0105 edycj\u0119 Rokitnickiego Jarmarku \u015awi\u0105tecznego, kt\u00f3ra odb\u0119dzie si\u0119 7 grudnia 2025 r. na placu przy kamienicy przy ul. Krakowskiej 25 w Zabrzu. To doskona\u0142a okazja, aby kupi\u0107 prezenty pod choink\u0119, ozdoby \u015bwi\u0105teczne oraz spr\u00f3bowa\u0107 regionalnych przysmak\u00f3w. W wydarzeniu we\u017amie udzia\u0142 kilkana\u015bcie stoisk oferuj\u0105cych r\u0119kodzie\u0142o, prezenty, pierniki i produkty zwi\u0105zane z [&hellip;]<\/p>\n","protected":false},"author":17,"featured_media":107333,"comment_status":"closed","ping_status":"closed","sticky":false,"template":"","format":"standard","meta":{"_monsterinsights_skip_tracking":false,"_monsterinsights_sitenote_active":false,"_monsterinsights_sitenote_note":"","_monsterinsights_sitenote_category":0,"footnotes":"","_links_to":"","_links_to_target":""},"categories":[11756,1],"tags":[],"class_list":["post-115536","post","type-post","status-publish","format-standard","has-post-thumbnail","hentry","category-kultura","category-wszystko"],"_links":{"self":[{"href":"https:\/\/www.24zabrze.pl\/wiadomosci\/wp-json\/wp\/v2\/posts\/115536","targetHints":{"allow":["GET"]}}],"collection":[{"href":"https:\/\/www.24zabrze.pl\/wiadomosci\/wp-json\/wp\/v2\/posts"}],"about":[{"href":"https:\/\/www.24zabrze.pl\/wiadomosci\/wp-json\/wp\/v2\/types\/post"}],"author":[{"embeddable":true,"href":"https:\/\/www.24zabrze.pl\/wiadomosci\/wp-json\/wp\/v2\/users\/17"}],"replies":[{"embeddable":true,"href":"https:\/\/www.24zabrze.pl\/wiadomosci\/wp-json\/wp\/v2\/comments?post=115536"}],"version-history":[{"count":0,"href":"https:\/\/www.24zabrze.pl\/wiadomosci\/wp-json\/wp\/v2\/posts\/115536\/revisions"}],"wp:featuredmedia":[{"embeddable":true,"href":"https:\/\/www.24zabrze.pl\/wiadomosci\/wp-json\/wp\/v2\/media\/107333"}],"wp:attachment":[{"href":"https:\/\/www.24zabrze.pl\/wiadomosci\/wp-json\/wp\/v2\/media?parent=115536"}],"wp:term":[{"taxonomy":"category","embeddable":true,"href":"https:\/\/www.24zabrze.pl\/wiadomosci\/wp-json\/wp\/v2\/categories?post=115536"},{"taxonomy":"post_tag","embeddable":true,"href":"https:\/\/www.24zabrze.pl\/wiadomosci\/wp-json\/wp\/v2\/tags?post=115536"}],"curies":[{"name":"wp","href":"https:\/\/api.w.org\/{rel}","templated":true}]}}