{"id":115531,"date":"2025-12-02T14:39:14","date_gmt":"2025-12-02T13:39:14","guid":{"rendered":"https:\/\/www.24zabrze.pl\/wiadomosci\/?p=115531"},"modified":"2025-12-02T14:39:14","modified_gmt":"2025-12-02T13:39:14","slug":"nowy-naczelnik-wydzialu-edukacji-w-urzedzie-miejskim-to-wieloletni-dyrektor-zabrzanskiej-szkoly","status":"publish","type":"post","link":"https:\/\/www.24zabrze.pl\/wiadomosci\/nowy-naczelnik-wydzialu-edukacji-w-urzedzie-miejskim-to-wieloletni-dyrektor-zabrzanskiej-szkoly\/","title":{"rendered":"Nowy Naczelnik Wydzia\u0142u Edukacji w Urz\u0119dzie Miejskim. To wieloletni dyrektor zabrza\u0144skiej szko\u0142y"},"content":{"rendered":"<div class=\"zabrz-a6-z-nad-leadem-artykulow zabrz-entity-placement\" id=\"zabrz-3682995273\"><div class=\"zabrz-adlabel\"><span style=\"font-size: 9px\">REKLAMA<\/span><\/div><div id=\"zabrz-151676777\" style=\"margin-bottom: 30px;margin-left: auto;margin-right: auto;text-align: center;\"><a data-no-instant=\"1\" href=\"https:\/\/dom100.eu\/\" rel=\"noopener\" class=\"a2t-link\" target=\"_blank\" aria-label=\"20260415 DOM100 D\"><img loading=\"lazy\" decoding=\"async\" src=\"https:\/\/www.24zabrze.pl\/wiadomosci\/wp-content\/uploads\/2026\/02\/20260415-DOM100-D.jpg\" alt=\"\"  srcset=\"https:\/\/www.24zabrze.pl\/wiadomosci\/wp-content\/uploads\/2026\/02\/20260415-DOM100-D.jpg 750w, https:\/\/www.24zabrze.pl\/wiadomosci\/wp-content\/uploads\/2026\/02\/20260415-DOM100-D-410x109.jpg 410w\" sizes=\"(max-width: 750px) 100vw, 750px\" class=\"no-lazyload\" width=\"750\" height=\"200\"  style=\"display: inline-block; max-width: 100%; height: auto;\" \/><\/a><\/div><\/div><h2>W wyniku post\u0119powania konkursowego na stanowisko Naczelnika Wydzia\u0142u Edukacji w Urz\u0119dzie Miejskim w Zabrzu zosta\u0142 wy\u0142oniony \u0141ukasz Rogowski. Funkcj\u0119 obj\u0105\u0142 1 grudnia 2025 roku.<\/h2>\n<p>&#8211; <em>Pan <strong>\u0141ukasz Rogowski<\/strong>, lat 44, mieszkaniec Zabrza, jest absolwentem SP 33 w Zabrzu, IV Liceum Og\u00f3lnokszta\u0142c\u0105cego im. M. Reja w Zabrzu oraz Wydzia\u0142u Historycznego Uniwersytetu Jagiello\u0144skiego w Krakowie. Posiada specjalizacj\u0119 pedagogiczn\u0105 i archiwistyczn\u0105 oraz kwalifikacje z zakresu zarz\u0105dzania w o\u015bwiacie. Obecnie ko\u0144czy studia podyplomowe MBA \u2013 dla skutecznych lider\u00f3w samorz\u0105dowych na Uniwersytecie Ekonomicznym w Katowicach<\/em> &#8211; informuje Urz\u0105d Miejski w Zabrzu. <\/p><div class=\"zabrz-a3-z-w-tresci-artykulow zabrz-entity-placement\" id=\"zabrz-1104815678\"><div class=\"zabrz-adlabel\"><span style=\"font-size: 9px\">REKLAMA<\/span><\/div><div id=\"zabrz-3081065401\" style=\"margin-bottom: 40px;margin-left: auto;margin-right: auto;text-align: center;\"><a data-no-instant=\"1\" href=\"https:\/\/ogrodyandersa.pl\/\" rel=\"noopener\" class=\"a2t-link\" target=\"_blank\" aria-label=\"20260415 Ogrody Andersa WYBIERZ MIESZKANIE D\"><img loading=\"lazy\" decoding=\"async\" src=\"https:\/\/www.24zabrze.pl\/wiadomosci\/wp-content\/uploads\/2026\/02\/20260415-Ogrody-Andersa-WYBIERZ-MIESZKANIE-D.jpg\" alt=\"\"  srcset=\"https:\/\/www.24zabrze.pl\/wiadomosci\/wp-content\/uploads\/2026\/02\/20260415-Ogrody-Andersa-WYBIERZ-MIESZKANIE-D.jpg 750w, https:\/\/www.24zabrze.pl\/wiadomosci\/wp-content\/uploads\/2026\/02\/20260415-Ogrody-Andersa-WYBIERZ-MIESZKANIE-D-410x109.jpg 410w\" sizes=\"(max-width: 750px) 100vw, 750px\" class=\"no-lazyload\" width=\"750\" height=\"200\"  style=\"display: inline-block; max-width: 100%; height: auto;\" \/><\/a><\/div><\/div>\n<blockquote><p><em>Z o\u015bwiat\u0105 zwi\u0105zany jest od 2005 roku, pracuj\u0105c w SP nr 33 im. Henryka Jordana (wcze\u015bniej Gimnazjum nr 24) \u2013 najpierw jako nauczyciel, a p\u00f3\u017aniej jako wieloletni dyrektor szko\u0142y. By\u0142 autorem koncepcji i zespo\u0142\u00f3w steruj\u0105cych realizacj\u0105 projekt\u00f3w dofinansowanych z Europejskiego Funduszu Spo\u0142ecznego<\/em><\/p><\/blockquote>\n<p>&#8211; dodaje magistrat. <\/p>\n<p>\u0141ukasz Rogowski pe\u0142ni\u0142 r\u00f3wnie\u017c funkcje w komisjach dyscyplinarnych: w latach 2015\u20132019 by\u0142 cz\u0142onkiem komisji dyscyplinarnej dla nauczycieli przy Wojewodzie \u015al\u0105skim, a decyzj\u0105 Ministra Edukacji zosta\u0142 wpisany na list\u0119 obro\u0144c\u00f3w z urz\u0119du w post\u0119powaniach dyscyplinarnych w pierwszej instancji. Od blisko roku uczestniczy w pracach Zespo\u0142u ds. monitorowania wdra\u017cania Programu Post\u0119powania Ostro\u017cno\u015bciowego dla Miasta Zabrze.<\/p>\n<div id=\"attachment_115534\" style=\"width: 612px\" class=\"wp-caption alignnone\"><img loading=\"lazy\" decoding=\"async\" aria-describedby=\"caption-attachment-115534\" src=\"https:\/\/www.24zabrze.pl\/wiadomosci\/wp-content\/uploads\/2025\/12\/lukasz-rogowski.jpg\" alt=\"\" width=\"602\" height=\"810\" class=\"size-full wp-image-115534\" srcset=\"https:\/\/www.24zabrze.pl\/wiadomosci\/wp-content\/uploads\/2025\/12\/lukasz-rogowski.jpg 602w, https:\/\/www.24zabrze.pl\/wiadomosci\/wp-content\/uploads\/2025\/12\/lukasz-rogowski-172x232.jpg 172w, https:\/\/www.24zabrze.pl\/wiadomosci\/wp-content\/uploads\/2025\/12\/lukasz-rogowski-338x455.jpg 338w\" sizes=\"auto, (max-width: 602px) 100vw, 602px\" \/><p id=\"caption-attachment-115534\" class=\"wp-caption-text\">Oplus_0<\/p><\/div>\n<p>Jego dzia\u0142alno\u015b\u0107 zosta\u0142a wielokrotnie doceniona: trzykrotnie otrzyma\u0142 Nagrod\u0119 Prezydenta Miasta Zabrze (2016, 2017, 2021), a w 2023 roku zosta\u0142 uhonorowany Medalem Komisji Edukacji Narodowej za szczeg\u00f3lne zas\u0142ugi dla o\u015bwiaty i wychowania.<\/p>\n<p>(\u017cms)\/UM Zabrze<\/p>\n","protected":false},"excerpt":{"rendered":"<p>W wyniku post\u0119powania konkursowego na stanowisko Naczelnika Wydzia\u0142u Edukacji w Urz\u0119dzie Miejskim w Zabrzu zosta\u0142 wy\u0142oniony \u0141ukasz Rogowski. Funkcj\u0119 obj\u0105\u0142 1 grudnia 2025 roku. &#8211; Pan \u0141ukasz Rogowski, lat 44, mieszkaniec Zabrza, jest absolwentem SP 33 w Zabrzu, IV Liceum Og\u00f3lnokszta\u0142c\u0105cego im. M. Reja w Zabrzu oraz Wydzia\u0142u Historycznego Uniwersytetu Jagiello\u0144skiego w Krakowie. Posiada specjalizacj\u0119 [&hellip;]<\/p>\n","protected":false},"author":17,"featured_media":108210,"comment_status":"closed","ping_status":"closed","sticky":false,"template":"","format":"standard","meta":{"_monsterinsights_skip_tracking":false,"_monsterinsights_sitenote_active":false,"_monsterinsights_sitenote_note":"","_monsterinsights_sitenote_category":0,"footnotes":"","_links_to":"","_links_to_target":""},"categories":[8,1],"tags":[12810,12809],"class_list":["post-115531","post","type-post","status-publish","format-standard","has-post-thumbnail","hentry","category-referendum","category-wszystko","tag-naczelnik","tag-wydzial-edukacji"],"_links":{"self":[{"href":"https:\/\/www.24zabrze.pl\/wiadomosci\/wp-json\/wp\/v2\/posts\/115531","targetHints":{"allow":["GET"]}}],"collection":[{"href":"https:\/\/www.24zabrze.pl\/wiadomosci\/wp-json\/wp\/v2\/posts"}],"about":[{"href":"https:\/\/www.24zabrze.pl\/wiadomosci\/wp-json\/wp\/v2\/types\/post"}],"author":[{"embeddable":true,"href":"https:\/\/www.24zabrze.pl\/wiadomosci\/wp-json\/wp\/v2\/users\/17"}],"replies":[{"embeddable":true,"href":"https:\/\/www.24zabrze.pl\/wiadomosci\/wp-json\/wp\/v2\/comments?post=115531"}],"version-history":[{"count":0,"href":"https:\/\/www.24zabrze.pl\/wiadomosci\/wp-json\/wp\/v2\/posts\/115531\/revisions"}],"wp:featuredmedia":[{"embeddable":true,"href":"https:\/\/www.24zabrze.pl\/wiadomosci\/wp-json\/wp\/v2\/media\/108210"}],"wp:attachment":[{"href":"https:\/\/www.24zabrze.pl\/wiadomosci\/wp-json\/wp\/v2\/media?parent=115531"}],"wp:term":[{"taxonomy":"category","embeddable":true,"href":"https:\/\/www.24zabrze.pl\/wiadomosci\/wp-json\/wp\/v2\/categories?post=115531"},{"taxonomy":"post_tag","embeddable":true,"href":"https:\/\/www.24zabrze.pl\/wiadomosci\/wp-json\/wp\/v2\/tags?post=115531"}],"curies":[{"name":"wp","href":"https:\/\/api.w.org\/{rel}","templated":true}]}}