{"id":115529,"date":"2025-12-01T16:11:27","date_gmt":"2025-12-01T15:11:27","guid":{"rendered":"https:\/\/www.24zabrze.pl\/wiadomosci\/?p=115529"},"modified":"2025-12-01T16:11:27","modified_gmt":"2025-12-01T15:11:27","slug":"iii-konczycki-jarmark-adwentowy-stoiska-gastronomiczne-rekodzielo-koncert-i-spotkanie-z-mikolajem","status":"publish","type":"post","link":"https:\/\/www.24zabrze.pl\/wiadomosci\/iii-konczycki-jarmark-adwentowy-stoiska-gastronomiczne-rekodzielo-koncert-i-spotkanie-z-mikolajem\/","title":{"rendered":"III Ko\u0144czycki Jarmark Adwentowy. Stoiska gastronomiczne, r\u0119kodzie\u0142o, koncert i spotkanie z Miko\u0142ajem"},"content":{"rendered":"<div class=\"zabrz-a6-z-nad-leadem-artykulow zabrz-entity-placement\" id=\"zabrz-2998863927\"><div class=\"zabrz-adlabel\"><span style=\"font-size: 9px\">REKLAMA<\/span><\/div><div id=\"zabrz-2344700017\" style=\"margin-bottom: 30px;margin-left: auto;margin-right: auto;text-align: center;\"><a data-no-instant=\"1\" href=\"https:\/\/dom100.eu\/\" rel=\"noopener\" class=\"a2t-link\" target=\"_blank\" aria-label=\"20260415 DOM100 D\"><img loading=\"lazy\" decoding=\"async\" src=\"https:\/\/www.24zabrze.pl\/wiadomosci\/wp-content\/uploads\/2026\/02\/20260415-DOM100-D.jpg\" alt=\"\"  srcset=\"https:\/\/www.24zabrze.pl\/wiadomosci\/wp-content\/uploads\/2026\/02\/20260415-DOM100-D.jpg 750w, https:\/\/www.24zabrze.pl\/wiadomosci\/wp-content\/uploads\/2026\/02\/20260415-DOM100-D-410x109.jpg 410w\" sizes=\"(max-width: 750px) 100vw, 750px\" class=\"no-lazyload\" width=\"750\" height=\"200\"  style=\"display: inline-block; max-width: 100%; height: auto;\" \/><\/a><\/div><\/div><h2>III Ko\u0144czycki Jarmark Adwentowy odb\u0119dzie si\u0119 w sobot\u0119, 6 grudnia, w Parku im. kard. Hlonda przy ul. Mi\u0142ej. Wydarzenie skierowane jest do mieszka\u0144c\u00f3w, kt\u00f3rzy chc\u0105 poczu\u0107 \u015bwi\u0105teczn\u0105 atmosfer\u0119, skorzysta\u0107 z lokalnych atrakcji i wzi\u0105\u0107 udzia\u0142 w spotkaniu z Miko\u0142ajem.<\/h2>\n<p>Rozpocz\u0119cie wydarzenia zaplanowano na godzin\u0119 16:00. W programie przewidziano: spotkanie ze \u015awi\u0119tym Miko\u0142ajem o godzinie 17:00 oraz koncert Orkiestry D\u0119tej \u201eSo\u015bnicowice\u201d o godzinie 17:45. Impreza zako\u0144czy si\u0119 o godzinie 20:00 i poprowadzi j\u0105 DJ Witek.<\/p><div class=\"zabrz-a3-z-w-tresci-artykulow zabrz-entity-placement\" id=\"zabrz-2078751335\"><div class=\"zabrz-adlabel\"><span style=\"font-size: 9px\">REKLAMA<\/span><\/div><div id=\"zabrz-941625557\" style=\"margin-bottom: 40px;margin-left: auto;margin-right: auto;text-align: center;\"><a data-no-instant=\"1\" href=\"https:\/\/ogrodyandersa.pl\/\" rel=\"noopener\" class=\"a2t-link\" target=\"_blank\" aria-label=\"20260415 Ogrody Andersa WYBIERZ MIESZKANIE D\"><img loading=\"lazy\" decoding=\"async\" src=\"https:\/\/www.24zabrze.pl\/wiadomosci\/wp-content\/uploads\/2026\/02\/20260415-Ogrody-Andersa-WYBIERZ-MIESZKANIE-D.jpg\" alt=\"\"  srcset=\"https:\/\/www.24zabrze.pl\/wiadomosci\/wp-content\/uploads\/2026\/02\/20260415-Ogrody-Andersa-WYBIERZ-MIESZKANIE-D.jpg 750w, https:\/\/www.24zabrze.pl\/wiadomosci\/wp-content\/uploads\/2026\/02\/20260415-Ogrody-Andersa-WYBIERZ-MIESZKANIE-D-410x109.jpg 410w\" sizes=\"(max-width: 750px) 100vw, 750px\" class=\"no-lazyload\" width=\"750\" height=\"200\"  style=\"display: inline-block; max-width: 100%; height: auto;\" \/><\/a><\/div><\/div>\n<p>Na uczestnik\u00f3w czeka\u0107 b\u0119d\u0105 stoiska gastronomiczne, r\u0119kodzie\u0142o, stroiki \u015bwi\u0105teczne, zabawki, s\u0142odycze oraz inne atrakcje przygotowane specjalnie na t\u0119 okazj\u0119.<\/p>\n<p>(\u017cms)\/UM Zabrze<\/p>\n<p><img loading=\"lazy\" decoding=\"async\" src=\"https:\/\/miastozabrze.pl\/wp-content\/uploads\/2025\/11\/IMG-20251114-WA0011-1085x1536.jpg\" width=\"1085\" height=\"1536\" class=\"alignnone size-full\" \/><\/p>\n","protected":false},"excerpt":{"rendered":"<p>III Ko\u0144czycki Jarmark Adwentowy odb\u0119dzie si\u0119 w sobot\u0119, 6 grudnia, w Parku im. kard. Hlonda przy ul. Mi\u0142ej. Wydarzenie skierowane jest do mieszka\u0144c\u00f3w, kt\u00f3rzy chc\u0105 poczu\u0107 \u015bwi\u0105teczn\u0105 atmosfer\u0119, skorzysta\u0107 z lokalnych atrakcji i wzi\u0105\u0107 udzia\u0142 w spotkaniu z Miko\u0142ajem. Rozpocz\u0119cie wydarzenia zaplanowano na godzin\u0119 16:00. W programie przewidziano: spotkanie ze \u015awi\u0119tym Miko\u0142ajem o godzinie 17:00 [&hellip;]<\/p>\n","protected":false},"author":17,"featured_media":111838,"comment_status":"closed","ping_status":"closed","sticky":false,"template":"","format":"standard","meta":{"_monsterinsights_skip_tracking":false,"_monsterinsights_sitenote_active":false,"_monsterinsights_sitenote_note":"","_monsterinsights_sitenote_category":0,"footnotes":"","_links_to":"","_links_to_target":""},"categories":[11756,1],"tags":[],"class_list":["post-115529","post","type-post","status-publish","format-standard","has-post-thumbnail","hentry","category-kultura","category-wszystko"],"_links":{"self":[{"href":"https:\/\/www.24zabrze.pl\/wiadomosci\/wp-json\/wp\/v2\/posts\/115529","targetHints":{"allow":["GET"]}}],"collection":[{"href":"https:\/\/www.24zabrze.pl\/wiadomosci\/wp-json\/wp\/v2\/posts"}],"about":[{"href":"https:\/\/www.24zabrze.pl\/wiadomosci\/wp-json\/wp\/v2\/types\/post"}],"author":[{"embeddable":true,"href":"https:\/\/www.24zabrze.pl\/wiadomosci\/wp-json\/wp\/v2\/users\/17"}],"replies":[{"embeddable":true,"href":"https:\/\/www.24zabrze.pl\/wiadomosci\/wp-json\/wp\/v2\/comments?post=115529"}],"version-history":[{"count":0,"href":"https:\/\/www.24zabrze.pl\/wiadomosci\/wp-json\/wp\/v2\/posts\/115529\/revisions"}],"wp:featuredmedia":[{"embeddable":true,"href":"https:\/\/www.24zabrze.pl\/wiadomosci\/wp-json\/wp\/v2\/media\/111838"}],"wp:attachment":[{"href":"https:\/\/www.24zabrze.pl\/wiadomosci\/wp-json\/wp\/v2\/media?parent=115529"}],"wp:term":[{"taxonomy":"category","embeddable":true,"href":"https:\/\/www.24zabrze.pl\/wiadomosci\/wp-json\/wp\/v2\/categories?post=115529"},{"taxonomy":"post_tag","embeddable":true,"href":"https:\/\/www.24zabrze.pl\/wiadomosci\/wp-json\/wp\/v2\/tags?post=115529"}],"curies":[{"name":"wp","href":"https:\/\/api.w.org\/{rel}","templated":true}]}}