{"id":115527,"date":"2025-12-01T15:58:18","date_gmt":"2025-12-01T14:58:18","guid":{"rendered":"https:\/\/www.24zabrze.pl\/wiadomosci\/?p=115527"},"modified":"2025-12-01T15:58:18","modified_gmt":"2025-12-01T14:58:18","slug":"historia-w-dzwiekach-koncert-galowy-w-dmit-z-okazji-75-lecia-filharmonii-zabrzanskiej","status":"publish","type":"post","link":"https:\/\/www.24zabrze.pl\/wiadomosci\/historia-w-dzwiekach-koncert-galowy-w-dmit-z-okazji-75-lecia-filharmonii-zabrzanskiej\/","title":{"rendered":"Historia w d\u017awi\u0119kach. Koncert Galowy w DMiT z okazji 75-lecia Filharmonii Zabrza\u0144skiej."},"content":{"rendered":"<div class=\"zabrz-a6-z-nad-leadem-artykulow zabrz-entity-placement\" id=\"zabrz-2191651546\"><div class=\"zabrz-adlabel\"><span style=\"font-size: 9px\">REKLAMA<\/span><\/div><div id=\"zabrz-3101987626\" style=\"margin-bottom: 30px;margin-left: auto;margin-right: auto;text-align: center;\"><a data-no-instant=\"1\" href=\"https:\/\/dom100.eu\/\" rel=\"noopener\" class=\"a2t-link\" target=\"_blank\" aria-label=\"20260415 DOM100 D\"><img loading=\"lazy\" decoding=\"async\" src=\"https:\/\/www.24zabrze.pl\/wiadomosci\/wp-content\/uploads\/2026\/02\/20260415-DOM100-D.jpg\" alt=\"\"  srcset=\"https:\/\/www.24zabrze.pl\/wiadomosci\/wp-content\/uploads\/2026\/02\/20260415-DOM100-D.jpg 750w, https:\/\/www.24zabrze.pl\/wiadomosci\/wp-content\/uploads\/2026\/02\/20260415-DOM100-D-410x109.jpg 410w\" sizes=\"(max-width: 750px) 100vw, 750px\" class=\"no-lazyload\" width=\"750\" height=\"200\"  style=\"display: inline-block; max-width: 100%; height: auto;\" \/><\/a><\/div><\/div><h2>Filharmonia Zabrza\u0144ska, jedna z najwa\u017cniejszych instytucji kultury w naszym mie\u015bcie, obchodzi w tym roku jubileusz 75-lecia dzia\u0142alno\u015bci. Z tej okazji w Domu Muzyki i Ta\u0144ca odb\u0119dzie si\u0119 wyj\u0105tkowy Koncert Galowy, stanowi\u0105cy ho\u0142d dla bogatej historii oraz dorobku artystycznego Filharmonii.<\/h2>\n<p>Wydarzenie zaplanowano na pi\u0105tek, 5 grudnia. Rozpocz\u0119cie o godzinie 18:00. <\/p><div class=\"zabrz-a3-z-w-tresci-artykulow zabrz-entity-placement\" id=\"zabrz-4091841964\"><div class=\"zabrz-adlabel\"><span style=\"font-size: 9px\">REKLAMA<\/span><\/div><div id=\"zabrz-3708146476\" style=\"margin-bottom: 40px;margin-left: auto;margin-right: auto;text-align: center;\"><a data-no-instant=\"1\" href=\"https:\/\/ogrodyandersa.pl\/\" rel=\"noopener\" class=\"a2t-link\" target=\"_blank\" aria-label=\"20260415 Ogrody Andersa WYBIERZ MIESZKANIE D\"><img loading=\"lazy\" decoding=\"async\" src=\"https:\/\/www.24zabrze.pl\/wiadomosci\/wp-content\/uploads\/2026\/02\/20260415-Ogrody-Andersa-WYBIERZ-MIESZKANIE-D.jpg\" alt=\"\"  srcset=\"https:\/\/www.24zabrze.pl\/wiadomosci\/wp-content\/uploads\/2026\/02\/20260415-Ogrody-Andersa-WYBIERZ-MIESZKANIE-D.jpg 750w, https:\/\/www.24zabrze.pl\/wiadomosci\/wp-content\/uploads\/2026\/02\/20260415-Ogrody-Andersa-WYBIERZ-MIESZKANIE-D-410x109.jpg 410w\" sizes=\"(max-width: 750px) 100vw, 750px\" class=\"no-lazyload\" width=\"750\" height=\"200\"  style=\"display: inline-block; max-width: 100%; height: auto;\" \/><\/a><\/div><\/div>\n<p>Podczas koncertu publiczno\u015b\u0107 wys\u0142ucha programu prezentuj\u0105cego najpi\u0119kniejsze kompozycje zwi\u0105zane z wieloletni\u0105 dzia\u0142alno\u015bci\u0105 Filharmonii. Na scenie wyst\u0105pi\u0105 znakomici soli\u015bci Iwona Socha (sopran) i<strong> Micha\u0142 Kutnik <\/strong>(baryton), a orkiestr\u0119 poprowadzi jej dyrektor, <strong>S\u0142awomir Chrzanowski<\/strong>. Koncert zatytu\u0142owany \u201eHistoria Filharmonii Zabrza\u0144skiej w d\u017awi\u0119kach\u201d b\u0119dzie okazj\u0105 do wspomnie\u0144, podsumowa\u0144 oraz muzycznej podr\u00f3\u017cy przez dzieje instytucji, kt\u00f3ra od lat kszta\u0142tuje \u017cycie kulturalne Zabrza.<\/p>\n<p>Bilety w cenie 40 z\u0142 dost\u0119pne s\u0105 online oraz w kasie Domu Muzyki i Ta\u0144ca. Posiadacze Zabrza\u0144skiej Karty Mieszka\u0144ca oraz legitymacji emeryta mog\u0105 zakupi\u0107 bilet w promocyjnej cenie 20 z\u0142 wy\u0142\u0105cznie w kasie DMiT.<\/p>\n<p>(\u017cms)\/UM Zabrze<br \/>\nfot. UM Zabrze<\/p>\n","protected":false},"excerpt":{"rendered":"<p>Filharmonia Zabrza\u0144ska, jedna z najwa\u017cniejszych instytucji kultury w naszym mie\u015bcie, obchodzi w tym roku jubileusz 75-lecia dzia\u0142alno\u015bci. Z tej okazji w Domu Muzyki i Ta\u0144ca odb\u0119dzie si\u0119 wyj\u0105tkowy Koncert Galowy, stanowi\u0105cy ho\u0142d dla bogatej historii oraz dorobku artystycznego Filharmonii. Wydarzenie zaplanowano na pi\u0105tek, 5 grudnia. Rozpocz\u0119cie o godzinie 18:00. Podczas koncertu publiczno\u015b\u0107 wys\u0142ucha programu prezentuj\u0105cego [&hellip;]<\/p>\n","protected":false},"author":17,"featured_media":102859,"comment_status":"closed","ping_status":"closed","sticky":false,"template":"","format":"standard","meta":{"_monsterinsights_skip_tracking":false,"_monsterinsights_sitenote_active":false,"_monsterinsights_sitenote_note":"","_monsterinsights_sitenote_category":0,"footnotes":"","_links_to":"","_links_to_target":""},"categories":[11756,1],"tags":[],"class_list":["post-115527","post","type-post","status-publish","format-standard","has-post-thumbnail","hentry","category-kultura","category-wszystko"],"_links":{"self":[{"href":"https:\/\/www.24zabrze.pl\/wiadomosci\/wp-json\/wp\/v2\/posts\/115527","targetHints":{"allow":["GET"]}}],"collection":[{"href":"https:\/\/www.24zabrze.pl\/wiadomosci\/wp-json\/wp\/v2\/posts"}],"about":[{"href":"https:\/\/www.24zabrze.pl\/wiadomosci\/wp-json\/wp\/v2\/types\/post"}],"author":[{"embeddable":true,"href":"https:\/\/www.24zabrze.pl\/wiadomosci\/wp-json\/wp\/v2\/users\/17"}],"replies":[{"embeddable":true,"href":"https:\/\/www.24zabrze.pl\/wiadomosci\/wp-json\/wp\/v2\/comments?post=115527"}],"version-history":[{"count":0,"href":"https:\/\/www.24zabrze.pl\/wiadomosci\/wp-json\/wp\/v2\/posts\/115527\/revisions"}],"wp:featuredmedia":[{"embeddable":true,"href":"https:\/\/www.24zabrze.pl\/wiadomosci\/wp-json\/wp\/v2\/media\/102859"}],"wp:attachment":[{"href":"https:\/\/www.24zabrze.pl\/wiadomosci\/wp-json\/wp\/v2\/media?parent=115527"}],"wp:term":[{"taxonomy":"category","embeddable":true,"href":"https:\/\/www.24zabrze.pl\/wiadomosci\/wp-json\/wp\/v2\/categories?post=115527"},{"taxonomy":"post_tag","embeddable":true,"href":"https:\/\/www.24zabrze.pl\/wiadomosci\/wp-json\/wp\/v2\/tags?post=115527"}],"curies":[{"name":"wp","href":"https:\/\/api.w.org\/{rel}","templated":true}]}}