{"id":115498,"date":"2025-11-27T14:43:24","date_gmt":"2025-11-27T13:43:24","guid":{"rendered":"https:\/\/www.24zabrze.pl\/wiadomosci\/?p=115498"},"modified":"2025-11-27T14:43:24","modified_gmt":"2025-11-27T13:43:24","slug":"magia-swiat-w-zabrzu-oficjalne-rozswietlenie-choinki-dekoracje-swietlne-i-jarmarki-w-dzielnicach","status":"publish","type":"post","link":"https:\/\/www.24zabrze.pl\/wiadomosci\/magia-swiat-w-zabrzu-oficjalne-rozswietlenie-choinki-dekoracje-swietlne-i-jarmarki-w-dzielnicach\/","title":{"rendered":"Magia \u015bwi\u0105t w Zabrzu. Oficjalne roz\u015bwietlenie choinki, dekoracje \u015bwietlne i jarmarki w dzielnicach"},"content":{"rendered":"<div class=\"zabrz-a6-z-nad-leadem-artykulow zabrz-entity-placement\" id=\"zabrz-3348968162\"><div class=\"zabrz-adlabel\"><span style=\"font-size: 9px\">REKLAMA<\/span><\/div><div id=\"zabrz-3481165390\" style=\"margin-bottom: 30px;margin-left: auto;margin-right: auto;text-align: center;\"><a data-no-instant=\"1\" href=\"https:\/\/dom100.eu\/\" rel=\"noopener\" class=\"a2t-link\" target=\"_blank\" aria-label=\"20260415 DOM100 D\"><img loading=\"lazy\" decoding=\"async\" src=\"https:\/\/www.24zabrze.pl\/wiadomosci\/wp-content\/uploads\/2026\/02\/20260415-DOM100-D.jpg\" alt=\"\"  srcset=\"https:\/\/www.24zabrze.pl\/wiadomosci\/wp-content\/uploads\/2026\/02\/20260415-DOM100-D.jpg 750w, https:\/\/www.24zabrze.pl\/wiadomosci\/wp-content\/uploads\/2026\/02\/20260415-DOM100-D-410x109.jpg 410w\" sizes=\"(max-width: 750px) 100vw, 750px\" class=\"no-lazyload\" width=\"750\" height=\"200\"  style=\"display: inline-block; max-width: 100%; height: auto;\" \/><\/a><\/div><\/div><h2>W dzielnicowych o\u015brodkach kultury w Zabrzu planowane s\u0105 \u015bwi\u0105teczne jarmarki. Pierwsze wydarzenie ju\u017c 5 grudnia. Dzie\u0144 p\u00f3\u017aniej w centrum miasta odb\u0119dzie si\u0119 oficjalne roz\u015bwietlenie choinki. Wydarzeniu towarzyszy\u0107 b\u0119dzie wyj\u0105tkowa oprawa.<\/h2>\n<p>Inauguracja choinki na placu Wolno\u015bci odb\u0119dzie si\u0119 w sobot\u0119, 6 grudnia, w godzinach 16:30 &#8211; 17:00. W sercu miasta pojawi\u0105 si\u0119 Militarni Miko\u0142aje, czyli bohaterowie jednej z najbardziej rozpoznawalnych akcji miko\u0142ajkowych w regionie. <\/p><div class=\"zabrz-a3-z-w-tresci-artykulow zabrz-entity-placement\" id=\"zabrz-4037861986\"><div class=\"zabrz-adlabel\"><span style=\"font-size: 9px\">REKLAMA<\/span><\/div><div id=\"zabrz-1925144815\" style=\"margin-bottom: 40px;margin-left: auto;margin-right: auto;text-align: center;\"><a data-no-instant=\"1\" href=\"https:\/\/ogrodyandersa.pl\/\" rel=\"noopener\" class=\"a2t-link\" target=\"_blank\" aria-label=\"20260415 Ogrody Andersa WYBIERZ MIESZKANIE D\"><img loading=\"lazy\" decoding=\"async\" src=\"https:\/\/www.24zabrze.pl\/wiadomosci\/wp-content\/uploads\/2026\/02\/20260415-Ogrody-Andersa-WYBIERZ-MIESZKANIE-D.jpg\" alt=\"\"  srcset=\"https:\/\/www.24zabrze.pl\/wiadomosci\/wp-content\/uploads\/2026\/02\/20260415-Ogrody-Andersa-WYBIERZ-MIESZKANIE-D.jpg 750w, https:\/\/www.24zabrze.pl\/wiadomosci\/wp-content\/uploads\/2026\/02\/20260415-Ogrody-Andersa-WYBIERZ-MIESZKANIE-D-410x109.jpg 410w\" sizes=\"(max-width: 750px) 100vw, 750px\" class=\"no-lazyload\" width=\"750\" height=\"200\"  style=\"display: inline-block; max-width: 100%; height: auto;\" \/><\/a><\/div><\/div>\n<p>&#8211; <em>Fundacja Militarnego Miko\u0142aja powsta\u0142a, by kontynuowa\u0107 wieloletni\u0105 inicjatyw\u0119 rozpocz\u0119t\u0105 6 grudnia 2016 roku. Jej misj\u0105 jest edukacja najm\u0142odszych w zakresie bezpiecze\u0144stwa, ochrony \u015brodowiska oraz przybli\u017canie dzieciom s\u0142u\u017cb mundurowych<\/em> &#8211; przypomina miasto. <\/p>\n<p>Organizatorzy zapowiadaj\u0105 widowiskowe atrakcje.<\/p>\n<h4>Ozdoby \u015bwi\u0105teczne w Zabrzu \u2013 spiralne walce roz\u015bwietl\u0105 ulice<\/h4>\n<h5>Dekoracje na ul. Powsta\u0144c\u00f3w \u015al\u0105skich<\/h5>\n<p>Wzd\u0142u\u017c ulicy stanie 12 spiralnych walc\u00f3w \u015bwietlnych. Ka\u017cdy ma 2 metry wysoko\u015bci i aluminiow\u0105 konstrukcj\u0119 pod\u015bwietlon\u0105 ciep\u0142\u0105 biel\u0105 LED. Walce stworz\u0105 \u015bwietlny rytm prowadz\u0105cy w stron\u0119 Centrum.<\/p>\n<h5>\u015awietlna aleja na ul. Wolno\u015bci<\/h5>\n<p>Od Placu Dworcowego do ul. Miarki ustawionych zostanie 48 podobnych walc\u00f3w. Dzi\u0119ki nim powstanie najd\u0142u\u017cszy ci\u0105g \u015bwi\u0105tecznych dekoracji w mie\u015bcie.<\/p>\n<h5>Skromniejsze dekoracje \u2013 pow\u00f3d jest jeden<\/h5>\n<p>Miasto przypomina, \u017ce tegoroczne ozdoby s\u0105 wynajmowane wraz z monta\u017cem, utrzymaniem i demonta\u017cem. Zabrze nie posiada w\u0142asnych dekoracji.<br \/>\nZe wzgl\u0119du na trudn\u0105 sytuacj\u0119 finansow\u0105 i program post\u0119powania ostro\u017cno\u015bciowego ograniczono zakres iluminacji do kluczowych lokalizacji.<\/p>\n<h4>Jarmarki \u015awi\u0105teczne w Zabrzu \u2013 co, gdzie, kiedy?<\/h4>\n<p>&#8211; <em>Miasto \u2013 w rozumieniu Urz\u0119du Miejskiego \u2013 nie organizuje w tym roku jednego, centralnego jarmarku \u015bwi\u0105tecznego. W poszczeg\u00f3lnych dzielnicach odbywa si\u0119 jednak szereg wydarze\u0144 o charakterze jarmark\u00f3w i kiermasz\u00f3w, przygotowanych przez lokalne instytucje i organizacje<\/em> &#8211; informuje <strong>Rafa\u0142 Kulig<\/strong>, rzecznik prasowy zabrza\u0144skiego magistratu. <\/p>\n<h5>\u015awi\u0105teczne jarmarki na mniejsz\u0105 skal\u0119 przewidywane s\u0105 w r\u00f3\u017cnych o\u015brodkach kulturalnych na terenie Zabrza:<\/h4>\n<ul>\n<li>5 grudnia (w pi\u0105tek) o godzinie 16:30 Jarmark \u015awi\u0105teczny odb\u0119dzie si\u0119 w M\u0142odzie\u017cowym Domu Kultury nr 1 w Zabrzu przy ul. Tarnopolskiej 50;<\/li>\n<li>6 grudnia (w sobot\u0119) o godzinie 16:00 odb\u0119dzie III Ko\u0144czycki Jarmark Adwentowy w Parku im. kard. Hlonda;<\/li>\n<li>7 grudnia (w niedziel\u0119) o godz. 10:00 odb\u0119dzie si\u0119 Rokitnicki Jarmark \u015awi\u0105teczny 2025 przy ul. Krakowskiej 25 organizowany przez Stowarzyszenie Kartel Kulturalny;<\/li>\n<li>12 grudnia (w pi\u0105tek) w godzinach 16:00 \u2013 19:00 odb\u0119dzie si\u0119 \u201eIV Jarmark Adwentowy na Zandce\u201d organizowany przez MOPR Zabrze w Centrum Us\u0142ug Spo\u0142ecznych przy ul. Stalmacha 7;<\/li>\n<li>13 grudnia (w sobot\u0119) odb\u0119dzie si\u0119 Jarmark \u015awi\u0105teczny w Dzielnicowym O\u015brodku Kultury w Paw\u0142owie;<\/li>\n<li>14 grudnia (w niedziel\u0119) odb\u0119dzie si\u0119 Jarmark \u015awi\u0105teczny w dzielnicy Zaborze, na terenie MKS Zaborze;<\/li>\n<li>20 grudnia (w sobot\u0119) w Dzielnicowym O\u015brodku Kultury w Biskupicach odb\u0119dzie si\u0119 Light and Love Home in Poland \u2013 przed\u015bwi\u0105teczny jarmark i warsztaty \u015bwi\u0105teczne.<\/li>\n<\/ul>\n<p>(\u017cms)\/UM Zabrze<\/p>\n","protected":false},"excerpt":{"rendered":"<p>W dzielnicowych o\u015brodkach kultury w Zabrzu planowane s\u0105 \u015bwi\u0105teczne jarmarki. Pierwsze wydarzenie ju\u017c 5 grudnia. Dzie\u0144 p\u00f3\u017aniej w centrum miasta odb\u0119dzie si\u0119 oficjalne roz\u015bwietlenie choinki. Wydarzeniu towarzyszy\u0107 b\u0119dzie wyj\u0105tkowa oprawa. Inauguracja choinki na placu Wolno\u015bci odb\u0119dzie si\u0119 w sobot\u0119, 6 grudnia, w godzinach 16:30 &#8211; 17:00. W sercu miasta pojawi\u0105 si\u0119 Militarni Miko\u0142aje, czyli bohaterowie [&hellip;]<\/p>\n","protected":false},"author":17,"featured_media":115504,"comment_status":"closed","ping_status":"closed","sticky":false,"template":"","format":"standard","meta":{"_monsterinsights_skip_tracking":false,"_monsterinsights_sitenote_active":false,"_monsterinsights_sitenote_note":"","_monsterinsights_sitenote_category":0,"footnotes":"","_links_to":"","_links_to_target":""},"categories":[11756,9,1],"tags":[12806],"class_list":["post-115498","post","type-post","status-publish","format-standard","has-post-thumbnail","hentry","category-kultura","category-stronaglowna","category-wszystko","tag-jarmarki"],"_links":{"self":[{"href":"https:\/\/www.24zabrze.pl\/wiadomosci\/wp-json\/wp\/v2\/posts\/115498","targetHints":{"allow":["GET"]}}],"collection":[{"href":"https:\/\/www.24zabrze.pl\/wiadomosci\/wp-json\/wp\/v2\/posts"}],"about":[{"href":"https:\/\/www.24zabrze.pl\/wiadomosci\/wp-json\/wp\/v2\/types\/post"}],"author":[{"embeddable":true,"href":"https:\/\/www.24zabrze.pl\/wiadomosci\/wp-json\/wp\/v2\/users\/17"}],"replies":[{"embeddable":true,"href":"https:\/\/www.24zabrze.pl\/wiadomosci\/wp-json\/wp\/v2\/comments?post=115498"}],"version-history":[{"count":0,"href":"https:\/\/www.24zabrze.pl\/wiadomosci\/wp-json\/wp\/v2\/posts\/115498\/revisions"}],"wp:featuredmedia":[{"embeddable":true,"href":"https:\/\/www.24zabrze.pl\/wiadomosci\/wp-json\/wp\/v2\/media\/115504"}],"wp:attachment":[{"href":"https:\/\/www.24zabrze.pl\/wiadomosci\/wp-json\/wp\/v2\/media?parent=115498"}],"wp:term":[{"taxonomy":"category","embeddable":true,"href":"https:\/\/www.24zabrze.pl\/wiadomosci\/wp-json\/wp\/v2\/categories?post=115498"},{"taxonomy":"post_tag","embeddable":true,"href":"https:\/\/www.24zabrze.pl\/wiadomosci\/wp-json\/wp\/v2\/tags?post=115498"}],"curies":[{"name":"wp","href":"https:\/\/api.w.org\/{rel}","templated":true}]}}