{"id":115490,"date":"2025-11-26T15:15:22","date_gmt":"2025-11-26T14:15:22","guid":{"rendered":"https:\/\/www.24zabrze.pl\/wiadomosci\/?p=115490"},"modified":"2025-11-26T15:15:22","modified_gmt":"2025-11-26T14:15:22","slug":"wybory-do-rad-dzielnic-wyznaczono-termin-do-kiedy-mozna-zglaszac-kandydatow","status":"publish","type":"post","link":"https:\/\/www.24zabrze.pl\/wiadomosci\/wybory-do-rad-dzielnic-wyznaczono-termin-do-kiedy-mozna-zglaszac-kandydatow\/","title":{"rendered":"Wybory do Rad Dzielnic &#8211; wyznaczono termin. Do kiedy mo\u017cna zg\u0142asza\u0107 kandydat\u00f3w?"},"content":{"rendered":"<div class=\"zabrz-a6-z-nad-leadem-artykulow zabrz-entity-placement\" id=\"zabrz-434617602\"><div class=\"zabrz-adlabel\"><span style=\"font-size: 9px\">REKLAMA<\/span><\/div><div id=\"zabrz-28062336\" style=\"margin-bottom: 30px;margin-left: auto;margin-right: auto;text-align: center;\"><a data-no-instant=\"1\" href=\"https:\/\/dom100.eu\/\" rel=\"noopener\" class=\"a2t-link\" target=\"_blank\" aria-label=\"20260415 DOM100 D\"><img loading=\"lazy\" decoding=\"async\" src=\"https:\/\/www.24zabrze.pl\/wiadomosci\/wp-content\/uploads\/2026\/02\/20260415-DOM100-D.jpg\" alt=\"\"  srcset=\"https:\/\/www.24zabrze.pl\/wiadomosci\/wp-content\/uploads\/2026\/02\/20260415-DOM100-D.jpg 750w, https:\/\/www.24zabrze.pl\/wiadomosci\/wp-content\/uploads\/2026\/02\/20260415-DOM100-D-410x109.jpg 410w\" sizes=\"(max-width: 750px) 100vw, 750px\" class=\"no-lazyload\" width=\"750\" height=\"200\"  style=\"display: inline-block; max-width: 100%; height: auto;\" \/><\/a><\/div><\/div><h2>Rada Miasta Zabrze podj\u0119\u0142a decyzj\u0119 o zarz\u0105dzeniu wybor\u00f3w do Rad Dzielnic. G\u0142osowanie odb\u0119dzie si\u0119 22 marca 2026 roku. Wcze\u015bniej mieszka\u0144cy otrzymaj\u0105 pe\u0142n\u0105 informacj\u0119 o kandydatach, obwodach g\u0142osowania i komisjach wyborczych.<\/h2>\n<p>Ka\u017cda dzielnica b\u0119dzie mia\u0142a okre\u015blon\u0105 liczb\u0119 cz\u0142onk\u00f3w w Radzie: wi\u0119kszo\u015b\u0107 dzielnic wybierze 15 radnych, natomiast dla dzielnicy Centrum Po\u0142udnie przewidziano 21 cz\u0142onk\u00f3w. <\/p><div class=\"zabrz-a3-z-w-tresci-artykulow zabrz-entity-placement\" id=\"zabrz-3114545080\"><div class=\"zabrz-adlabel\"><span style=\"font-size: 9px\">REKLAMA<\/span><\/div><div id=\"zabrz-92050008\" style=\"margin-bottom: 40px;margin-left: auto;margin-right: auto;text-align: center;\"><a data-no-instant=\"1\" href=\"https:\/\/ogrodyandersa.pl\/\" rel=\"noopener\" class=\"a2t-link\" target=\"_blank\" aria-label=\"20260415 Ogrody Andersa WYBIERZ MIESZKANIE D\"><img loading=\"lazy\" decoding=\"async\" src=\"https:\/\/www.24zabrze.pl\/wiadomosci\/wp-content\/uploads\/2026\/02\/20260415-Ogrody-Andersa-WYBIERZ-MIESZKANIE-D.jpg\" alt=\"\"  srcset=\"https:\/\/www.24zabrze.pl\/wiadomosci\/wp-content\/uploads\/2026\/02\/20260415-Ogrody-Andersa-WYBIERZ-MIESZKANIE-D.jpg 750w, https:\/\/www.24zabrze.pl\/wiadomosci\/wp-content\/uploads\/2026\/02\/20260415-Ogrody-Andersa-WYBIERZ-MIESZKANIE-D-410x109.jpg 410w\" sizes=\"(max-width: 750px) 100vw, 750px\" class=\"no-lazyload\" width=\"750\" height=\"200\"  style=\"display: inline-block; max-width: 100%; height: auto;\" \/><\/a><\/div><\/div>\n<p>Szczeg\u00f3\u0142owa liczba dla poszczeg\u00f3lnych dzielnic wygl\u0105da nast\u0119puj\u0105co: Biskupice, Centrum P\u00f3\u0142noc, Grzybowice, Guido, Helenka, Ko\u0144czyce, Maciej\u00f3w, Makoszowy, Mikulczyce, Osiedle Miko\u0142aja Kopernika, Osiedle M\u0142odego G\u00f3rnika, Osiedle Tadeusza Kotarbi\u0144skiego, Paw\u0142\u00f3w, Poremba, Rokitnica, Sk\u0142odowskiej-Curie, \u015ar\u00f3dmie\u015bcie, Zaborze Po\u0142udnie, Zaborze P\u00f3\u0142noc i Zandka \u2013 po 15 cz\u0142onk\u00f3w.<\/p>\n<h4>Kalendarz wyborczy przewiduje m.in.:<\/h4>\n<ul>\n<li>powo\u0142anie Miejskiej Komisji Wyborczej do 28 listopada 2025 r.,<\/li>\n<li>podanie do publicznej wiadomo\u015bci informacji o zarz\u0105dzeniu wybor\u00f3w do 12 grudnia 2025 r.,<\/li>\n<li>zako\u0144czenie przyjmowania zg\u0142osze\u0144 kandydat\u00f3w do 23 stycznia 2026 r.,<\/li>\n<li>podanie listy zarejestrowanych kandydat\u00f3w do 20 lutego 2026 r.,<\/li>\n<li>sporz\u0105dzenie spisu wyborc\u00f3w do 20 marca 2026 r.<\/li>\n<\/ul>\n<p>Informacje o wyborach, w tym kalendarz i lista kandydat\u00f3w, b\u0119d\u0105 dost\u0119pne na stronie internetowej Urz\u0119du Miejskiego oraz w formie plakat\u00f3w w dzielnicach.<\/p>\n<p>Wybory do Rad Dzielnic daj\u0105 mo\u017cliwo\u015b\u0107 uzyskania realnego wp\u0142ywu na sprawy lokalne i inicjatywy w dzielnicach. <\/p>\n<p>(\u017cms)\/UM Zabrze<\/p>\n","protected":false},"excerpt":{"rendered":"<p>Rada Miasta Zabrze podj\u0119\u0142a decyzj\u0119 o zarz\u0105dzeniu wybor\u00f3w do Rad Dzielnic. G\u0142osowanie odb\u0119dzie si\u0119 22 marca 2026 roku. Wcze\u015bniej mieszka\u0144cy otrzymaj\u0105 pe\u0142n\u0105 informacj\u0119 o kandydatach, obwodach g\u0142osowania i komisjach wyborczych. Ka\u017cda dzielnica b\u0119dzie mia\u0142a okre\u015blon\u0105 liczb\u0119 cz\u0142onk\u00f3w w Radzie: wi\u0119kszo\u015b\u0107 dzielnic wybierze 15 radnych, natomiast dla dzielnicy Centrum Po\u0142udnie przewidziano 21 cz\u0142onk\u00f3w. Szczeg\u00f3\u0142owa liczba dla [&hellip;]<\/p>\n","protected":false},"author":17,"featured_media":115492,"comment_status":"closed","ping_status":"closed","sticky":false,"template":"","format":"standard","meta":{"_monsterinsights_skip_tracking":false,"_monsterinsights_sitenote_active":false,"_monsterinsights_sitenote_note":"","_monsterinsights_sitenote_category":0,"footnotes":"","_links_to":"","_links_to_target":""},"categories":[5,8,1],"tags":[12805],"class_list":["post-115490","post","type-post","status-publish","format-standard","has-post-thumbnail","hentry","category-prawo","category-referendum","category-wszystko","tag-rady-dzielnic"],"_links":{"self":[{"href":"https:\/\/www.24zabrze.pl\/wiadomosci\/wp-json\/wp\/v2\/posts\/115490","targetHints":{"allow":["GET"]}}],"collection":[{"href":"https:\/\/www.24zabrze.pl\/wiadomosci\/wp-json\/wp\/v2\/posts"}],"about":[{"href":"https:\/\/www.24zabrze.pl\/wiadomosci\/wp-json\/wp\/v2\/types\/post"}],"author":[{"embeddable":true,"href":"https:\/\/www.24zabrze.pl\/wiadomosci\/wp-json\/wp\/v2\/users\/17"}],"replies":[{"embeddable":true,"href":"https:\/\/www.24zabrze.pl\/wiadomosci\/wp-json\/wp\/v2\/comments?post=115490"}],"version-history":[{"count":2,"href":"https:\/\/www.24zabrze.pl\/wiadomosci\/wp-json\/wp\/v2\/posts\/115490\/revisions"}],"predecessor-version":[{"id":115493,"href":"https:\/\/www.24zabrze.pl\/wiadomosci\/wp-json\/wp\/v2\/posts\/115490\/revisions\/115493"}],"wp:featuredmedia":[{"embeddable":true,"href":"https:\/\/www.24zabrze.pl\/wiadomosci\/wp-json\/wp\/v2\/media\/115492"}],"wp:attachment":[{"href":"https:\/\/www.24zabrze.pl\/wiadomosci\/wp-json\/wp\/v2\/media?parent=115490"}],"wp:term":[{"taxonomy":"category","embeddable":true,"href":"https:\/\/www.24zabrze.pl\/wiadomosci\/wp-json\/wp\/v2\/categories?post=115490"},{"taxonomy":"post_tag","embeddable":true,"href":"https:\/\/www.24zabrze.pl\/wiadomosci\/wp-json\/wp\/v2\/tags?post=115490"}],"curies":[{"name":"wp","href":"https:\/\/api.w.org\/{rel}","templated":true}]}}