{"id":115459,"date":"2025-11-24T12:08:10","date_gmt":"2025-11-24T11:08:10","guid":{"rendered":"https:\/\/www.24zabrze.pl\/wiadomosci\/?p=115459"},"modified":"2025-11-24T12:08:10","modified_gmt":"2025-11-24T11:08:10","slug":"nowy-salon-samochodowy-byd-juz-otwarty-w-ofercie-auta-elektryczne-i-hybrydowe","status":"publish","type":"post","link":"https:\/\/www.24zabrze.pl\/wiadomosci\/nowy-salon-samochodowy-byd-juz-otwarty-w-ofercie-auta-elektryczne-i-hybrydowe\/","title":{"rendered":"Nowy salon samochodowy BYD ju\u017c otwarty. W ofercie auta elektryczne i hybrydowe"},"content":{"rendered":"<h2>Nowy salon samochodowy BYD w Gliwicach przy ulicy \u0141ab\u0119dzkiej 26 ju\u017c otwarty. Z tej okazji do ko\u0144ca listopada trwa\u0107 b\u0119d\u0105 Dni Otwarte, a razem z nimi konkursy, s\u0142odko\u015bci i zesp\u00f3\u0142 gotowy odpowiedzie\u0107 na wszystkie pytania. To jednak nie koniec \u015bwi\u0119towania! 6 i 7 grudnia \u0142\u0105czymy uroczysto\u015b\u0107 Otwarcia Parku Handlowego z Miko\u0142ajkami. Przewidziane s\u0105 \u015bwi\u0105teczne atrakcje nie tylko dla najm\u0142odszych. Nie mo\u017ce Was zabrakn\u0105\u0107!<\/h2>\n<p><!--more--><\/p>\n<p>Nowy salon samochodowy mie\u015bci si\u0119 w przebudowanym pawilonie po dawnym Tesco Extra. W ofercie znajduj\u0105 si\u0119 pojazdy elektryczne oraz hybrydowe. Co je wyr\u00f3\u017cnia? Warto zajrze\u0107 do nowo otwartego obiektu i przekona\u0107 si\u0119 osobi\u015bcie. Wi\u0119cej szczeg\u00f3\u0142\u00f3w znajdziecie te\u017c w poni\u017cszym materiale dealera marki BYD.<\/p>\n<h4>Jeden kierunek \u2013 elektromobilno\u015b\u0107<\/h4>\n<p>Jako dealer marki BYD zaufali\u015bmy jej rozwi\u0105zaniom technologicznym. W naszym salonie w Gliwicach prezentujemy samochody elektryczne i hybrydowe, kt\u00f3re realnie zmieniaj\u0105 oblicza elektromobilno\u015bci. Samochody s\u0105 wydajne, bezpieczne (zdobywaj\u0105 5 gwiazdek w Euro NCAP) oraz technologicznie rozwini\u0119te (systemy bezpiecze\u0144stwa, systemy wspieraj\u0105ce kierowc\u0119, kamery 360 i wiele wi\u0119cej). Przy tym s\u0105 komfortowe, pojemne i wygl\u0105daj\u0105 zjawiskowo, zar\u00f3wno w \u015brodku, jak i z zewn\u0105trz.<\/p>\n<h4>To nas przekona\u0142o<\/h4>\n<p>Najwi\u0119ksz\u0105 dum\u0105 BYD jest ich innowatorska Bateria Blade z litowo-\u017celazowo-fosforanowym sk\u0142adem. To gwarant d\u0142ugiej \u017cywotno\u015bci i mniejszego wp\u0142ywu na \u015brodowisko. Nie wytwarza dymu i nie pali si\u0119 w warunkach: przebicia, kruszenia, zgniatania, podgrzewania do 300\u00b0C czy prze\u0142adowywania do 260%, co potwierdzaj\u0105 testy wytrzyma\u0142o\u015bci. Do tego bateria stanowi konstrukcje samochodu, jeszcze bardziej go usztywniaj\u0105c. Ka\u017cdy samoch\u00f3d, kt\u00f3ry prezentujemy w naszym salonie w Gliwicach jest wyposa\u017cony w\u0142a\u015bnie w akumulator Blade.<\/p>\n<p><a href=\"https:\/\/www.24gliwice.pl\/wiadomosci\/wp-content\/uploads\/2025\/11\/byd2.jpg\"><img loading=\"lazy\" decoding=\"async\" class=\"alignnone size-full wp-image-262976\" src=\"https:\/\/www.24gliwice.pl\/wiadomosci\/wp-content\/uploads\/2025\/11\/byd2.jpg\" alt=\"\" width=\"810\" height=\"540\" \/><\/a><\/p>\n<p>Mo\u017cesz zapomnie\u0107 o wielomiesi\u0119cznym czekaniu na samoch\u00f3d, a to dzi\u0119ki bogatemu wyposa\u017ceniu ju\u017c w ka\u017cdej wersji. Musisz wybra\u0107 tylko jedn\u0105 z trzech dost\u0119pnych opcji i kolor lakieru. To rozwi\u0105zanie pozwala na jeszcze sprawniejsze dostarczenie nam pojazd\u00f3w ze stok\u00f3w w Europie, a co za tym idzie, szybsze odebranie ich przez Ciebie!<\/p>\n<p>W naszym dealerstwie postanowili\u015bmy skupi\u0107 si\u0119 na jednej marce. BYD rozwija si\u0119 tak szybko (w tym roku mieli\u015bmy kilka premier nowych pojazd\u00f3w), \u017ce obiecujemy co chwil\u0119 pozytywnie Was zaskakiwa\u0107.<\/p>\n<h4>BYD to tylko samochody elektryczne?<\/h4>\n<p>Nic bardziej mylnego, mamy dla Was przygotowane samochody elektryczne i hybrydowe. \u0141atwo odr\u00f3\u017cni\u0107 typ pojazdu ju\u017c po samej nazwie. Dopisek \u201eDM-i\u201d jest rozwi\u0105zaniem tej zagadki, np. Seal U DM-i. To skr\u00f3t od prze\u0142omowej technologii Dual Mode, kt\u00f3ra odpowiada za efektywno\u015b\u0107 energetyczn\u0105, niskie zu\u017cycie paliwa i wydajno\u015b\u0107 jazdy. To hybrydy typu plug in, kt\u00f3re umo\u017cliwiaj\u0105 \u0142adowanie samochodu i korzystanie tylko z akumulatora elektrycznego. Samoch\u00f3d bliski roz\u0142adowania sam przechodzi w tryb hybrydowy, jednak o ultraniskim zu\u017cyciu paliwa.<\/p>\n<h4>Samochodem BYD trzeba si\u0119 przejecha\u0107!<\/h4>\n<p>Jazda testowa i zobaczenie naszych samochod\u00f3w na w\u0142asne oczy to najlepszy spos\u00f3b na poznanie ich potencja\u0142u i jako\u015bci. Najlepiej zrobi\u0107 to w naszych dw\u00f3ch lokalizacjach BYD ICS moto.<\/p>\n<p><a href=\"https:\/\/www.24gliwice.pl\/wiadomosci\/wp-content\/uploads\/2025\/11\/byd3.jpg\"><img loading=\"lazy\" decoding=\"async\" class=\"alignnone  wp-image-262977\" src=\"https:\/\/www.24gliwice.pl\/wiadomosci\/wp-content\/uploads\/2025\/11\/byd3.jpg\" alt=\"\" width=\"1193\" height=\"1790\" \/><\/a><\/p>\n<p>Do tej pory od marca go\u015bcili\u015bmy Was w naszym pop-up\u2019ie. Jednak ju\u017c teraz mo\u017cemy ugo\u015bci\u0107 Was w nowoczesnym salonie w Gliwicach przy ul. \u0141ab\u0119dzkiej 26, wype\u0142nionym po brzegi na\u0142adowan\u0105 atmosfer\u0105 zar\u00f3wno zespo\u0142u, jak i naszych samochod\u00f3w. Nasi Doradcy Handlowi ch\u0119tnie opowiedz\u0105 zar\u00f3wno o naszej gamie produktowej, jak i o elektromobilno\u015bci czy programie rz\u0105dowego dofinansowania do samochod\u00f3w elektrycznych.<\/p>\n<p>Zapraszamy na zapisy do jazdy testowych: <a href=\"https:\/\/byd-icsmoto.pl\/jazdy-testowe\" target=\"_blank\" rel=\"noopener\">https:\/\/byd-icsmoto.pl\/jazdy-testowe<\/a><\/p>\n<h4>\u015awi\u0119tujmy otwarcie razem<\/h4>\n<p>Przygotowali\u015bmy Dni Otwarte, kt\u00f3re potrwaj\u0105 od 12 listopada do ko\u0144ca miesi\u0105ca. Czeka\u0107 na Was b\u0119d\u0105 r\u00f3\u017cne konkursy, s\u0142odko\u015bci i zesp\u00f3\u0142 gotowy opowiedzie\u0107 na wszystkie w\u0105tpliwo\u015bci. Nie mo\u017cemy si\u0119 doczeka\u0107, by Was ugo\u015bci\u0107. Czekamy na Was przy ul. \u0141ab\u0119dzkiej 26 w Gliwicach!<\/p>\n<p>Jeste\u015bmy te\u017c w Opolu w Centrum Handlowym Karolinka na ul. Wroc\u0142awskiej 154.<\/p>\n<p><small>materia\u0142 partnera<\/small><\/p>\n","protected":false},"excerpt":{"rendered":"<p>Nowy salon samochodowy BYD w Gliwicach przy ulicy \u0141ab\u0119dzkiej 26 ju\u017c otwarty. Z tej okazji do ko\u0144ca listopada trwa\u0107 b\u0119d\u0105 Dni Otwarte, a razem z nimi konkursy, s\u0142odko\u015bci i zesp\u00f3\u0142 gotowy odpowiedzie\u0107 na wszystkie pytania. To jednak nie koniec \u015bwi\u0119towania! 6 i 7 grudnia \u0142\u0105czymy uroczysto\u015b\u0107 Otwarcia Parku Handlowego z Miko\u0142ajkami. Przewidziane s\u0105 \u015bwi\u0105teczne atrakcje [&hellip;]<\/p>\n","protected":false},"author":17,"featured_media":115460,"comment_status":"closed","ping_status":"closed","sticky":false,"template":"","format":"standard","meta":{"_monsterinsights_skip_tracking":false,"_monsterinsights_sitenote_active":false,"_monsterinsights_sitenote_note":"","_monsterinsights_sitenote_category":0,"footnotes":"","_links_to":"","_links_to_target":""},"categories":[1129,1],"tags":[12802],"class_list":["post-115459","post","type-post","status-publish","format-standard","has-post-thumbnail","hentry","category-polecamy","category-wszystko","tag-byd"],"_links":{"self":[{"href":"https:\/\/www.24zabrze.pl\/wiadomosci\/wp-json\/wp\/v2\/posts\/115459","targetHints":{"allow":["GET"]}}],"collection":[{"href":"https:\/\/www.24zabrze.pl\/wiadomosci\/wp-json\/wp\/v2\/posts"}],"about":[{"href":"https:\/\/www.24zabrze.pl\/wiadomosci\/wp-json\/wp\/v2\/types\/post"}],"author":[{"embeddable":true,"href":"https:\/\/www.24zabrze.pl\/wiadomosci\/wp-json\/wp\/v2\/users\/17"}],"replies":[{"embeddable":true,"href":"https:\/\/www.24zabrze.pl\/wiadomosci\/wp-json\/wp\/v2\/comments?post=115459"}],"version-history":[{"count":0,"href":"https:\/\/www.24zabrze.pl\/wiadomosci\/wp-json\/wp\/v2\/posts\/115459\/revisions"}],"wp:featuredmedia":[{"embeddable":true,"href":"https:\/\/www.24zabrze.pl\/wiadomosci\/wp-json\/wp\/v2\/media\/115460"}],"wp:attachment":[{"href":"https:\/\/www.24zabrze.pl\/wiadomosci\/wp-json\/wp\/v2\/media?parent=115459"}],"wp:term":[{"taxonomy":"category","embeddable":true,"href":"https:\/\/www.24zabrze.pl\/wiadomosci\/wp-json\/wp\/v2\/categories?post=115459"},{"taxonomy":"post_tag","embeddable":true,"href":"https:\/\/www.24zabrze.pl\/wiadomosci\/wp-json\/wp\/v2\/tags?post=115459"}],"curies":[{"name":"wp","href":"https:\/\/api.w.org\/{rel}","templated":true}]}}