{"id":115399,"date":"2025-11-18T15:05:11","date_gmt":"2025-11-18T14:05:11","guid":{"rendered":"https:\/\/www.24zabrze.pl\/wiadomosci\/?p=115399"},"modified":"2025-11-18T15:05:11","modified_gmt":"2025-11-18T14:05:11","slug":"kto-wyroznil-sie-zaangazowaniem-i-wsparciem-lokalnej-spolecznosci-konkurs-wolontariusz-roku-2025","status":"publish","type":"post","link":"https:\/\/www.24zabrze.pl\/wiadomosci\/kto-wyroznil-sie-zaangazowaniem-i-wsparciem-lokalnej-spolecznosci-konkurs-wolontariusz-roku-2025\/","title":{"rendered":"Kto wyr\u00f3\u017cni\u0142 si\u0119 zaanga\u017cowaniem i wsparciem lokalnej spo\u0142eczno\u015bci? Konkurs &#8220;Wolontariusz Roku 2025&#8221;"},"content":{"rendered":"<div class=\"zabrz-a6-z-nad-leadem-artykulow zabrz-entity-placement\" id=\"zabrz-3751504611\"><div class=\"zabrz-adlabel\"><span style=\"font-size: 9px\">REKLAMA<\/span><\/div><div id=\"zabrz-3609649783\" style=\"margin-bottom: 30px;margin-left: auto;margin-right: auto;text-align: center;\"><a data-no-instant=\"1\" href=\"https:\/\/dom100.eu\/\" rel=\"noopener\" class=\"a2t-link\" target=\"_blank\" aria-label=\"20260415 DOM100 D\"><img loading=\"lazy\" decoding=\"async\" src=\"https:\/\/www.24zabrze.pl\/wiadomosci\/wp-content\/uploads\/2026\/02\/20260415-DOM100-D.jpg\" alt=\"\"  srcset=\"https:\/\/www.24zabrze.pl\/wiadomosci\/wp-content\/uploads\/2026\/02\/20260415-DOM100-D.jpg 750w, https:\/\/www.24zabrze.pl\/wiadomosci\/wp-content\/uploads\/2026\/02\/20260415-DOM100-D-410x109.jpg 410w\" sizes=\"(max-width: 750px) 100vw, 750px\" class=\"no-lazyload\" width=\"750\" height=\"200\"  style=\"display: inline-block; max-width: 100%; height: auto;\" \/><\/a><\/div><\/div><h2>Kto w Zabrzu zas\u0142u\u017cy\u0142 na tytu\u0142 \u201eWolontariusza Roku 2025\u201d? Prezydent Miasta Zabrze zaprasza organizacje pozarz\u0105dowe, instytucje publiczne oraz inne podmioty wsp\u00f3\u0142pracuj\u0105ce z wolontariuszami do udzia\u0142u w konkursie. Pozosta\u0142o kilka dni na przes\u0142anie zg\u0142oszenia.<\/h2>\n<p>Celem inicjatywy jest wyr\u00f3\u017cnienie os\u00f3b, kt\u00f3re z zaanga\u017cowaniem i bezinteresownie dzia\u0142aj\u0105 na rzecz mieszka\u0144c\u00f3w Zabrza, wspieraj\u0105c rozw\u00f3j lokalnej spo\u0142eczno\u015bci.<\/p><div class=\"zabrz-a3-z-w-tresci-artykulow zabrz-entity-placement\" id=\"zabrz-771755010\"><div class=\"zabrz-adlabel\"><span style=\"font-size: 9px\">REKLAMA<\/span><\/div><div id=\"zabrz-4243680125\" style=\"margin-bottom: 40px;margin-left: auto;margin-right: auto;text-align: center;\"><a data-no-instant=\"1\" href=\"https:\/\/ogrodyandersa.pl\/\" rel=\"noopener\" class=\"a2t-link\" target=\"_blank\" aria-label=\"20260415 Ogrody Andersa WYBIERZ MIESZKANIE D\"><img loading=\"lazy\" decoding=\"async\" src=\"https:\/\/www.24zabrze.pl\/wiadomosci\/wp-content\/uploads\/2026\/02\/20260415-Ogrody-Andersa-WYBIERZ-MIESZKANIE-D.jpg\" alt=\"\"  srcset=\"https:\/\/www.24zabrze.pl\/wiadomosci\/wp-content\/uploads\/2026\/02\/20260415-Ogrody-Andersa-WYBIERZ-MIESZKANIE-D.jpg 750w, https:\/\/www.24zabrze.pl\/wiadomosci\/wp-content\/uploads\/2026\/02\/20260415-Ogrody-Andersa-WYBIERZ-MIESZKANIE-D-410x109.jpg 410w\" sizes=\"(max-width: 750px) 100vw, 750px\" class=\"no-lazyload\" width=\"750\" height=\"200\"  style=\"display: inline-block; max-width: 100%; height: auto;\" \/><\/a><\/div><\/div>\n<p>Tytu\u0142 \u201eWolontariusz Roku\u201d przyznawany jest corocznie w dw\u00f3ch kategoriach \u2013 indywidualnej oraz zespo\u0142owej. Konkurs stanowi wyraz uznania dla os\u00f3b, kt\u00f3re swoj\u0105 postaw\u0105 i dzia\u0142aniem promuj\u0105 ide\u0119 wolontariatu oraz wzmacniaj\u0105 solidarno\u015b\u0107 spo\u0142eczn\u0105.<\/p>\n<p>Zg\u0142oszenia nale\u017cy sk\u0142ada\u0107 na formularzu zg\u0142oszeniowym wraz z wymaganymi za\u0142\u0105cznikami do dnia 21 listopada 2025 roku (liczy si\u0119 data wp\u0142ywu) w Wydziale O\u015bwiaty, Zdrowia i Spraw Spo\u0142ecznych Urz\u0119du Miejskiego w Zabrzu, ul. Wolno\u015bci 286, pok\u00f3j 201, tel. 32 373 34 67, z dopiskiem \u201eWolontariusz Roku 2025\u201d.<\/p>\n<p>Konkurs jest doskona\u0142\u0105 okazj\u0105, by podzi\u0119kowa\u0107 osobom, kt\u00f3re na co dzie\u0144 nios\u0105 pomoc innym i inspiruj\u0105 do dzia\u0142ania na rzecz wsp\u00f3lnego dobra.<\/p>\n<p>Formularze niezb\u0119dne do zg\u0142oszenia, a tak\u017ce regulamin konkursu, <a href=\"https:\/\/miastozabrze.pl\/2025\/11\/06\/rusza-nabor-do-konkursu-wolontariusz-roku-2025\/\" target=\"_blank\">mo\u017cna znale\u017a\u0107 tu. <\/a><\/p>\n<p>(\u017cms)\/UM Zabrze<br \/>\nfot. UM Zabrze<\/p>\n","protected":false},"excerpt":{"rendered":"<p>Kto w Zabrzu zas\u0142u\u017cy\u0142 na tytu\u0142 \u201eWolontariusza Roku 2025\u201d? Prezydent Miasta Zabrze zaprasza organizacje pozarz\u0105dowe, instytucje publiczne oraz inne podmioty wsp\u00f3\u0142pracuj\u0105ce z wolontariuszami do udzia\u0142u w konkursie. Pozosta\u0142o kilka dni na przes\u0142anie zg\u0142oszenia. Celem inicjatywy jest wyr\u00f3\u017cnienie os\u00f3b, kt\u00f3re z zaanga\u017cowaniem i bezinteresownie dzia\u0142aj\u0105 na rzecz mieszka\u0144c\u00f3w Zabrza, wspieraj\u0105c rozw\u00f3j lokalnej spo\u0142eczno\u015bci. Tytu\u0142 \u201eWolontariusz Roku\u201d [&hellip;]<\/p>\n","protected":false},"author":17,"featured_media":115402,"comment_status":"closed","ping_status":"closed","sticky":false,"template":"","format":"standard","meta":{"_monsterinsights_skip_tracking":false,"_monsterinsights_sitenote_active":false,"_monsterinsights_sitenote_note":"","_monsterinsights_sitenote_category":0,"footnotes":"","_links_to":"","_links_to_target":""},"categories":[11756,9,1],"tags":[],"class_list":["post-115399","post","type-post","status-publish","format-standard","has-post-thumbnail","hentry","category-kultura","category-stronaglowna","category-wszystko"],"_links":{"self":[{"href":"https:\/\/www.24zabrze.pl\/wiadomosci\/wp-json\/wp\/v2\/posts\/115399","targetHints":{"allow":["GET"]}}],"collection":[{"href":"https:\/\/www.24zabrze.pl\/wiadomosci\/wp-json\/wp\/v2\/posts"}],"about":[{"href":"https:\/\/www.24zabrze.pl\/wiadomosci\/wp-json\/wp\/v2\/types\/post"}],"author":[{"embeddable":true,"href":"https:\/\/www.24zabrze.pl\/wiadomosci\/wp-json\/wp\/v2\/users\/17"}],"replies":[{"embeddable":true,"href":"https:\/\/www.24zabrze.pl\/wiadomosci\/wp-json\/wp\/v2\/comments?post=115399"}],"version-history":[{"count":0,"href":"https:\/\/www.24zabrze.pl\/wiadomosci\/wp-json\/wp\/v2\/posts\/115399\/revisions"}],"wp:featuredmedia":[{"embeddable":true,"href":"https:\/\/www.24zabrze.pl\/wiadomosci\/wp-json\/wp\/v2\/media\/115402"}],"wp:attachment":[{"href":"https:\/\/www.24zabrze.pl\/wiadomosci\/wp-json\/wp\/v2\/media?parent=115399"}],"wp:term":[{"taxonomy":"category","embeddable":true,"href":"https:\/\/www.24zabrze.pl\/wiadomosci\/wp-json\/wp\/v2\/categories?post=115399"},{"taxonomy":"post_tag","embeddable":true,"href":"https:\/\/www.24zabrze.pl\/wiadomosci\/wp-json\/wp\/v2\/tags?post=115399"}],"curies":[{"name":"wp","href":"https:\/\/api.w.org\/{rel}","templated":true}]}}