{"id":115385,"date":"2025-11-17T18:39:08","date_gmt":"2025-11-17T17:39:08","guid":{"rendered":"https:\/\/www.24zabrze.pl\/wiadomosci\/?p=115385"},"modified":"2025-11-19T15:17:01","modified_gmt":"2025-11-19T14:17:01","slug":"gielda-mineralow-i-bizuterii-ezofest-oraz-festiwal-rekodziela-cudenka-trzy-wydarzenia-w-jednej-lokalizacji","status":"publish","type":"post","link":"https:\/\/www.24zabrze.pl\/wiadomosci\/gielda-mineralow-i-bizuterii-ezofest-oraz-festiwal-rekodziela-cudenka-trzy-wydarzenia-w-jednej-lokalizacji\/","title":{"rendered":"Gie\u0142da Minera\u0142\u00f3w i Bi\u017cuterii, EzoFest oraz Festiwal R\u0119kodzie\u0142a &#8220;Cude\u0144ka&#8221;. Trzy wydarzenia w jednej lokalizacji"},"content":{"rendered":"<h2>W Hali Gliwice przy ul. G\u00f3rnych Wa\u0142\u00f3w odb\u0119d\u0105 si\u0119 trzy wydarzenia, kt\u00f3re co roku ciesz\u0105 si\u0119 ogromnym zainteresowaniem odwiedzaj\u0105cych. To Gie\u0142da Bi\u017cuterii, Minera\u0142\u00f3w i Skamienia\u0142o\u015bci GeoExpo, Festiwal Ezoteryki i Medycyny Naturalnej EzoFest oraz Festiwal R\u0119kodzie\u0142a Cude\u0144ka.<\/h2>\n<p><!--more--><\/p>\n<p>To wszystko zaplanowano w jednym miejscu na weekend &#8211; sobot\u0119 i niedziel\u0119 &#8211; 22 i 23 listopada, w godzinach od 10:00 do 18:00. <\/p>\n<p><a href=\"https:\/\/www.24gliwice.pl\/wiadomosci\/wp-content\/uploads\/2025\/11\/geoexpo-gielda.jpg\"><img loading=\"lazy\" decoding=\"async\" src=\"https:\/\/www.24gliwice.pl\/wiadomosci\/wp-content\/uploads\/2025\/11\/geoexpo-gielda.jpg\" alt=\"\" width=\"810\" height=\"424\" class=\"alignnone size-full wp-image-262946\" \/><\/a><\/p>\n<p><strong>Gie\u0142da Bi\u017cuterii, Minera\u0142\u00f3w i Skamienia\u0142o\u015bci GeoExpo<\/strong> to wyj\u0105tkowe targi dla kolekcjoner\u00f3w i mi\u0142o\u015bnik\u00f3w naturalnego pi\u0119kna. Mo\u017cna znale\u017a\u0107 tam rzadkie minera\u0142y, skamienia\u0142o\u015bci oraz unikatow\u0105 bi\u017cuteri\u0119 inspirowan\u0105 natur\u0105.<\/p>\n<p><a href=\"https:\/\/www.24gliwice.pl\/wiadomosci\/wp-content\/uploads\/2025\/11\/geoexpo-ezofest.jpg\"><img loading=\"lazy\" decoding=\"async\" src=\"https:\/\/www.24gliwice.pl\/wiadomosci\/wp-content\/uploads\/2025\/11\/geoexpo-ezofest.jpg\" alt=\"\" width=\"810\" height=\"424\" class=\"alignnone size-full wp-image-262940\" \/><\/a><\/p>\n<p><strong>Festiwal Ezoteryki i Medycyny Naturalnej EzoFest<\/strong> to przestrze\u0144 pe\u0142na tajemnic i energii. Spotkacie tam specjalist\u00f3w od ezoteryki, medycyny alternatywnej oraz rozwoju duchowego, znajdziecie amulety, zio\u0142a, kamienie mocy i wiele wi\u0119cej.<\/p>\n<p><a href=\"https:\/\/www.24gliwice.pl\/wiadomosci\/wp-content\/uploads\/2025\/11\/Geoexpo-Cudenka.jpg\"><img loading=\"lazy\" decoding=\"async\" src=\"https:\/\/www.24gliwice.pl\/wiadomosci\/wp-content\/uploads\/2025\/11\/Geoexpo-Cudenka.jpg\" alt=\"\" width=\"810\" height=\"424\" class=\"alignnone size-full wp-image-262939\" \/><\/a><\/p>\n<p><strong>Festiwal R\u0119kodzie\u0142a Cude\u0144ka<\/strong> to prawdziwe \u015bwi\u0119to kreatywno\u015bci i unikalnych przedmiot\u00f3w. Mo\u017cna tam odkry\u0107 wyj\u0105tkowe dzie\u0142a artyst\u00f3w i rzemie\u015blnik\u00f3w \u2013 od ceramiki i tkanin po rze\u017aby i r\u0119cznie robion\u0105 bi\u017cuteri\u0119.<\/p>\n<blockquote><p><em>Kupuj\u0105c jeden bilet \u2013 mo\u017cesz zwiedzi\u0107 wszystkie imprezy oraz wzi\u0105\u0107 udzia\u0142 w konkursie, w kt\u00f3rym do wygrania jest wyj\u0105tkowa nagroda \u2013 Z\u0142ota Moneta o warto\u015bci 15 500 z\u0142*<\/em> <\/p><\/blockquote>\n<p>&#8211; zapowiadaj\u0105 organizatorzy. <\/p>\n<p>Gie\u0142da Minera\u0142\u00f3w,\u00a0Bi\u017cuterii i Skamienia\u0142o\u015bci Geo Expo to wyj\u0105tkowe wydarzenie i prawdziwe \u015bwi\u0119to kolekcjoner\u00f3w i wielbicieli UNIKAT\u00d3W. Wystawcy zaprezentuj\u0105 nie tylko minera\u0142y, ale tak\u017ce skamienia\u0142o\u015bci, bi\u017cuteri\u0119, meteoryty, bursztyny, ko\u015bci dinozaur\u00f3w oraz kamienie szlachetne. Tego typu unikat\u00f3w nie spotkacie w \u017cadnym innym miejscu.<\/p>\n<p><a href=\"https:\/\/www.24gliwice.pl\/wiadomosci\/wp-content\/uploads\/2025\/11\/geoexpo-giela-mineralow5.jpg\"><img loading=\"lazy\" decoding=\"async\" src=\"https:\/\/www.24gliwice.pl\/wiadomosci\/wp-content\/uploads\/2025\/11\/geoexpo-giela-mineralow5.jpg\" alt=\"\" width=\"810\" height=\"424\" class=\"alignnone size-full wp-image-262943\" \/><\/a><\/p>\n<p>&#8211; <em>Zapraszamy wszystkich, kt\u00f3rzy my\u015bl\u0105 o bi\u017cuterii w spos\u00f3b nieszablonowy i indywidualny! Znajdziecie tu oryginalne po\u0142\u0105czenia materia\u0142\u00f3w oraz niestandardowe podej\u015bcie do projektu! Wyroby jubilerskie tworzone przez artyst\u00f3w, kolekcje bi\u017cuterii autorskiej ze srebra, stali, tytanu czy miedzi w po\u0142\u0105czeniu z przepi\u0119knymi kamieniami naturalnymi \u2013 tego nie znajdziecie w sklepach!<\/em> &#8211; podkre\u015blaj\u0105 gestorzy tego wydarzenia, kt\u00f3rzy organizacj\u0105 Gie\u0142d Minera\u0142\u00f3w, Bi\u017cuterii i Skamienia\u0142o\u015bci zajmuj\u0105 si\u0119 z sukcesem od 2005 roku. <\/p>\n<blockquote><p><em>Organizowane przez nasz zesp\u00f3\u0142 imprezy to niepowtarzalna okazja dla kolekcjoner\u00f3w, artyst\u00f3w, rzemie\u015blnik\u00f3w, czy pasjonat\u00f3w z Polski i zagranicy by zaprezentowa\u0107 swoje kolekcje i promowa\u0107 unikatowe r\u0119kodzie\u0142o. To wydarzenia, pozwalaj\u0105ce na bezpo\u015brednie spotkanie z potencjalnymi nabywcami z regionu, nawi\u0105zywanie nowych relacji oraz \u015bwietny spos\u00f3b, by zaprezentowa\u0107 si\u0119 \u015bwiatu<\/em><\/p><\/blockquote>\n<p>&#8211; dodaj\u0105.<\/p>\n<p>Gie\u0142dy Minera\u0142\u00f3w, Skamienia\u0142o\u015bci i Bi\u017cuterii przyci\u0105gaj\u0105 zar\u00f3wno pasjonat\u00f3w minera\u0142\u00f3w jaki i entuzjast\u00f3w bi\u017cuterii w dobrym gu\u015bcie. To r\u00f3wnie\u017c \u015bwietny pomys\u0142 by rodzinnie sp\u0119dzi\u0107 weekend. Wydarzenia maj\u0105 r\u00f3wnie\u017c wymiar edukacyjny.<\/p>\n<p><a href=\"https:\/\/www.24gliwice.pl\/wiadomosci\/wp-content\/uploads\/2025\/11\/geoexpo-gielda-mineralow-3.jpg\"><img loading=\"lazy\" decoding=\"async\" src=\"https:\/\/www.24gliwice.pl\/wiadomosci\/wp-content\/uploads\/2025\/11\/geoexpo-gielda-mineralow-3.jpg\" alt=\"\" width=\"810\" height=\"424\" class=\"alignnone size-full wp-image-262944\" \/><\/a><\/p>\n<p>&#8211; <em>Podczas dw\u00f3ch dni wydarzenia mo\u017cna skorzysta\u0107 z wiedzy geolog\u00f3w, dowiedzie\u0107 si\u0119 szczeg\u00f3\u0142\u00f3w na temat w\u0142asnych znalezisk jak r\u00f3wnie\u017c zdoby\u0107 wiedz\u0119 o pochodzeniu minera\u0142\u00f3w i powstawaniu skamienia\u0142o\u015bci! Jest to r\u00f3wnie\u017c rzadka okazja by zobaczy\u0107 na w\u0142asne oczy prawdziwe meteoryty czy ko\u015bci dinozaur\u00f3w<\/em> &#8211; zapowiadaj\u0105 organizatorzy. <\/p>\n<p>Impreza obj\u0119ta Honorowym Patronatem Prezydenta Miasta Gliwice.<\/p>\n<h4>Festiwal EzoFest<\/h4>\n<p>W ten weekend r\u00f3wnoleg\u0142ym wydarzeniem b\u0119dzie miedzy innymi Festiwal Ezoteryki i Medycyny Naturalnej EzoFest. To niezwykle energetyczna inicjatywa zrzeszaj\u0105ca znawc\u00f3w praktyki duchowej, astrologii, medycyny alternatywnej i skupiaj\u0105ca si\u0119 na osi\u0105gni\u0119ciu r\u00f3wnowagi psychofizycznej u cz\u0142owieka.<br \/>\nPodczas Festiwalu mo\u017cna zakupi\u0107 niezwyk\u0142e wyroby r\u0119kodzielnicze, produkty naturalne, kt\u00f3re wprowadzaj\u0105 w stan harmonii i otwieraj\u0105 umys\u0142.<\/p>\n<p><a href=\"https:\/\/www.24gliwice.pl\/wiadomosci\/wp-content\/uploads\/2025\/11\/geoexpo-ezofest2.jpg\"><img loading=\"lazy\" decoding=\"async\" src=\"https:\/\/www.24gliwice.pl\/wiadomosci\/wp-content\/uploads\/2025\/11\/geoexpo-ezofest2.jpg\" alt=\"\" width=\"810\" height=\"424\" class=\"alignnone size-full wp-image-262941\" \/><\/a><\/p>\n<p><a href=\"https:\/\/www.24gliwice.pl\/wiadomosci\/wp-content\/uploads\/2025\/11\/geoexpo-ezofest3.jpg\"><img loading=\"lazy\" decoding=\"async\" src=\"https:\/\/www.24gliwice.pl\/wiadomosci\/wp-content\/uploads\/2025\/11\/geoexpo-ezofest3.jpg\" alt=\"\" width=\"810\" height=\"424\" class=\"alignnone size-full wp-image-262942\" \/><\/a><\/p>\n<h4>Festiwal R\u0119kodzie\u0142a Cude\u0144ka to nowa impreza na mapie Polski<\/h4>\n<p>Odkryj \u015bwiat pe\u0142en pasji i kreatywno\u015bci. Festiwal R\u0119kodzie\u0142a to nie tylko pi\u0119kne przedmioty, ale tak\u017ce wyj\u0105tkowe historie ludzi, kt\u00f3rzy je tworz\u0105. <\/p>\n<p>&#8211; <em>Przyjd\u017a, aby czerpa\u0107 inspiracj\u0119, znale\u017a\u0107 unikalne produkty i sp\u0119dzi\u0107 czas w atmosferze, kt\u00f3ra pobudza wyobra\u017ani\u0119. Znajdziesz tutaj co\u015b dla siebie \u2013 od niepowtarzalnych dekoracji, przez r\u0119cznie robion\u0105 bi\u017cuteri\u0119, po oryginalne prezenty. Spotkaj tw\u00f3rc\u00f3w, we\u017a udzia\u0142 w warsztatach i prze\u017cyj co\u015b, czego nie znajdziesz nigdzie indziej<\/em> &#8211; czytamy w zapowiedzi.<\/p>\n<p><a href=\"https:\/\/www.24gliwice.pl\/wiadomosci\/wp-content\/uploads\/2025\/11\/geoexpo-gielda-mineralow2.jpg\"><img loading=\"lazy\" decoding=\"async\" src=\"https:\/\/www.24gliwice.pl\/wiadomosci\/wp-content\/uploads\/2025\/11\/geoexpo-gielda-mineralow2.jpg\" alt=\"\" width=\"810\" height=\"424\" class=\"alignnone size-full wp-image-262945\" \/><\/a><\/p>\n<h5>Szczeg\u00f3\u0142owe informacje na temat wszystkich wydarze\u0144:<\/h5>\n<ul>\n<li>GeoExpo: <a href=\"https:\/\/fb.me\/e\/6BmTdzQVw\" target=\"_blank\">https:\/\/fb.me\/e\/6BmTdzQVw<\/a> <\/li>\n<li>EzoFest: <a href=\"https:\/\/fb.me\/e\/3hTGIyZyX\" target=\"_blank\">https:\/\/fb.me\/e\/3hTGIyZyX<\/a> <\/li>\n<li>Cude\u0144ka: <a href=\"https:\/\/fb.me\/e\/3HCkQuRIR\" target=\"_blank\">https:\/\/fb.me\/e\/3HCkQuRIR<\/a><\/li>\n<\/ul>\n<h5>22-23 listopada (sobota i niedziela) HALA G\u00d3RNYCH WA\u0141\u00d3W (Hala Gliwice) Gliwice, ul. G\u00f3rnych Wa\u0142\u00f3w 29. Wst\u0119p w godzinach 10:00 &#8211; 18:00.<\/h5>\n<p>Bilety uprawniaj\u0105 do jednorazowego wst\u0119pu na imprez\u0119 i s\u0105 do kupienia w kasach w dniu wydarzenia lub online za po\u015brednictwem stron: <a href=\"http:\/\/www.cudenka.com\" target=\"_blank\">www.cudenka.com<\/a>, <a href=\"http:\/\/www.geoexpo.eu\" target=\"_blank\">www.geoexpo.eu<\/a>, <a href=\"http:\/\/www.ezofest.pl\" target=\"_blank\">www.ezofest.pl<\/a>:<\/p>\n<li>Normalny &#8211; 20 z\u0142,<\/li>\n<li>Ulgowy &#8211; 15 z\u0142 (emeryci, renci\u015bci, m\u0142odzie\u017c do 18-tego roku \u017cycia oraz osoby z orzeczeniem o niepe\u0142nosprawno\u015bci),<\/li>\n<li>Bezp\u0142atnie &#8211; dzieci do 5 lat.<\/li>\n<p>______________________________________________________________<br \/>\n* Przybli\u017cona warto\u015b\u0107 monety zale\u017cna od aktualnego kursu z\u0142ota.<\/p>\n<p><small>materia\u0142 partnera<\/small><\/p>\n","protected":false},"excerpt":{"rendered":"<p>W Hali Gliwice przy ul. G\u00f3rnych Wa\u0142\u00f3w odb\u0119d\u0105 si\u0119 trzy wydarzenia, kt\u00f3re co roku ciesz\u0105 si\u0119 ogromnym zainteresowaniem odwiedzaj\u0105cych. To Gie\u0142da Bi\u017cuterii, Minera\u0142\u00f3w i Skamienia\u0142o\u015bci GeoExpo, Festiwal Ezoteryki i Medycyny Naturalnej EzoFest oraz Festiwal R\u0119kodzie\u0142a Cude\u0144ka.<\/p>\n","protected":false},"author":4,"featured_media":115386,"comment_status":"closed","ping_status":"closed","sticky":false,"template":"","format":"standard","meta":{"_monsterinsights_skip_tracking":false,"_monsterinsights_sitenote_active":false,"_monsterinsights_sitenote_note":"","_monsterinsights_sitenote_category":0,"footnotes":"","_links_to":"","_links_to_target":""},"categories":[11756,1129],"tags":[],"class_list":["post-115385","post","type-post","status-publish","format-standard","has-post-thumbnail","hentry","category-kultura","category-polecamy"],"_links":{"self":[{"href":"https:\/\/www.24zabrze.pl\/wiadomosci\/wp-json\/wp\/v2\/posts\/115385","targetHints":{"allow":["GET"]}}],"collection":[{"href":"https:\/\/www.24zabrze.pl\/wiadomosci\/wp-json\/wp\/v2\/posts"}],"about":[{"href":"https:\/\/www.24zabrze.pl\/wiadomosci\/wp-json\/wp\/v2\/types\/post"}],"author":[{"embeddable":true,"href":"https:\/\/www.24zabrze.pl\/wiadomosci\/wp-json\/wp\/v2\/users\/4"}],"replies":[{"embeddable":true,"href":"https:\/\/www.24zabrze.pl\/wiadomosci\/wp-json\/wp\/v2\/comments?post=115385"}],"version-history":[{"count":0,"href":"https:\/\/www.24zabrze.pl\/wiadomosci\/wp-json\/wp\/v2\/posts\/115385\/revisions"}],"wp:featuredmedia":[{"embeddable":true,"href":"https:\/\/www.24zabrze.pl\/wiadomosci\/wp-json\/wp\/v2\/media\/115386"}],"wp:attachment":[{"href":"https:\/\/www.24zabrze.pl\/wiadomosci\/wp-json\/wp\/v2\/media?parent=115385"}],"wp:term":[{"taxonomy":"category","embeddable":true,"href":"https:\/\/www.24zabrze.pl\/wiadomosci\/wp-json\/wp\/v2\/categories?post=115385"},{"taxonomy":"post_tag","embeddable":true,"href":"https:\/\/www.24zabrze.pl\/wiadomosci\/wp-json\/wp\/v2\/tags?post=115385"}],"curies":[{"name":"wp","href":"https:\/\/api.w.org\/{rel}","templated":true}]}}