{"id":115355,"date":"2025-11-14T12:28:17","date_gmt":"2025-11-14T11:28:17","guid":{"rendered":"https:\/\/www.24zabrze.pl\/wiadomosci\/?p=115355"},"modified":"2025-11-14T12:28:17","modified_gmt":"2025-11-14T11:28:17","slug":"bezplatne-badania-i-porady-medyczne-dostepne-w-3-terminach-gdzie-mozna-skorzystac-w-zabrzu","status":"publish","type":"post","link":"https:\/\/www.24zabrze.pl\/wiadomosci\/bezplatne-badania-i-porady-medyczne-dostepne-w-3-terminach-gdzie-mozna-skorzystac-w-zabrzu\/","title":{"rendered":"Bezp\u0142atne badania i porady medyczne dost\u0119pne w 3 terminach. Gdzie mo\u017cna skorzysta\u0107 w Zabrzu?"},"content":{"rendered":"<div class=\"zabrz-a6-z-nad-leadem-artykulow zabrz-entity-placement\" id=\"zabrz-4232414080\"><div class=\"zabrz-adlabel\"><span style=\"font-size: 9px\">REKLAMA<\/span><\/div><div id=\"zabrz-838710638\" style=\"margin-bottom: 30px;margin-left: auto;margin-right: auto;text-align: center;\"><a data-no-instant=\"1\" href=\"https:\/\/dom100.eu\/\" rel=\"noopener\" class=\"a2t-link\" target=\"_blank\" aria-label=\"20260415 DOM100 D\"><img loading=\"lazy\" decoding=\"async\" src=\"https:\/\/www.24zabrze.pl\/wiadomosci\/wp-content\/uploads\/2026\/02\/20260415-DOM100-D.jpg\" alt=\"\"  srcset=\"https:\/\/www.24zabrze.pl\/wiadomosci\/wp-content\/uploads\/2026\/02\/20260415-DOM100-D.jpg 750w, https:\/\/www.24zabrze.pl\/wiadomosci\/wp-content\/uploads\/2026\/02\/20260415-DOM100-D-410x109.jpg 410w\" sizes=\"(max-width: 750px) 100vw, 750px\" class=\"no-lazyload\" width=\"750\" height=\"200\"  style=\"display: inline-block; max-width: 100%; height: auto;\" \/><\/a><\/div><\/div><h2>Fundacja \u201eUnia Bracka\u201d zaprasza mieszka\u0144c\u00f3w Zabrza i ca\u0142ego regionu do udzia\u0142u w akcji profilaktyczno-edukacyjnej \u201eMierz cukier \u2013 dbaj o siebie\u201d, organizowanej z okazji \u015awiatowego Dnia Cukrzycy. Dost\u0119pne s\u0105 trzy terminy pomiar\u00f3w.<\/h2>\n<p>W ramach wydarzenia ka\u017cdy b\u0119dzie m\u00f3g\u0142 bezp\u0142atnie sprawdzi\u0107 poziom glukozy we krwi i skorzysta\u0107 z porady personelu medycznego.<\/p><div class=\"zabrz-a3-z-w-tresci-artykulow zabrz-entity-placement\" id=\"zabrz-356406280\"><div class=\"zabrz-adlabel\"><span style=\"font-size: 9px\">REKLAMA<\/span><\/div><div id=\"zabrz-3884651371\" style=\"margin-bottom: 40px;margin-left: auto;margin-right: auto;text-align: center;\"><a data-no-instant=\"1\" href=\"https:\/\/ogrodyandersa.pl\/\" rel=\"noopener\" class=\"a2t-link\" target=\"_blank\" aria-label=\"20260415 Ogrody Andersa WYBIERZ MIESZKANIE D\"><img loading=\"lazy\" decoding=\"async\" src=\"https:\/\/www.24zabrze.pl\/wiadomosci\/wp-content\/uploads\/2026\/02\/20260415-Ogrody-Andersa-WYBIERZ-MIESZKANIE-D.jpg\" alt=\"\"  srcset=\"https:\/\/www.24zabrze.pl\/wiadomosci\/wp-content\/uploads\/2026\/02\/20260415-Ogrody-Andersa-WYBIERZ-MIESZKANIE-D.jpg 750w, https:\/\/www.24zabrze.pl\/wiadomosci\/wp-content\/uploads\/2026\/02\/20260415-Ogrody-Andersa-WYBIERZ-MIESZKANIE-D-410x109.jpg 410w\" sizes=\"(max-width: 750px) 100vw, 750px\" class=\"no-lazyload\" width=\"750\" height=\"200\"  style=\"display: inline-block; max-width: 100%; height: auto;\" \/><\/a><\/div><\/div>\n<p>Badania odb\u0119d\u0105 si\u0119 14, 17 i 18 listopada w 16 Przychodniach Brackich zlokalizowanych m.in. w Zabrzu, Gliwicach, Katowicach, Rudzie \u015al\u0105skiej, Bytomiu, Sosnowcu, Knurowie i Mys\u0142owicach. Nie jest wymagana wcze\u015bniejsza rejestracja \u2013 wystarczy zabra\u0107 dow\u00f3d osobisty.<\/p>\n<h4>Badanie wykonywane jest w prosty i bezpieczny spos\u00f3b \u2013 poprzez pobranie pr\u00f3bki krwi z palca, a wynik mo\u017cna otrzyma\u0107 ju\u017c po kilkunastu sekundach.<\/h4>\n<p>Akcja ma na celu podniesienie \u015bwiadomo\u015bci na temat profilaktyki cukrzycy, kt\u00f3rej wczesne wykrycie pozwala unikn\u0105\u0107 powa\u017cnych powik\u0142a\u0144 zdrowotnych. Na terenie Zabrza mo\u017cna skorzysta\u0107 z badania w Przychodni Bracka Guido (ul. Dzier\u017cona 11a) oraz Przychodni Bracka Zabrze (ul. 3 Maja 89).<\/p>\n<p><img loading=\"lazy\" decoding=\"async\" src=\"https:\/\/www.24zabrze.pl\/wiadomosci\/wp-content\/uploads\/2025\/11\/Zrzut-ekranu-2025-11-14-121936.jpg\" alt=\"\" width=\"810\" height=\"357\" class=\"alignnone size-full wp-image-115356\" srcset=\"https:\/\/www.24zabrze.pl\/wiadomosci\/wp-content\/uploads\/2025\/11\/Zrzut-ekranu-2025-11-14-121936.jpg 810w, https:\/\/www.24zabrze.pl\/wiadomosci\/wp-content\/uploads\/2025\/11\/Zrzut-ekranu-2025-11-14-121936-410x181.jpg 410w, https:\/\/www.24zabrze.pl\/wiadomosci\/wp-content\/uploads\/2025\/11\/Zrzut-ekranu-2025-11-14-121936-768x338.jpg 768w\" sizes=\"auto, (max-width: 810px) 100vw, 810px\" \/><\/p>\n<p>Wi\u0119cej informacji o wydarzeniu dost\u0119pnych jest na stronie <a href=\"http:\/\/www.uniabracka.pl\/aktualnosci\" target=\"_blank\">www.uniabracka.pl\/aktualnosci<\/a>. Organizator: Fundacja \u201eUnia Bracka\u201d.<\/p>\n<p><img loading=\"lazy\" decoding=\"async\" src=\"https:\/\/miastozabrze.pl\/wp-content\/uploads\/2025\/11\/Ogolny-plakat-akcji-1086x1536.png\" width=\"1086\" height=\"1536\" class=\"alignnone size-full\" \/><\/p>\n<p>(\u017cms)\/UM Zabrze<\/p>\n","protected":false},"excerpt":{"rendered":"<p>Fundacja \u201eUnia Bracka\u201d zaprasza mieszka\u0144c\u00f3w Zabrza i ca\u0142ego regionu do udzia\u0142u w akcji profilaktyczno-edukacyjnej \u201eMierz cukier \u2013 dbaj o siebie\u201d, organizowanej z okazji \u015awiatowego Dnia Cukrzycy. Dost\u0119pne s\u0105 trzy terminy pomiar\u00f3w. W ramach wydarzenia ka\u017cdy b\u0119dzie m\u00f3g\u0142 bezp\u0142atnie sprawdzi\u0107 poziom glukozy we krwi i skorzysta\u0107 z porady personelu medycznego. Badania odb\u0119d\u0105 si\u0119 14, 17 i [&hellip;]<\/p>\n","protected":false},"author":17,"featured_media":115361,"comment_status":"closed","ping_status":"closed","sticky":false,"template":"","format":"standard","meta":{"_monsterinsights_skip_tracking":false,"_monsterinsights_sitenote_active":false,"_monsterinsights_sitenote_note":"","_monsterinsights_sitenote_category":0,"footnotes":"","_links_to":"","_links_to_target":""},"categories":[11756,1],"tags":[],"class_list":["post-115355","post","type-post","status-publish","format-standard","has-post-thumbnail","hentry","category-kultura","category-wszystko"],"_links":{"self":[{"href":"https:\/\/www.24zabrze.pl\/wiadomosci\/wp-json\/wp\/v2\/posts\/115355","targetHints":{"allow":["GET"]}}],"collection":[{"href":"https:\/\/www.24zabrze.pl\/wiadomosci\/wp-json\/wp\/v2\/posts"}],"about":[{"href":"https:\/\/www.24zabrze.pl\/wiadomosci\/wp-json\/wp\/v2\/types\/post"}],"author":[{"embeddable":true,"href":"https:\/\/www.24zabrze.pl\/wiadomosci\/wp-json\/wp\/v2\/users\/17"}],"replies":[{"embeddable":true,"href":"https:\/\/www.24zabrze.pl\/wiadomosci\/wp-json\/wp\/v2\/comments?post=115355"}],"version-history":[{"count":0,"href":"https:\/\/www.24zabrze.pl\/wiadomosci\/wp-json\/wp\/v2\/posts\/115355\/revisions"}],"wp:featuredmedia":[{"embeddable":true,"href":"https:\/\/www.24zabrze.pl\/wiadomosci\/wp-json\/wp\/v2\/media\/115361"}],"wp:attachment":[{"href":"https:\/\/www.24zabrze.pl\/wiadomosci\/wp-json\/wp\/v2\/media?parent=115355"}],"wp:term":[{"taxonomy":"category","embeddable":true,"href":"https:\/\/www.24zabrze.pl\/wiadomosci\/wp-json\/wp\/v2\/categories?post=115355"},{"taxonomy":"post_tag","embeddable":true,"href":"https:\/\/www.24zabrze.pl\/wiadomosci\/wp-json\/wp\/v2\/tags?post=115355"}],"curies":[{"name":"wp","href":"https:\/\/api.w.org\/{rel}","templated":true}]}}