{"id":115348,"date":"2025-11-13T10:51:04","date_gmt":"2025-11-13T09:51:04","guid":{"rendered":"https:\/\/www.24zabrze.pl\/wiadomosci\/?p=115348"},"modified":"2025-11-13T10:51:04","modified_gmt":"2025-11-13T09:51:04","slug":"swietowanie-i-integracja-lokalnej-spolecznosci-pochod-swietego-marcina-przeszedl-ulicami-rokitnicy","status":"publish","type":"post","link":"https:\/\/www.24zabrze.pl\/wiadomosci\/swietowanie-i-integracja-lokalnej-spolecznosci-pochod-swietego-marcina-przeszedl-ulicami-rokitnicy\/","title":{"rendered":"\u015awi\u0119towanie i integracja lokalnej spo\u0142eczno\u015bci. Poch\u00f3d \u015bwi\u0119tego Marcina przeszed\u0142 ulicami Rokitnicy"},"content":{"rendered":"<div class=\"zabrz-a6-z-nad-leadem-artykulow zabrz-entity-placement\" id=\"zabrz-3733918975\"><div class=\"zabrz-adlabel\"><span style=\"font-size: 9px\">REKLAMA<\/span><\/div><div id=\"zabrz-1334973187\" style=\"margin-bottom: 30px;margin-left: auto;margin-right: auto;text-align: center;\"><a data-no-instant=\"1\" href=\"https:\/\/dom100.eu\/\" rel=\"noopener\" class=\"a2t-link\" target=\"_blank\" aria-label=\"20260415 DOM100 D\"><img loading=\"lazy\" decoding=\"async\" src=\"https:\/\/www.24zabrze.pl\/wiadomosci\/wp-content\/uploads\/2026\/02\/20260415-DOM100-D.jpg\" alt=\"\"  srcset=\"https:\/\/www.24zabrze.pl\/wiadomosci\/wp-content\/uploads\/2026\/02\/20260415-DOM100-D.jpg 750w, https:\/\/www.24zabrze.pl\/wiadomosci\/wp-content\/uploads\/2026\/02\/20260415-DOM100-D-410x109.jpg 410w\" sizes=\"(max-width: 750px) 100vw, 750px\" class=\"no-lazyload\" width=\"750\" height=\"200\"  style=\"display: inline-block; max-width: 100%; height: auto;\" \/><\/a><\/div><\/div><h2>W Rokitnicy odby\u0142y si\u0119 uroczyste obchody Dnia \u015bw. Marcina, kt\u00f3re przyci\u0105gn\u0119\u0142y licznych mieszka\u0144c\u00f3w dzielnicy \u2013 dzieci, rodzic\u00f3w i senior\u00f3w. Wydarzenie, organizowane z my\u015bl\u0105 o podtrzymaniu pi\u0119knej tradycji wsp\u00f3lnego \u015bwi\u0119towania, up\u0142yn\u0119\u0142o w atmosferze rado\u015bci i integracji lokalnej spo\u0142eczno\u015bci.<\/h2>\n<p>Uczestnicy spotkali si\u0119 przy Przedszkolu nr 41, sk\u0105d wyruszy\u0142 barwny poch\u00f3d ulicami dzielnicy \u2013 tras\u0105 wiod\u0105c\u0105 m.in. ulicami Nysk\u0105, Pomorsk\u0105, Krakowsk\u0105 i M\u0142odzie\u017cow\u0105 \u2013 a\u017c na plac przy ko\u015bciele Naj\u015bwi\u0119tszego Serca Pana Jezusa w Rokitnicy. Na najm\u0142odszych uczestnik\u00f3w czeka\u0142y tradycyjne marci\u0144skie rogale oraz drobne upominki.<\/p><div class=\"zabrz-a3-z-w-tresci-artykulow zabrz-entity-placement\" id=\"zabrz-3251828841\"><div class=\"zabrz-adlabel\"><span style=\"font-size: 9px\">REKLAMA<\/span><\/div><div id=\"zabrz-2344971280\" style=\"margin-bottom: 40px;margin-left: auto;margin-right: auto;text-align: center;\"><a data-no-instant=\"1\" href=\"https:\/\/ogrodyandersa.pl\/\" rel=\"noopener\" class=\"a2t-link\" target=\"_blank\" aria-label=\"20260415 Ogrody Andersa WYBIERZ MIESZKANIE D\"><img loading=\"lazy\" decoding=\"async\" src=\"https:\/\/www.24zabrze.pl\/wiadomosci\/wp-content\/uploads\/2026\/02\/20260415-Ogrody-Andersa-WYBIERZ-MIESZKANIE-D.jpg\" alt=\"\"  srcset=\"https:\/\/www.24zabrze.pl\/wiadomosci\/wp-content\/uploads\/2026\/02\/20260415-Ogrody-Andersa-WYBIERZ-MIESZKANIE-D.jpg 750w, https:\/\/www.24zabrze.pl\/wiadomosci\/wp-content\/uploads\/2026\/02\/20260415-Ogrody-Andersa-WYBIERZ-MIESZKANIE-D-410x109.jpg 410w\" sizes=\"(max-width: 750px) 100vw, 750px\" class=\"no-lazyload\" width=\"750\" height=\"200\"  style=\"display: inline-block; max-width: 100%; height: auto;\" \/><\/a><\/div><\/div>\n<p><img loading=\"lazy\" decoding=\"async\" src=\"https:\/\/miastozabrze.pl\/wp-content\/uploads\/2025\/11\/ROKITA-11-z-59-scaled.jpg\" width=\"2560\" height=\"1707\" class=\"alignnone size-full\" \/><\/p>\n<p><img loading=\"lazy\" decoding=\"async\" src=\"https:\/\/miastozabrze.pl\/wp-content\/uploads\/2025\/11\/ROKITA-23-z-59-scaled.jpg\" width=\"2560\" height=\"1706\" class=\"alignnone size-full\" \/><\/p>\n<p>Wydarzenie zorganizowa\u0142a Parafia NSPJ w Zabrzu-Rokitnicy przy wsp\u00f3\u0142pracy z samorz\u0105dem i Szkoln\u0105 Grup\u0105 Ratownicz\u0105. Obchody Dnia \u015bw. Marcina sta\u0142y si\u0119 nie tylko okazj\u0105 do wsp\u00f3lnej zabawy, ale r\u00f3wnie\u017c do kultywowania lokalnych zwyczaj\u00f3w i budowania wi\u0119zi w\u015br\u00f3d mieszka\u0144c\u00f3w. Imprez\u0119 zorganizowano po raz 16.<\/p>\n<p><img loading=\"lazy\" decoding=\"async\" src=\"https:\/\/miastozabrze.pl\/wp-content\/uploads\/2025\/11\/ROKITA-30-z-59-scaled.jpg\" width=\"2560\" height=\"1529\" class=\"alignnone size-full\" \/><\/p>\n<p><img loading=\"lazy\" decoding=\"async\" src=\"https:\/\/miastozabrze.pl\/wp-content\/uploads\/2025\/11\/ROKITA-36-z-59-scaled.jpg\" width=\"2560\" height=\"1533\" class=\"alignnone size-full\" \/><\/p>\n<p><img loading=\"lazy\" decoding=\"async\" src=\"https:\/\/miastozabrze.pl\/wp-content\/uploads\/2025\/11\/ROKITA-67-z-59-scaled.jpg\" width=\"2560\" height=\"1707\" class=\"alignnone size-full\" \/><\/p>\n<p><img loading=\"lazy\" decoding=\"async\" src=\"https:\/\/miastozabrze.pl\/wp-content\/uploads\/2025\/11\/Kopia-%E2%80%93-tlo1-2025-11-12T095108.072-870x440.png\" width=\"870\" height=\"440\" class=\"alignnone size-full\" \/><\/p>\n<p>(\u017cms)\/UM Zabrze<br \/>\nfot. UM Zabrze<\/p>\n","protected":false},"excerpt":{"rendered":"<p>W Rokitnicy odby\u0142y si\u0119 uroczyste obchody Dnia \u015bw. Marcina, kt\u00f3re przyci\u0105gn\u0119\u0142y licznych mieszka\u0144c\u00f3w dzielnicy \u2013 dzieci, rodzic\u00f3w i senior\u00f3w. Wydarzenie, organizowane z my\u015bl\u0105 o podtrzymaniu pi\u0119knej tradycji wsp\u00f3lnego \u015bwi\u0119towania, up\u0142yn\u0119\u0142o w atmosferze rado\u015bci i integracji lokalnej spo\u0142eczno\u015bci. Uczestnicy spotkali si\u0119 przy Przedszkolu nr 41, sk\u0105d wyruszy\u0142 barwny poch\u00f3d ulicami dzielnicy \u2013 tras\u0105 wiod\u0105c\u0105 m.in. ulicami [&hellip;]<\/p>\n","protected":false},"author":17,"featured_media":115353,"comment_status":"closed","ping_status":"closed","sticky":false,"template":"","format":"standard","meta":{"_monsterinsights_skip_tracking":false,"_monsterinsights_sitenote_active":false,"_monsterinsights_sitenote_note":"","_monsterinsights_sitenote_category":0,"footnotes":"","_links_to":"","_links_to_target":""},"categories":[11756,1],"tags":[12794],"class_list":["post-115348","post","type-post","status-publish","format-standard","has-post-thumbnail","hentry","category-kultura","category-wszystko","tag-swiety-marcin"],"_links":{"self":[{"href":"https:\/\/www.24zabrze.pl\/wiadomosci\/wp-json\/wp\/v2\/posts\/115348","targetHints":{"allow":["GET"]}}],"collection":[{"href":"https:\/\/www.24zabrze.pl\/wiadomosci\/wp-json\/wp\/v2\/posts"}],"about":[{"href":"https:\/\/www.24zabrze.pl\/wiadomosci\/wp-json\/wp\/v2\/types\/post"}],"author":[{"embeddable":true,"href":"https:\/\/www.24zabrze.pl\/wiadomosci\/wp-json\/wp\/v2\/users\/17"}],"replies":[{"embeddable":true,"href":"https:\/\/www.24zabrze.pl\/wiadomosci\/wp-json\/wp\/v2\/comments?post=115348"}],"version-history":[{"count":0,"href":"https:\/\/www.24zabrze.pl\/wiadomosci\/wp-json\/wp\/v2\/posts\/115348\/revisions"}],"wp:featuredmedia":[{"embeddable":true,"href":"https:\/\/www.24zabrze.pl\/wiadomosci\/wp-json\/wp\/v2\/media\/115353"}],"wp:attachment":[{"href":"https:\/\/www.24zabrze.pl\/wiadomosci\/wp-json\/wp\/v2\/media?parent=115348"}],"wp:term":[{"taxonomy":"category","embeddable":true,"href":"https:\/\/www.24zabrze.pl\/wiadomosci\/wp-json\/wp\/v2\/categories?post=115348"},{"taxonomy":"post_tag","embeddable":true,"href":"https:\/\/www.24zabrze.pl\/wiadomosci\/wp-json\/wp\/v2\/tags?post=115348"}],"curies":[{"name":"wp","href":"https:\/\/api.w.org\/{rel}","templated":true}]}}