{"id":115327,"date":"2025-11-11T19:28:36","date_gmt":"2025-11-11T18:28:36","guid":{"rendered":"https:\/\/www.24zabrze.pl\/wiadomosci\/?p=115327"},"modified":"2025-11-12T12:37:03","modified_gmt":"2025-11-12T11:37:03","slug":"w-zabrzu-odbyly-sie-obchody-narodowego-swieta-niepodleglosci-galeria","status":"publish","type":"post","link":"https:\/\/www.24zabrze.pl\/wiadomosci\/w-zabrzu-odbyly-sie-obchody-narodowego-swieta-niepodleglosci-galeria\/","title":{"rendered":"W Zabrzu odby\u0142y si\u0119 obchody Narodowego \u015awi\u0119ta Niepodleg\u0142o\u015bci (galeria)"},"content":{"rendered":"<div class=\"zabrz-a6-z-nad-leadem-artykulow zabrz-entity-placement\" id=\"zabrz-700515337\"><div class=\"zabrz-adlabel\"><span style=\"font-size: 9px\">REKLAMA<\/span><\/div><div id=\"zabrz-378360291\" style=\"margin-bottom: 30px;margin-left: auto;margin-right: auto;text-align: center;\"><a data-no-instant=\"1\" href=\"https:\/\/dom100.eu\/\" rel=\"noopener\" class=\"a2t-link\" target=\"_blank\" aria-label=\"20260415 DOM100 D\"><img loading=\"lazy\" decoding=\"async\" src=\"https:\/\/www.24zabrze.pl\/wiadomosci\/wp-content\/uploads\/2026\/02\/20260415-DOM100-D.jpg\" alt=\"\"  srcset=\"https:\/\/www.24zabrze.pl\/wiadomosci\/wp-content\/uploads\/2026\/02\/20260415-DOM100-D.jpg 750w, https:\/\/www.24zabrze.pl\/wiadomosci\/wp-content\/uploads\/2026\/02\/20260415-DOM100-D-410x109.jpg 410w\" sizes=\"(max-width: 750px) 100vw, 750px\" class=\"no-lazyload\" width=\"750\" height=\"200\"  style=\"display: inline-block; max-width: 100%; height: auto;\" \/><\/a><\/div><\/div><h2>W Zabrzu odby\u0142y si\u0119 uroczyste obchody Narodowego \u015awi\u0119ta Niepodleg\u0142o\u015bci. Wydarzenie zgromadzi\u0142o przedstawicieli samorz\u0105du, parlamentarzyst\u00f3w, s\u0142u\u017cb mundurowych, organizacji spo\u0142ecznych oraz licznych mieszka\u0144c\u00f3w, kt\u00f3rzy wsp\u00f3lnie uczcili 107. rocznic\u0119 odzyskania przez Polsk\u0119 niepodleg\u0142o\u015bci.<\/h2>\n<p><img loading=\"lazy\" decoding=\"async\" src=\"https:\/\/miastozabrze.pl\/wp-content\/uploads\/2025\/11\/11-lis-34-z-192-scaled.jpg\" width=\"2560\" height=\"1707\" class=\"alignnone size-full\" \/><\/p>\n<p>Uroczysto\u015bci rozpocz\u0119\u0142y si\u0119 o godzinie 11:00 Msz\u0105 \u015awi\u0119t\u0105 w intencji Ojczyzny w ko\u015bciele pw. \u015bw. Anny z udzia\u0142em Zabrza\u0144skiego Ch\u00f3ru M\u0142odzie\u017cowego \u201eResonans con tutti\u201d. <\/p><div class=\"zabrz-a3-z-w-tresci-artykulow zabrz-entity-placement\" id=\"zabrz-640121647\"><div class=\"zabrz-adlabel\"><span style=\"font-size: 9px\">REKLAMA<\/span><\/div><div id=\"zabrz-533737216\" style=\"margin-bottom: 40px;margin-left: auto;margin-right: auto;text-align: center;\"><a data-no-instant=\"1\" href=\"https:\/\/ogrodyandersa.pl\/\" rel=\"noopener\" class=\"a2t-link\" target=\"_blank\" aria-label=\"20260415 Ogrody Andersa WYBIERZ MIESZKANIE D\"><img loading=\"lazy\" decoding=\"async\" src=\"https:\/\/www.24zabrze.pl\/wiadomosci\/wp-content\/uploads\/2026\/02\/20260415-Ogrody-Andersa-WYBIERZ-MIESZKANIE-D.jpg\" alt=\"\"  srcset=\"https:\/\/www.24zabrze.pl\/wiadomosci\/wp-content\/uploads\/2026\/02\/20260415-Ogrody-Andersa-WYBIERZ-MIESZKANIE-D.jpg 750w, https:\/\/www.24zabrze.pl\/wiadomosci\/wp-content\/uploads\/2026\/02\/20260415-Ogrody-Andersa-WYBIERZ-MIESZKANIE-D-410x109.jpg 410w\" sizes=\"(max-width: 750px) 100vw, 750px\" class=\"no-lazyload\" width=\"750\" height=\"200\"  style=\"display: inline-block; max-width: 100%; height: auto;\" \/><\/a><\/div><\/div>\n<p><img loading=\"lazy\" decoding=\"async\" src=\"https:\/\/miastozabrze.pl\/wp-content\/uploads\/2025\/11\/11-lis-41-z-192-scaled.jpg\" width=\"2560\" height=\"1707\" class=\"alignnone size-full\" \/><\/p>\n<p><img loading=\"lazy\" decoding=\"async\" src=\"https:\/\/miastozabrze.pl\/wp-content\/uploads\/2025\/11\/11-lis-61-z-192-1600x1067.jpg\" width=\"1600\" height=\"1067\" class=\"alignnone size-full\" \/><\/p>\n<p>Po nabo\u017ce\u0144stwie uczestnicy od\u015bpiewali Hymn Pa\u0144stwowy, wys\u0142uchali wyst\u0105pie\u0144 Prezydenta Miasta <strong>Kamila \u017bbikowskiego<\/strong> oraz Przewodnicz\u0105cego Rady Miasta <strong>Grzegorza Olejniczaka,<\/strong> a nast\u0119pnie z\u0142o\u017cyli kwiaty pod tablic\u0105 \u201ePami\u0119ci tych, co grob\u00f3w nie maj\u0105\u201d.<\/p>\n<p><img loading=\"lazy\" decoding=\"async\" src=\"https:\/\/miastozabrze.pl\/wp-content\/uploads\/2025\/11\/11-lis-145-z-192-1600x1066.jpg\" width=\"1600\" height=\"1066\" class=\"alignnone size-full\" \/><\/p>\n<p><img loading=\"lazy\" decoding=\"async\" src=\"https:\/\/miastozabrze.pl\/wp-content\/uploads\/2025\/11\/11-lis-113-z-192-1600x1067.jpg\" width=\"1600\" height=\"1067\" class=\"alignnone size-full\" \/><\/p>\n<p>Obchody zako\u0144czy\u0142 piknik patriotyczny w ogrodach parafialnych, podczas kt\u00f3rego wyst\u0105pi\u0142a Orkiestra Muzeum G\u00f3rnictwa W\u0119glowego pod dyrekcj\u0105 Henryka Mandrysza.<\/p>\n<p><img loading=\"lazy\" decoding=\"async\" src=\"https:\/\/miastozabrze.pl\/wp-content\/uploads\/2025\/11\/11-lis-172-z-192-1600x1066.jpg\" width=\"1600\" height=\"1066\" class=\"alignnone size-full\" \/><\/p>\n<p><img loading=\"lazy\" decoding=\"async\" src=\"https:\/\/miastozabrze.pl\/wp-content\/uploads\/2025\/11\/11-lis-25-z-192-scaled.jpg\" width=\"1707\" height=\"2560\" class=\"alignnone size-full\" \/><\/p>\n<p>(\u017cms)\/UM Zabrze<\/p>\n","protected":false},"excerpt":{"rendered":"<p>W Zabrzu odby\u0142y si\u0119 uroczyste obchody Narodowego \u015awi\u0119ta Niepodleg\u0142o\u015bci. Wydarzenie zgromadzi\u0142o przedstawicieli samorz\u0105du, parlamentarzyst\u00f3w, s\u0142u\u017cb mundurowych, organizacji spo\u0142ecznych oraz licznych mieszka\u0144c\u00f3w, kt\u00f3rzy wsp\u00f3lnie uczcili 107. rocznic\u0119 odzyskania przez Polsk\u0119 niepodleg\u0142o\u015bci. Uroczysto\u015bci rozpocz\u0119\u0142y si\u0119 o godzinie 11:00 Msz\u0105 \u015awi\u0119t\u0105 w intencji Ojczyzny w ko\u015bciele pw. \u015bw. Anny z udzia\u0142em Zabrza\u0144skiego Ch\u00f3ru M\u0142odzie\u017cowego \u201eResonans con tutti\u201d. Po [&hellip;]<\/p>\n","protected":false},"author":17,"featured_media":115329,"comment_status":"closed","ping_status":"closed","sticky":false,"template":"","format":"standard","meta":{"_monsterinsights_skip_tracking":false,"_monsterinsights_sitenote_active":false,"_monsterinsights_sitenote_note":"","_monsterinsights_sitenote_category":0,"footnotes":"","_links_to":"","_links_to_target":""},"categories":[11756,1],"tags":[],"class_list":["post-115327","post","type-post","status-publish","format-standard","has-post-thumbnail","hentry","category-kultura","category-wszystko"],"_links":{"self":[{"href":"https:\/\/www.24zabrze.pl\/wiadomosci\/wp-json\/wp\/v2\/posts\/115327","targetHints":{"allow":["GET"]}}],"collection":[{"href":"https:\/\/www.24zabrze.pl\/wiadomosci\/wp-json\/wp\/v2\/posts"}],"about":[{"href":"https:\/\/www.24zabrze.pl\/wiadomosci\/wp-json\/wp\/v2\/types\/post"}],"author":[{"embeddable":true,"href":"https:\/\/www.24zabrze.pl\/wiadomosci\/wp-json\/wp\/v2\/users\/17"}],"replies":[{"embeddable":true,"href":"https:\/\/www.24zabrze.pl\/wiadomosci\/wp-json\/wp\/v2\/comments?post=115327"}],"version-history":[{"count":0,"href":"https:\/\/www.24zabrze.pl\/wiadomosci\/wp-json\/wp\/v2\/posts\/115327\/revisions"}],"wp:featuredmedia":[{"embeddable":true,"href":"https:\/\/www.24zabrze.pl\/wiadomosci\/wp-json\/wp\/v2\/media\/115329"}],"wp:attachment":[{"href":"https:\/\/www.24zabrze.pl\/wiadomosci\/wp-json\/wp\/v2\/media?parent=115327"}],"wp:term":[{"taxonomy":"category","embeddable":true,"href":"https:\/\/www.24zabrze.pl\/wiadomosci\/wp-json\/wp\/v2\/categories?post=115327"},{"taxonomy":"post_tag","embeddable":true,"href":"https:\/\/www.24zabrze.pl\/wiadomosci\/wp-json\/wp\/v2\/tags?post=115327"}],"curies":[{"name":"wp","href":"https:\/\/api.w.org\/{rel}","templated":true}]}}