{"id":115310,"date":"2025-11-10T10:20:06","date_gmt":"2025-11-10T09:20:06","guid":{"rendered":"https:\/\/www.24zabrze.pl\/wiadomosci\/?p=115310"},"modified":"2025-11-10T10:20:06","modified_gmt":"2025-11-10T09:20:06","slug":"swieto-niepodleglosci-w-zabrzu-11-listopada-zaplanowano-miejskie-uroczystosci","status":"publish","type":"post","link":"https:\/\/www.24zabrze.pl\/wiadomosci\/swieto-niepodleglosci-w-zabrzu-11-listopada-zaplanowano-miejskie-uroczystosci\/","title":{"rendered":"\u015awi\u0119to Niepodleg\u0142o\u015bci w Zabrzu. 11 listopada zaplanowano miejskie uroczysto\u015bci"},"content":{"rendered":"<div class=\"zabrz-a6-z-nad-leadem-artykulow zabrz-entity-placement\" id=\"zabrz-1799880285\"><div class=\"zabrz-adlabel\"><span style=\"font-size: 9px\">REKLAMA<\/span><\/div><div id=\"zabrz-1665776889\" style=\"margin-bottom: 30px;margin-left: auto;margin-right: auto;text-align: center;\"><a data-no-instant=\"1\" href=\"https:\/\/dom100.eu\/\" rel=\"noopener\" class=\"a2t-link\" target=\"_blank\" aria-label=\"20260415 DOM100 D\"><img loading=\"lazy\" decoding=\"async\" src=\"https:\/\/www.24zabrze.pl\/wiadomosci\/wp-content\/uploads\/2026\/02\/20260415-DOM100-D.jpg\" alt=\"\"  srcset=\"https:\/\/www.24zabrze.pl\/wiadomosci\/wp-content\/uploads\/2026\/02\/20260415-DOM100-D.jpg 750w, https:\/\/www.24zabrze.pl\/wiadomosci\/wp-content\/uploads\/2026\/02\/20260415-DOM100-D-410x109.jpg 410w\" sizes=\"(max-width: 750px) 100vw, 750px\" class=\"no-lazyload\" width=\"750\" height=\"200\"  style=\"display: inline-block; max-width: 100%; height: auto;\" \/><\/a><\/div><\/div><h2>Zabrza\u0144skie obchody \u015awi\u0119ta Niepodleg\u0142o\u015bci zaplanowano w parafii pw. \u015bw. Anny (ul. 3 Maja 18). W programie jest msza z udzia\u0142em ch\u00f3ru, odegranie hymnu, wyst\u0105pienie prezydenta, piknik i koncert orkiestry d\u0119tej MGW, a tak\u017ce z\u0142o\u017cenie kwiat\u00f3w.<\/h2>\n<p>11 listopada to jedna z najwa\u017cniejszych dat w polskim kalendarzu, upami\u0119tniaj\u0105ca odzyskanie przez Polsk\u0119 niepodleg\u0142o\u015bci. Miejskie obchody 107. rocznicy rozpoczn\u0105 si\u0119 o godzinie 11:00, a potrwaj\u0105 do godziny 14:00. <\/p><div class=\"zabrz-a3-z-w-tresci-artykulow zabrz-entity-placement\" id=\"zabrz-3863262401\"><div class=\"zabrz-adlabel\"><span style=\"font-size: 9px\">REKLAMA<\/span><\/div><div id=\"zabrz-4170912099\" style=\"margin-bottom: 40px;margin-left: auto;margin-right: auto;text-align: center;\"><a data-no-instant=\"1\" href=\"https:\/\/ogrodyandersa.pl\/\" rel=\"noopener\" class=\"a2t-link\" target=\"_blank\" aria-label=\"20260415 Ogrody Andersa WYBIERZ MIESZKANIE D\"><img loading=\"lazy\" decoding=\"async\" src=\"https:\/\/www.24zabrze.pl\/wiadomosci\/wp-content\/uploads\/2026\/02\/20260415-Ogrody-Andersa-WYBIERZ-MIESZKANIE-D.jpg\" alt=\"\"  srcset=\"https:\/\/www.24zabrze.pl\/wiadomosci\/wp-content\/uploads\/2026\/02\/20260415-Ogrody-Andersa-WYBIERZ-MIESZKANIE-D.jpg 750w, https:\/\/www.24zabrze.pl\/wiadomosci\/wp-content\/uploads\/2026\/02\/20260415-Ogrody-Andersa-WYBIERZ-MIESZKANIE-D-410x109.jpg 410w\" sizes=\"(max-width: 750px) 100vw, 750px\" class=\"no-lazyload\" width=\"750\" height=\"200\"  style=\"display: inline-block; max-width: 100%; height: auto;\" \/><\/a><\/div><\/div>\n<h4>PROGRAM<\/h4>\n<ul>\n<li><strong>11:00<\/strong> Uroczyste Obchody \u015awi\u0119ta Niepodleg\u0142o\u015bci, ko\u015bci\u00f3\u0142 p.w. \u015aw. Anny \u2013 uroczysta Msza \u015awi\u0119ta w intencji Ojczyzny z udzia\u0142em Zabrza\u0144skiego Ch\u00f3ru M\u0142odzie\u017cowego \u201eResonans con tutti\u201d im. N.G. Kroczka pod kierownictwem Arleny R\u00f3\u017cyckiej-Ga\u0142\u0105zki i Waldemara Ga\u0142\u0105zki;<\/li>\n<li><strong>12:10<\/strong> Uroczyste Obchody \u015awi\u0119ta Niepodleg\u0142o\u015bci, ko\u015bci\u00f3\u0142 p.w. \u015aw. Anny \u2013 odegranie Hymnu Pa\u0144stwowego Rzeczypospolitej Polskiej;<\/li>\n<li><strong>12:15<\/strong> Uroczyste Obchody \u015awi\u0119ta Niepodleg\u0142o\u015bci, ko\u015bci\u00f3\u0142 p.w. \u015aw. Anny \u2013 wyst\u0105pienie Prezydenta Miasta oraz Przewodnicz\u0105cego Rady Miasta;<\/li>\n<li><strong>12:20 <\/strong>Uroczyste Obchody \u015awi\u0119ta Niepodleg\u0142o\u015bci \u2013 z\u0142o\u017cenie wie\u0144c\u00f3w i kwiat\u00f3w pod tablic\u0105 \u201ePami\u0119ci tych, co grob\u00f3w nie maj\u0105\u201d na placu ko\u015bcielnym;<\/li>\n<li><strong>13:00 <\/strong>Uroczyste Obchody \u015awi\u0119ta Niepodleg\u0142o\u015bci \u2013 koncert Orkiestry Muzeum G\u00f3rnictwa W\u0119glowego w Zabrzu pod dyrekcj\u0105 Henryka Mandrysza w ogrodach parafialnych;<\/li>\n<li><strong>14:00<\/strong> Uroczyste Obchody \u015awi\u0119ta Niepodleg\u0142o\u015bci \u2013 z\u0142o\u017cenie kwiat\u00f3w przez Prezydenta Miasta pod pomnikiem Bohater\u00f3w Monte Cassino.<\/li>\n<\/ul>\n<h4>107. rocznica odzyskania niepodleg\u0142o\u015bci<\/h4>\n<p>Po 123 latach zabor\u00f3w, wraz z zako\u0144czeniem I wojny \u015bwiatowej, Polska odzyska\u0142a niepodleg\u0142o\u015b\u0107. Dok\u0142adnie 11 listopada 1918 roku we francuskim Compi\u00e8gne zawarty zosta\u0142 rozejm, piecz\u0119tuj\u0105cy ostateczn\u0105 kl\u0119sk\u0119 Niemiec. Tego samego dnia J\u00f3zef Pi\u0142sudski, tw\u00f3rca Legion\u00f3w Polskich i p\u00f3\u017aniejszy Pierwszy Marsza\u0142ek Polski, stan\u0105\u0142 na czele polskiej armii. I cho\u0107 oficjalny przebieg granic pa\u0144stwowych nie zosta\u0142 jeszcze w\u00f3wczas ustalony, to dzie\u0144 ten uznawany jest za odrodzenie naszego kraju.<\/p>\n<p>(\u017cms)\/(UM)<br \/>\nfot. archiwum UM Zabrze\/zdj\u0119cie pogl\u0105dowe<\/p>\n<p><img loading=\"lazy\" decoding=\"async\" class=\"alignnone size-full\" src=\"https:\/\/miastozabrze.pl\/wp-content\/uploads\/2025\/11\/2025_UM_11_listopada_plakat_1_prev-scaled.jpg\" width=\"1807\" height=\"2560\" \/><\/p>\n","protected":false},"excerpt":{"rendered":"<p>Zabrza\u0144skie obchody \u015awi\u0119ta Niepodleg\u0142o\u015bci zaplanowano w parafii pw. \u015bw. Anny (ul. 3 Maja 18). W programie jest msza z udzia\u0142em ch\u00f3ru, odegranie hymnu, wyst\u0105pienie prezydenta, piknik i koncert orkiestry d\u0119tej MGW, a tak\u017ce z\u0142o\u017cenie kwiat\u00f3w. 11 listopada to jedna z najwa\u017cniejszych dat w polskim kalendarzu, upami\u0119tniaj\u0105ca odzyskanie przez Polsk\u0119 niepodleg\u0142o\u015bci. Miejskie obchody 107. rocznicy rozpoczn\u0105 [&hellip;]<\/p>\n","protected":false},"author":17,"featured_media":115315,"comment_status":"closed","ping_status":"closed","sticky":false,"template":"","format":"standard","meta":{"_monsterinsights_skip_tracking":false,"_monsterinsights_sitenote_active":false,"_monsterinsights_sitenote_note":"","_monsterinsights_sitenote_category":0,"footnotes":"","_links_to":"","_links_to_target":""},"categories":[11756,9,1],"tags":[],"class_list":["post-115310","post","type-post","status-publish","format-standard","has-post-thumbnail","hentry","category-kultura","category-stronaglowna","category-wszystko"],"_links":{"self":[{"href":"https:\/\/www.24zabrze.pl\/wiadomosci\/wp-json\/wp\/v2\/posts\/115310","targetHints":{"allow":["GET"]}}],"collection":[{"href":"https:\/\/www.24zabrze.pl\/wiadomosci\/wp-json\/wp\/v2\/posts"}],"about":[{"href":"https:\/\/www.24zabrze.pl\/wiadomosci\/wp-json\/wp\/v2\/types\/post"}],"author":[{"embeddable":true,"href":"https:\/\/www.24zabrze.pl\/wiadomosci\/wp-json\/wp\/v2\/users\/17"}],"replies":[{"embeddable":true,"href":"https:\/\/www.24zabrze.pl\/wiadomosci\/wp-json\/wp\/v2\/comments?post=115310"}],"version-history":[{"count":0,"href":"https:\/\/www.24zabrze.pl\/wiadomosci\/wp-json\/wp\/v2\/posts\/115310\/revisions"}],"wp:featuredmedia":[{"embeddable":true,"href":"https:\/\/www.24zabrze.pl\/wiadomosci\/wp-json\/wp\/v2\/media\/115315"}],"wp:attachment":[{"href":"https:\/\/www.24zabrze.pl\/wiadomosci\/wp-json\/wp\/v2\/media?parent=115310"}],"wp:term":[{"taxonomy":"category","embeddable":true,"href":"https:\/\/www.24zabrze.pl\/wiadomosci\/wp-json\/wp\/v2\/categories?post=115310"},{"taxonomy":"post_tag","embeddable":true,"href":"https:\/\/www.24zabrze.pl\/wiadomosci\/wp-json\/wp\/v2\/tags?post=115310"}],"curies":[{"name":"wp","href":"https:\/\/api.w.org\/{rel}","templated":true}]}}