{"id":115298,"date":"2025-11-10T09:45:26","date_gmt":"2025-11-10T08:45:26","guid":{"rendered":"https:\/\/www.24zabrze.pl\/wiadomosci\/?p=115298"},"modified":"2025-11-10T09:45:26","modified_gmt":"2025-11-10T08:45:26","slug":"dzien-sw-marcina-w-zabrzanskiej-rokitnicy-juz-po-raz-16-barwny-pochod-i-slodki-poczestunek","status":"publish","type":"post","link":"https:\/\/www.24zabrze.pl\/wiadomosci\/dzien-sw-marcina-w-zabrzanskiej-rokitnicy-juz-po-raz-16-barwny-pochod-i-slodki-poczestunek\/","title":{"rendered":"Dzie\u0144 \u015aw. Marcina w zabrza\u0144skiej Rokitnicy ju\u017c po raz 16. Barwny poch\u00f3d i s\u0142odki pocz\u0119stunek"},"content":{"rendered":"<div class=\"zabrz-a6-z-nad-leadem-artykulow zabrz-entity-placement\" id=\"zabrz-3015259043\"><div class=\"zabrz-adlabel\"><span style=\"font-size: 9px\">REKLAMA<\/span><\/div><div id=\"zabrz-1320024287\" style=\"margin-bottom: 30px;margin-left: auto;margin-right: auto;text-align: center;\"><a data-no-instant=\"1\" href=\"https:\/\/dom100.eu\/\" rel=\"noopener\" class=\"a2t-link\" target=\"_blank\" aria-label=\"20260415 DOM100 D\"><img loading=\"lazy\" decoding=\"async\" src=\"https:\/\/www.24zabrze.pl\/wiadomosci\/wp-content\/uploads\/2026\/02\/20260415-DOM100-D.jpg\" alt=\"\"  srcset=\"https:\/\/www.24zabrze.pl\/wiadomosci\/wp-content\/uploads\/2026\/02\/20260415-DOM100-D.jpg 750w, https:\/\/www.24zabrze.pl\/wiadomosci\/wp-content\/uploads\/2026\/02\/20260415-DOM100-D-410x109.jpg 410w\" sizes=\"(max-width: 750px) 100vw, 750px\" class=\"no-lazyload\" width=\"750\" height=\"200\"  style=\"display: inline-block; max-width: 100%; height: auto;\" \/><\/a><\/div><\/div><h2>Barwny poch\u00f3d, s\u0142odki pocz\u0119stunek dla dzieci &#8211; w Rokitnicy tradycyjnie odb\u0119d\u0105 si\u0119 obchody Dnia \u015awi\u0119tego Marcina. Uroczysto\u015b\u0107 ku czci patrona m.in. dzieci, hotelarzy, podr\u00f3\u017cnik\u00f3w oraz ubogich zaplanowano na wtorek, 11 listopada.<\/h2>\n<p>Barwny poch\u00f3d \u2013 jak ka\u017ce tradycja ze \u015bw. Marcinem na bia\u0142ym koniu na czele \u2013 wyruszy o godzinie 14:45 sprzed siedziby Przedszkola nr 41 przy ul. Nyskiej 21 i uda si\u0119 w stron\u0119 ko\u015bcio\u0142a p.w. Naj\u015bwi\u0119tszego Serca Pana Jezusa przy ul. Kard. S. Wyszy\u0144skiego 14.<\/p><div class=\"zabrz-a3-z-w-tresci-artykulow zabrz-entity-placement\" id=\"zabrz-2208830262\"><div class=\"zabrz-adlabel\"><span style=\"font-size: 9px\">REKLAMA<\/span><\/div><div id=\"zabrz-402985941\" style=\"margin-bottom: 40px;margin-left: auto;margin-right: auto;text-align: center;\"><a data-no-instant=\"1\" href=\"https:\/\/ogrodyandersa.pl\/\" rel=\"noopener\" class=\"a2t-link\" target=\"_blank\" aria-label=\"20260415 Ogrody Andersa WYBIERZ MIESZKANIE D\"><img loading=\"lazy\" decoding=\"async\" src=\"https:\/\/www.24zabrze.pl\/wiadomosci\/wp-content\/uploads\/2026\/02\/20260415-Ogrody-Andersa-WYBIERZ-MIESZKANIE-D.jpg\" alt=\"\"  srcset=\"https:\/\/www.24zabrze.pl\/wiadomosci\/wp-content\/uploads\/2026\/02\/20260415-Ogrody-Andersa-WYBIERZ-MIESZKANIE-D.jpg 750w, https:\/\/www.24zabrze.pl\/wiadomosci\/wp-content\/uploads\/2026\/02\/20260415-Ogrody-Andersa-WYBIERZ-MIESZKANIE-D-410x109.jpg 410w\" sizes=\"(max-width: 750px) 100vw, 750px\" class=\"no-lazyload\" width=\"750\" height=\"200\"  style=\"display: inline-block; max-width: 100%; height: auto;\" \/><\/a><\/div><\/div>\n<p>Dla wszystkich dzieci przewidziano s\u0142odki pocz\u0119stunek \u2013 marci\u0144ski rogal, kt\u00f3rego tradycja narodzi\u0142a si\u0119 przed wieloma laty w Poznaniu.<\/p>\n<p>(\u017cms)\/UM Zabrze<\/p>\n","protected":false},"excerpt":{"rendered":"<p>Barwny poch\u00f3d, s\u0142odki pocz\u0119stunek dla dzieci &#8211; w Rokitnicy tradycyjnie odb\u0119d\u0105 si\u0119 obchody Dnia \u015awi\u0119tego Marcina. Uroczysto\u015b\u0107 ku czci patrona m.in. dzieci, hotelarzy, podr\u00f3\u017cnik\u00f3w oraz ubogich zaplanowano na wtorek, 11 listopada. Barwny poch\u00f3d \u2013 jak ka\u017ce tradycja ze \u015bw. Marcinem na bia\u0142ym koniu na czele \u2013 wyruszy o godzinie 14:45 sprzed siedziby Przedszkola nr 41 [&hellip;]<\/p>\n","protected":false},"author":17,"featured_media":115301,"comment_status":"closed","ping_status":"closed","sticky":false,"template":"","format":"standard","meta":{"_monsterinsights_skip_tracking":false,"_monsterinsights_sitenote_active":false,"_monsterinsights_sitenote_note":"","_monsterinsights_sitenote_category":0,"footnotes":"","_links_to":"","_links_to_target":""},"categories":[11756,1],"tags":[],"class_list":["post-115298","post","type-post","status-publish","format-standard","has-post-thumbnail","hentry","category-kultura","category-wszystko"],"_links":{"self":[{"href":"https:\/\/www.24zabrze.pl\/wiadomosci\/wp-json\/wp\/v2\/posts\/115298","targetHints":{"allow":["GET"]}}],"collection":[{"href":"https:\/\/www.24zabrze.pl\/wiadomosci\/wp-json\/wp\/v2\/posts"}],"about":[{"href":"https:\/\/www.24zabrze.pl\/wiadomosci\/wp-json\/wp\/v2\/types\/post"}],"author":[{"embeddable":true,"href":"https:\/\/www.24zabrze.pl\/wiadomosci\/wp-json\/wp\/v2\/users\/17"}],"replies":[{"embeddable":true,"href":"https:\/\/www.24zabrze.pl\/wiadomosci\/wp-json\/wp\/v2\/comments?post=115298"}],"version-history":[{"count":0,"href":"https:\/\/www.24zabrze.pl\/wiadomosci\/wp-json\/wp\/v2\/posts\/115298\/revisions"}],"wp:featuredmedia":[{"embeddable":true,"href":"https:\/\/www.24zabrze.pl\/wiadomosci\/wp-json\/wp\/v2\/media\/115301"}],"wp:attachment":[{"href":"https:\/\/www.24zabrze.pl\/wiadomosci\/wp-json\/wp\/v2\/media?parent=115298"}],"wp:term":[{"taxonomy":"category","embeddable":true,"href":"https:\/\/www.24zabrze.pl\/wiadomosci\/wp-json\/wp\/v2\/categories?post=115298"},{"taxonomy":"post_tag","embeddable":true,"href":"https:\/\/www.24zabrze.pl\/wiadomosci\/wp-json\/wp\/v2\/tags?post=115298"}],"curies":[{"name":"wp","href":"https:\/\/api.w.org\/{rel}","templated":true}]}}