{"id":115103,"date":"2025-10-22T15:05:24","date_gmt":"2025-10-22T13:05:24","guid":{"rendered":"https:\/\/www.24zabrze.pl\/wiadomosci\/?p=115103"},"modified":"2025-10-22T15:07:29","modified_gmt":"2025-10-22T13:07:29","slug":"slask-rozblysnie-milionem-swiatel-lumina-park-debiutuje-na-slasku-zaprasza-akademia-pana-kleksa","status":"publish","type":"post","link":"https:\/\/www.24zabrze.pl\/wiadomosci\/slask-rozblysnie-milionem-swiatel-lumina-park-debiutuje-na-slasku-zaprasza-akademia-pana-kleksa\/","title":{"rendered":"\u015al\u0105sk rozb\u0142y\u015bnie milionem \u015bwiate\u0142. Lumina Park debiutuje na \u015al\u0105sku \u2013 zaprasza Akademia Pana Kleksa"},"content":{"rendered":"<div class=\"zabrz-a6-z-nad-leadem-artykulow zabrz-entity-placement\" id=\"zabrz-3883823059\"><div class=\"zabrz-adlabel\"><span style=\"font-size: 9px\">REKLAMA<\/span><\/div><div id=\"zabrz-4144414997\" style=\"margin-bottom: 30px;margin-left: auto;margin-right: auto;text-align: center;\"><a data-no-instant=\"1\" href=\"https:\/\/dom100.eu\/\" rel=\"noopener\" class=\"a2t-link\" target=\"_blank\" aria-label=\"20260415 DOM100 D\"><img loading=\"lazy\" decoding=\"async\" src=\"https:\/\/www.24zabrze.pl\/wiadomosci\/wp-content\/uploads\/2026\/02\/20260415-DOM100-D.jpg\" alt=\"\"  srcset=\"https:\/\/www.24zabrze.pl\/wiadomosci\/wp-content\/uploads\/2026\/02\/20260415-DOM100-D.jpg 750w, https:\/\/www.24zabrze.pl\/wiadomosci\/wp-content\/uploads\/2026\/02\/20260415-DOM100-D-410x109.jpg 410w\" sizes=\"(max-width: 750px) 100vw, 750px\" class=\"no-lazyload\" width=\"750\" height=\"200\"  style=\"display: inline-block; max-width: 100%; height: auto;\" \/><\/a><\/div><\/div><h2>Po wielkich sukcesach w najwi\u0119kszych miastach Polski, Lumina Park po raz pierwszy roz\u015bwietli \u015al\u0105sk. Tegoroczna premiera odb\u0119dzie si\u0119 tu\u017c obok Katowic \u2013 na terenie kompleksu Ska\u0142ka w \u015awi\u0119toch\u0142owicach. Start ju\u017c w pi\u0105tek, 24 pa\u017adziernika.<\/h2>\n<p>Na odwiedzaj\u0105cych czeka ponad 200 instalacji \u015bwietlnych rozlokowanych na 1,5-kilometrowej trasie spacerowej, pe\u0142nej efekt\u00f3w specjalnych, multimedi\u00f3w i interaktywnych atrakcji. Motywem przewodnim tegorocznej \u015bcie\u017cki b\u0119dzie Akademia Pana Kleksa, przygotowana w wyj\u0105tkowej, dwucz\u0119\u015bciowej formie.<\/p><div class=\"zabrz-a3-z-w-tresci-artykulow zabrz-entity-placement\" id=\"zabrz-1130276641\"><div class=\"zabrz-adlabel\"><span style=\"font-size: 9px\">REKLAMA<\/span><\/div><div id=\"zabrz-4144673188\" style=\"margin-bottom: 40px;margin-left: auto;margin-right: auto;text-align: center;\"><a data-no-instant=\"1\" href=\"https:\/\/ogrodyandersa.pl\/\" rel=\"noopener\" class=\"a2t-link\" target=\"_blank\" aria-label=\"20260415 Ogrody Andersa WYBIERZ MIESZKANIE D\"><img loading=\"lazy\" decoding=\"async\" src=\"https:\/\/www.24zabrze.pl\/wiadomosci\/wp-content\/uploads\/2026\/02\/20260415-Ogrody-Andersa-WYBIERZ-MIESZKANIE-D.jpg\" alt=\"\"  srcset=\"https:\/\/www.24zabrze.pl\/wiadomosci\/wp-content\/uploads\/2026\/02\/20260415-Ogrody-Andersa-WYBIERZ-MIESZKANIE-D.jpg 750w, https:\/\/www.24zabrze.pl\/wiadomosci\/wp-content\/uploads\/2026\/02\/20260415-Ogrody-Andersa-WYBIERZ-MIESZKANIE-D-410x109.jpg 410w\" sizes=\"(max-width: 750px) 100vw, 750px\" class=\"no-lazyload\" width=\"750\" height=\"200\"  style=\"display: inline-block; max-width: 100%; height: auto;\" \/><\/a><\/div><\/div>\n<p><img loading=\"lazy\" decoding=\"async\" src=\"https:\/\/www.24zabrze.pl\/wiadomosci\/wp-content\/uploads\/2025\/10\/Lumina-Park-Silesia-2025-8.jpg\" alt=\"\" width=\"810\" height=\"456\" class=\"alignnone size-full wp-image-115111\" srcset=\"https:\/\/www.24zabrze.pl\/wiadomosci\/wp-content\/uploads\/2025\/10\/Lumina-Park-Silesia-2025-8.jpg 810w, https:\/\/www.24zabrze.pl\/wiadomosci\/wp-content\/uploads\/2025\/10\/Lumina-Park-Silesia-2025-8-410x232.jpg 410w, https:\/\/www.24zabrze.pl\/wiadomosci\/wp-content\/uploads\/2025\/10\/Lumina-Park-Silesia-2025-8-808x455.jpg 808w, https:\/\/www.24zabrze.pl\/wiadomosci\/wp-content\/uploads\/2025\/10\/Lumina-Park-Silesia-2025-8-768x432.jpg 768w\" sizes=\"auto, (max-width: 810px) 100vw, 810px\" \/><\/p>\n<p>&#8211; <em>Debiut Lumina Park na \u015al\u0105sku to dla nas wyj\u0105tkowe wydarzenie. Chcieli\u015bmy stworzy\u0107 miejsce, kt\u00f3re wci\u0105gnie ca\u0142e rodziny w \u015bwiat fantazji i zabawy, a jednocze\u015bnie poka\u017ce, jak \u015bwiat\u0142o i kreatywno\u015b\u0107 mog\u0105 tworzy\u0107 niezapomniane emocje. Tego \u015al\u0105sk jeszcze nie widzia\u0142!<\/em> \u2013 m\u00f3wi <strong>Jan Szagdaj<\/strong>, CEO Lumina Park.<\/p>\n<h5>W pierwszej cz\u0119\u015bci go\u015bcie wkrocz\u0105 do Akademii Pana Kleksa, gdzie czeka\u0107 b\u0119d\u0105:<\/h5>\n<ul>\n<li>Pracownia Sztuk Przepi\u0119knych,<\/li>\n<li>Katedra Ruchu i Bezruchu Drogowego,<\/li>\n<li>Gry logiczne i\u2026 ca\u0142kiem nielogiczne,<\/li>\n<\/ul>\n<p>i wiele, wiele innych, a wszystko w charakterystycznym dla profesora Kleksa stylu \u2013 pe\u0142nym kolor\u00f3w, humoru i fantazji.<\/p>\n<p><img loading=\"lazy\" decoding=\"async\" src=\"https:\/\/www.24zabrze.pl\/wiadomosci\/wp-content\/uploads\/2025\/10\/Lumina-Park-Silesia-2025-5.jpg\" alt=\"\" width=\"810\" height=\"540\" class=\"alignnone size-full wp-image-115108\" srcset=\"https:\/\/www.24zabrze.pl\/wiadomosci\/wp-content\/uploads\/2025\/10\/Lumina-Park-Silesia-2025-5.jpg 810w, https:\/\/www.24zabrze.pl\/wiadomosci\/wp-content\/uploads\/2025\/10\/Lumina-Park-Silesia-2025-5-348x232.jpg 348w, https:\/\/www.24zabrze.pl\/wiadomosci\/wp-content\/uploads\/2025\/10\/Lumina-Park-Silesia-2025-5-683x455.jpg 683w, https:\/\/www.24zabrze.pl\/wiadomosci\/wp-content\/uploads\/2025\/10\/Lumina-Park-Silesia-2025-5-768x512.jpg 768w\" sizes=\"auto, (max-width: 810px) 100vw, 810px\" \/><\/p>\n<h5>W drugiej cz\u0119\u015bci Pan Kleks otworzy bramy swojej Akademii dla przyjaci\u00f3\u0142 z innych bajek! Zwiedzaj\u0105cy spotkaj\u0105 m.in.:<\/h5>\n<ul>\n<li>Kinga Konga,<\/li>\n<li>Alicj\u0119 z Krainy Czar\u00f3w,<\/li>\n<li>Jacka i Placka,<\/li>\n<li>Arielk\u0119 z morskich g\u0142\u0119bin.<\/li>\n<\/ul>\n<p><img loading=\"lazy\" decoding=\"async\" src=\"https:\/\/www.24zabrze.pl\/wiadomosci\/wp-content\/uploads\/2025\/10\/Lumina-Park-Silesia-2025-2.jpg\" alt=\"\" width=\"810\" height=\"540\" class=\"alignnone size-full wp-image-115106\" srcset=\"https:\/\/www.24zabrze.pl\/wiadomosci\/wp-content\/uploads\/2025\/10\/Lumina-Park-Silesia-2025-2.jpg 810w, https:\/\/www.24zabrze.pl\/wiadomosci\/wp-content\/uploads\/2025\/10\/Lumina-Park-Silesia-2025-2-348x232.jpg 348w, https:\/\/www.24zabrze.pl\/wiadomosci\/wp-content\/uploads\/2025\/10\/Lumina-Park-Silesia-2025-2-683x455.jpg 683w, https:\/\/www.24zabrze.pl\/wiadomosci\/wp-content\/uploads\/2025\/10\/Lumina-Park-Silesia-2025-2-768x512.jpg 768w\" sizes=\"auto, (max-width: 810px) 100vw, 810px\" \/><\/p>\n<p>Interaktywne instalacje, multimedialne show i ba\u015bniowa narracja sprawi\u0105, \u017ce spacer zamieni si\u0119 w niezwyk\u0142\u0105 przygod\u0119 dla dzieci i doros\u0142ych.<\/p>\n<p>&#8211; <em>To ogromna rado\u015b\u0107, \u017ce w\u0142a\u015bnie \u015awi\u0119toch\u0142owice sta\u0142y si\u0119 miejscem, w kt\u00f3rym Lumina Park debiutuje na \u015al\u0105sku. To kolejne wydarzenie, kt\u00f3re rzuca nowe \u015bwiat\u0142o na nasze miasto i pokazuje, jak wiele si\u0119 u nas dzieje<\/em> &#8211; m\u00f3wi Prezydent Miasta \u015awi\u0119toch\u0142owice, <strong>Daniel Beger.<\/strong><\/p>\n<p><img loading=\"lazy\" decoding=\"async\" src=\"https:\/\/www.24zabrze.pl\/wiadomosci\/wp-content\/uploads\/2025\/10\/Lumina-Park-Silesia-2025-4.jpg\" alt=\"\" width=\"810\" height=\"540\" class=\"alignnone size-full wp-image-115107\" srcset=\"https:\/\/www.24zabrze.pl\/wiadomosci\/wp-content\/uploads\/2025\/10\/Lumina-Park-Silesia-2025-4.jpg 810w, https:\/\/www.24zabrze.pl\/wiadomosci\/wp-content\/uploads\/2025\/10\/Lumina-Park-Silesia-2025-4-348x232.jpg 348w, https:\/\/www.24zabrze.pl\/wiadomosci\/wp-content\/uploads\/2025\/10\/Lumina-Park-Silesia-2025-4-683x455.jpg 683w, https:\/\/www.24zabrze.pl\/wiadomosci\/wp-content\/uploads\/2025\/10\/Lumina-Park-Silesia-2025-4-768x512.jpg 768w\" sizes=\"auto, (max-width: 810px) 100vw, 810px\" \/><\/p>\n<p>\u201eSka\u0142ka\u201d przesz\u0142a w ostatnich latach niezwyk\u0142\u0105 metamorfoz\u0119 &#8211; pocz\u0105wszy od przebudowy toru \u017cu\u017clowego i siedziby o\u015brodka, poprzez stworzenie kompleksu boisk pi\u0142karskich i krytego lodowiska, a na budowie hali sportowo-widowiskowej ko\u0144cz\u0105c. Teraz zyska zupe\u0142nie nowy, magiczny blask, a mieszka\u0144cy ca\u0142ego regionu b\u0119d\u0105 mogli odkrywa\u0107 to niezwyk\u0142e widowisko \u015bwiat\u0142a, d\u017awi\u0119ku i wyobra\u017ani, przy okazji patrz\u0105c na \u015awi\u0119toch\u0142owice przez zupe\u0142nie nowy pryzmat.<\/p>\n<p><img loading=\"lazy\" decoding=\"async\" src=\"https:\/\/www.24zabrze.pl\/wiadomosci\/wp-content\/uploads\/2025\/10\/Lumina-Park-Silesia-2025-7.jpg\" alt=\"\" width=\"810\" height=\"540\" class=\"alignnone size-full wp-image-115110\" srcset=\"https:\/\/www.24zabrze.pl\/wiadomosci\/wp-content\/uploads\/2025\/10\/Lumina-Park-Silesia-2025-7.jpg 810w, https:\/\/www.24zabrze.pl\/wiadomosci\/wp-content\/uploads\/2025\/10\/Lumina-Park-Silesia-2025-7-348x232.jpg 348w, https:\/\/www.24zabrze.pl\/wiadomosci\/wp-content\/uploads\/2025\/10\/Lumina-Park-Silesia-2025-7-683x455.jpg 683w, https:\/\/www.24zabrze.pl\/wiadomosci\/wp-content\/uploads\/2025\/10\/Lumina-Park-Silesia-2025-7-768x512.jpg 768w\" sizes=\"auto, (max-width: 810px) 100vw, 810px\" \/><br \/>\n \u00a0\u00a0<br \/>\n&#8211; <em>Ciesz\u0119 si\u0119, \u017ce mo\u017cemy go\u015bci\u0107 wydarzenie, kt\u00f3re \u0142\u0105czy pokolenia i inspiruje do wsp\u00f3lnego sp\u0119dzania czasu. Wierz\u0119, \u017ce Lumina Park stanie si\u0119 jednym z najpi\u0119kniejszych punkt\u00f3w na mapie jesienno-zimowych atrakcji \u015al\u0105ska \u2013 pe\u0142nym rado\u015bci, ciep\u0142a i rodzinnej atmosfery. Mam nadziej\u0119, \u017ce b\u0119dzie to r\u00f3wnie\u017c okazja do\u00a0spaceru po \u201eSka\u0142ce\u201d, ale te\u017c bli\u017cszego poznania \u015awi\u0119toch\u0142owic i zwiedzenia innych wartych uwagi miejsc &#8211; jak chocia\u017cby zrewitalizowany staw Kalina, czy odzyskuj\u0105ce dawny blask zabytkowe zabudowania dzielnicy Lipiny<\/em> &#8211; dodaje Daniel Beger, w\u0142odarz miasta.<\/p>\n<p>Jeste\u015bcie gotowi na Akademi\u0119 Pana Kleksa w \u015bwietlnym wydaniu?<\/p>\n<h5>Informacje praktyczne:<\/h5>\n<ul>\n<li>Miejsce: OSiR Ska\u0142ka, \u015awi\u0119toch\u0142owice (tu\u017c obok Katowic),<\/li>\n<li>Start: 24 pa\u017adziernika 2025 r.<\/li>\n<li>Godziny otwarcia: 24 i 25.10 Lumina Park zaprasza od 17:30. Od 26.10 od 16:30. Godziny otwarcia r\u00f3\u017cni\u0105 si\u0119 w zale\u017cno\u015bci od zachodu s\u0142o\u0144ca, sprawd\u017a je na luminapark.pl\/silesia.<\/li>\n<li>\u015acie\u017cka: 1,5 km, ponad 200 instalacji \u015bwietlnych<\/li>\n<\/ul>\n<p>Wi\u0119cej informacji i bilety: <a href=\"http:\/\/luminapark.pl\/silesia\" target=\"_blank\">luminapark.pl\/silesia<\/a><\/p>\n<p><small>materia\u0142 partnera<\/small><\/p>\n","protected":false},"excerpt":{"rendered":"<p>Po wielkich sukcesach w najwi\u0119kszych miastach Polski, Lumina Park po raz pierwszy roz\u015bwietli \u015al\u0105sk. Tegoroczna premiera odb\u0119dzie si\u0119 tu\u017c obok Katowic \u2013 na terenie kompleksu Ska\u0142ka w \u015awi\u0119toch\u0142owicach. Start ju\u017c w pi\u0105tek, 24 pa\u017adziernika. Na odwiedzaj\u0105cych czeka ponad 200 instalacji \u015bwietlnych rozlokowanych na 1,5-kilometrowej trasie spacerowej, pe\u0142nej efekt\u00f3w specjalnych, multimedi\u00f3w i interaktywnych atrakcji. Motywem przewodnim [&hellip;]<\/p>\n","protected":false},"author":17,"featured_media":115109,"comment_status":"closed","ping_status":"closed","sticky":false,"template":"","format":"standard","meta":{"_monsterinsights_skip_tracking":false,"_monsterinsights_sitenote_active":false,"_monsterinsights_sitenote_note":"","_monsterinsights_sitenote_category":0,"footnotes":"","_links_to":"","_links_to_target":""},"categories":[11756,1129],"tags":[12772],"class_list":["post-115103","post","type-post","status-publish","format-standard","has-post-thumbnail","hentry","category-kultura","category-polecamy","tag-swietochlowice"],"_links":{"self":[{"href":"https:\/\/www.24zabrze.pl\/wiadomosci\/wp-json\/wp\/v2\/posts\/115103","targetHints":{"allow":["GET"]}}],"collection":[{"href":"https:\/\/www.24zabrze.pl\/wiadomosci\/wp-json\/wp\/v2\/posts"}],"about":[{"href":"https:\/\/www.24zabrze.pl\/wiadomosci\/wp-json\/wp\/v2\/types\/post"}],"author":[{"embeddable":true,"href":"https:\/\/www.24zabrze.pl\/wiadomosci\/wp-json\/wp\/v2\/users\/17"}],"replies":[{"embeddable":true,"href":"https:\/\/www.24zabrze.pl\/wiadomosci\/wp-json\/wp\/v2\/comments?post=115103"}],"version-history":[{"count":0,"href":"https:\/\/www.24zabrze.pl\/wiadomosci\/wp-json\/wp\/v2\/posts\/115103\/revisions"}],"wp:featuredmedia":[{"embeddable":true,"href":"https:\/\/www.24zabrze.pl\/wiadomosci\/wp-json\/wp\/v2\/media\/115109"}],"wp:attachment":[{"href":"https:\/\/www.24zabrze.pl\/wiadomosci\/wp-json\/wp\/v2\/media?parent=115103"}],"wp:term":[{"taxonomy":"category","embeddable":true,"href":"https:\/\/www.24zabrze.pl\/wiadomosci\/wp-json\/wp\/v2\/categories?post=115103"},{"taxonomy":"post_tag","embeddable":true,"href":"https:\/\/www.24zabrze.pl\/wiadomosci\/wp-json\/wp\/v2\/tags?post=115103"}],"curies":[{"name":"wp","href":"https:\/\/api.w.org\/{rel}","templated":true}]}}