{"id":114942,"date":"2025-10-10T18:38:22","date_gmt":"2025-10-10T16:38:22","guid":{"rendered":"https:\/\/www.24zabrze.pl\/wiadomosci\/?p=114942"},"modified":"2025-10-10T18:38:22","modified_gmt":"2025-10-10T16:38:22","slug":"zasadzili-15-tys-nowych-drzew-w-lesie-komunalnym-w-biskupicach","status":"publish","type":"post","link":"https:\/\/www.24zabrze.pl\/wiadomosci\/zasadzili-15-tys-nowych-drzew-w-lesie-komunalnym-w-biskupicach\/","title":{"rendered":"Zasadzili 1,5 tys. nowych drzew w lesie komunalnym w Biskupicach"},"content":{"rendered":"<div class=\"zabrz-a6-z-nad-leadem-artykulow zabrz-entity-placement\" id=\"zabrz-3492836257\"><div class=\"zabrz-adlabel\"><span style=\"font-size: 9px\">REKLAMA<\/span><\/div><div id=\"zabrz-1808885043\" style=\"margin-bottom: 30px;margin-left: auto;margin-right: auto;text-align: center;\"><a data-no-instant=\"1\" href=\"https:\/\/dom100.eu\/\" rel=\"noopener\" class=\"a2t-link\" target=\"_blank\" aria-label=\"20260415 DOM100 D\"><img loading=\"lazy\" decoding=\"async\" src=\"https:\/\/www.24zabrze.pl\/wiadomosci\/wp-content\/uploads\/2026\/02\/20260415-DOM100-D.jpg\" alt=\"\"  srcset=\"https:\/\/www.24zabrze.pl\/wiadomosci\/wp-content\/uploads\/2026\/02\/20260415-DOM100-D.jpg 750w, https:\/\/www.24zabrze.pl\/wiadomosci\/wp-content\/uploads\/2026\/02\/20260415-DOM100-D-410x109.jpg 410w\" sizes=\"(max-width: 750px) 100vw, 750px\" class=\"no-lazyload\" width=\"750\" height=\"200\"  style=\"display: inline-block; max-width: 100%; height: auto;\" \/><\/a><\/div><\/div><p><H2>W lesie komunalnym Motocross w Zabrzu-Biskupicach odby\u0142a si\u0119 akcja sadzenia drzew, w ramach kt\u00f3rej posadzono 1,5 tys. nowych okaz\u00f3w. Dzia\u0142ania te mia\u0142y na celu nie tylko wzbogacenie zieleni miejskiej, ale tak\u017ce integracj\u0119 mieszka\u0144c\u00f3w wok\u00f3\u0142 dzia\u0142a\u0144 proekologicznych i promowanie postaw odpowiedzialno\u015bci za wsp\u00f3lne \u015brodowisko.<\/h2>\n<p>W wydarzeniu uczestniczy\u0142 prezydent Zabrza<strong> Kamil \u017bbikowski<\/strong>, przedstawiciele Fundacji One More Tree, uczestnicy Warsztat\u00f3w Terapii Zaj\u0119ciowej Caritas Diecezji Gliwickiej w Zabrzu, a tak\u017ce wolontariuszeCentrum Wolontariatu \u201eForum Razem\u201d oraz przedstawicieli Urz\u0119du Miejskiego.<\/p>\n<p>&#8211; <em>Podczas wydarzenia uczestnicy posadzili 1500 sadzonek drzew le\u015bnych, przyczyniaj\u0105c si\u0119 do zwi\u0119kszenia bior\u00f3\u017cnorodno\u015bci i poprawy jako\u015bci \u015brodowiska naturalnego w mie\u015bcie. W programie przewidziano r\u00f3wnie\u017c prelekcj\u0119 na temat znaczenia bior\u00f3\u017cnorodno\u015bci oraz roli lokalnych spo\u0142eczno\u015bci w ochronie przyrody. Le\u015bniczy opowiedzia\u0142 o zasadach prawid\u0142owego sadzenia drzew, a ca\u0142o\u015b\u0107 uzupe\u0142ni\u0142 kr\u00f3tki quiz ekologiczny<\/em> &#8211; informuje Urz\u0105d Miejski w Zabrzu. <\/p><div class=\"zabrz-a3-z-w-tresci-artykulow zabrz-entity-placement\" id=\"zabrz-3256190166\"><div class=\"zabrz-adlabel\"><span style=\"font-size: 9px\">REKLAMA<\/span><\/div><div id=\"zabrz-3596176558\" style=\"margin-bottom: 40px;margin-left: auto;margin-right: auto;text-align: center;\"><a data-no-instant=\"1\" href=\"https:\/\/ogrodyandersa.pl\/\" rel=\"noopener\" class=\"a2t-link\" target=\"_blank\" aria-label=\"20260415 Ogrody Andersa WYBIERZ MIESZKANIE D\"><img loading=\"lazy\" decoding=\"async\" src=\"https:\/\/www.24zabrze.pl\/wiadomosci\/wp-content\/uploads\/2026\/02\/20260415-Ogrody-Andersa-WYBIERZ-MIESZKANIE-D.jpg\" alt=\"\"  srcset=\"https:\/\/www.24zabrze.pl\/wiadomosci\/wp-content\/uploads\/2026\/02\/20260415-Ogrody-Andersa-WYBIERZ-MIESZKANIE-D.jpg 750w, https:\/\/www.24zabrze.pl\/wiadomosci\/wp-content\/uploads\/2026\/02\/20260415-Ogrody-Andersa-WYBIERZ-MIESZKANIE-D-410x109.jpg 410w\" sizes=\"(max-width: 750px) 100vw, 750px\" class=\"no-lazyload\" width=\"750\" height=\"200\"  style=\"display: inline-block; max-width: 100%; height: auto;\" \/><\/a><\/div><\/div>\n<p>(\u017cms)\/UM Zabrze<br \/>\nfot. UM Zabrze<\/p>\n<p><img loading=\"lazy\" decoding=\"async\" src=\"https:\/\/www.24zabrze.pl\/wiadomosci\/wp-content\/uploads\/2025\/10\/sadzenie-drzew.jpg\" alt=\"\" width=\"810\" height=\"540\" class=\"alignnone size-full wp-image-114944\" srcset=\"https:\/\/www.24zabrze.pl\/wiadomosci\/wp-content\/uploads\/2025\/10\/sadzenie-drzew.jpg 810w, https:\/\/www.24zabrze.pl\/wiadomosci\/wp-content\/uploads\/2025\/10\/sadzenie-drzew-348x232.jpg 348w, https:\/\/www.24zabrze.pl\/wiadomosci\/wp-content\/uploads\/2025\/10\/sadzenie-drzew-683x455.jpg 683w, https:\/\/www.24zabrze.pl\/wiadomosci\/wp-content\/uploads\/2025\/10\/sadzenie-drzew-768x512.jpg 768w\" sizes=\"auto, (max-width: 810px) 100vw, 810px\" \/><\/p>\n","protected":false},"excerpt":{"rendered":"<p>W lesie komunalnym Motocross w Zabrzu-Biskupicach odby\u0142a si\u0119 akcja sadzenia drzew, w ramach kt\u00f3rej posadzono 1,5 tys. nowych okaz\u00f3w. Dzia\u0142ania te mia\u0142y na celu nie tylko wzbogacenie zieleni miejskiej, ale tak\u017ce integracj\u0119 mieszka\u0144c\u00f3w wok\u00f3\u0142 dzia\u0142a\u0144 proekologicznych i promowanie postaw odpowiedzialno\u015bci za wsp\u00f3lne \u015brodowisko. W wydarzeniu uczestniczy\u0142 prezydent Zabrza Kamil \u017bbikowski, przedstawiciele Fundacji One More Tree, [&hellip;]<\/p>\n","protected":false},"author":17,"featured_media":114945,"comment_status":"closed","ping_status":"closed","sticky":false,"template":"","format":"standard","meta":{"_monsterinsights_skip_tracking":false,"_monsterinsights_sitenote_active":false,"_monsterinsights_sitenote_note":"","_monsterinsights_sitenote_category":0,"footnotes":"","_links_to":"","_links_to_target":""},"categories":[11756,1],"tags":[12760],"class_list":["post-114942","post","type-post","status-publish","format-standard","has-post-thumbnail","hentry","category-kultura","category-wszystko","tag-drzewa"],"_links":{"self":[{"href":"https:\/\/www.24zabrze.pl\/wiadomosci\/wp-json\/wp\/v2\/posts\/114942","targetHints":{"allow":["GET"]}}],"collection":[{"href":"https:\/\/www.24zabrze.pl\/wiadomosci\/wp-json\/wp\/v2\/posts"}],"about":[{"href":"https:\/\/www.24zabrze.pl\/wiadomosci\/wp-json\/wp\/v2\/types\/post"}],"author":[{"embeddable":true,"href":"https:\/\/www.24zabrze.pl\/wiadomosci\/wp-json\/wp\/v2\/users\/17"}],"replies":[{"embeddable":true,"href":"https:\/\/www.24zabrze.pl\/wiadomosci\/wp-json\/wp\/v2\/comments?post=114942"}],"version-history":[{"count":0,"href":"https:\/\/www.24zabrze.pl\/wiadomosci\/wp-json\/wp\/v2\/posts\/114942\/revisions"}],"wp:featuredmedia":[{"embeddable":true,"href":"https:\/\/www.24zabrze.pl\/wiadomosci\/wp-json\/wp\/v2\/media\/114945"}],"wp:attachment":[{"href":"https:\/\/www.24zabrze.pl\/wiadomosci\/wp-json\/wp\/v2\/media?parent=114942"}],"wp:term":[{"taxonomy":"category","embeddable":true,"href":"https:\/\/www.24zabrze.pl\/wiadomosci\/wp-json\/wp\/v2\/categories?post=114942"},{"taxonomy":"post_tag","embeddable":true,"href":"https:\/\/www.24zabrze.pl\/wiadomosci\/wp-json\/wp\/v2\/tags?post=114942"}],"curies":[{"name":"wp","href":"https:\/\/api.w.org\/{rel}","templated":true}]}}