{"id":114897,"date":"2025-10-03T17:23:57","date_gmt":"2025-10-03T15:23:57","guid":{"rendered":"https:\/\/www.24zabrze.pl\/wiadomosci\/?p=114897"},"modified":"2025-10-03T17:23:57","modified_gmt":"2025-10-03T15:23:57","slug":"odczaruj-przesady-zwiazane-z-czarnym-kotem-rodzinne-warsztaty-kreatywne-w-galerii-cafe-silesia","status":"publish","type":"post","link":"https:\/\/www.24zabrze.pl\/wiadomosci\/odczaruj-przesady-zwiazane-z-czarnym-kotem-rodzinne-warsztaty-kreatywne-w-galerii-cafe-silesia\/","title":{"rendered":"Odczaruj przes\u0105dy zwi\u0105zane z czarnym kotem. Rodzinne warsztaty kreatywne w Galerii Caf\u00e9 Silesia"},"content":{"rendered":"<div class=\"zabrz-a6-z-nad-leadem-artykulow zabrz-entity-placement\" id=\"zabrz-431534648\"><div class=\"zabrz-adlabel\"><span style=\"font-size: 9px\">REKLAMA<\/span><\/div><div id=\"zabrz-3375999981\" style=\"margin-bottom: 30px;margin-left: auto;margin-right: auto;text-align: center;\"><a data-no-instant=\"1\" href=\"https:\/\/dom100.eu\/\" rel=\"noopener\" class=\"a2t-link\" target=\"_blank\" aria-label=\"20260415 DOM100 D\"><img loading=\"lazy\" decoding=\"async\" src=\"https:\/\/www.24zabrze.pl\/wiadomosci\/wp-content\/uploads\/2026\/02\/20260415-DOM100-D.jpg\" alt=\"\"  srcset=\"https:\/\/www.24zabrze.pl\/wiadomosci\/wp-content\/uploads\/2026\/02\/20260415-DOM100-D.jpg 750w, https:\/\/www.24zabrze.pl\/wiadomosci\/wp-content\/uploads\/2026\/02\/20260415-DOM100-D-410x109.jpg 410w\" sizes=\"(max-width: 750px) 100vw, 750px\" class=\"no-lazyload\" width=\"750\" height=\"200\"  style=\"display: inline-block; max-width: 100%; height: auto;\" \/><\/a><\/div><\/div><h2>Muzeum Miejskie w Zabrzu organizuje rodzinne warsztaty kreatywne towarzysz\u0105ce wystawie \u201eTo si\u0119 nie mie\u015bci w g\u0142owie!\u201d. Spotkanie b\u0119dzie okazj\u0105 do wsp\u00f3lnej zabawy, odkrywania \u015bwiata sztuki oraz odczarowania przes\u0105d\u00f3w zwi\u0105zanych z czarnym kotem.<\/h2>\n<p>Podczas warsztat\u00f3w uczestnicy \u2013 dzieci wraz z rodzicami, a tak\u017ce grupy przyjaci\u00f3\u0142 czy s\u0105siad\u00f3w \u2013 b\u0119d\u0105 mogli stworzy\u0107 wielkiego czarnego kota i ozdobi\u0107 go w fantazyjny spos\u00f3b, nadaj\u0105c mu pozytywny charakter. Dla os\u00f3b, kt\u00f3re dysponuj\u0105 mniejsz\u0105 ilo\u015bci\u0105 czasu, przygotowano mo\u017cliwo\u015b\u0107 wykonania zak\u0142adki w kszta\u0142cie nietoperza lub pacynki-sowy.<\/p><div class=\"zabrz-a3-z-w-tresci-artykulow zabrz-entity-placement\" id=\"zabrz-3882797652\"><div class=\"zabrz-adlabel\"><span style=\"font-size: 9px\">REKLAMA<\/span><\/div><div id=\"zabrz-2316023393\" style=\"margin-bottom: 40px;margin-left: auto;margin-right: auto;text-align: center;\"><a data-no-instant=\"1\" href=\"https:\/\/ogrodyandersa.pl\/\" rel=\"noopener\" class=\"a2t-link\" target=\"_blank\" aria-label=\"20260415 Ogrody Andersa WYBIERZ MIESZKANIE D\"><img loading=\"lazy\" decoding=\"async\" src=\"https:\/\/www.24zabrze.pl\/wiadomosci\/wp-content\/uploads\/2026\/02\/20260415-Ogrody-Andersa-WYBIERZ-MIESZKANIE-D.jpg\" alt=\"\"  srcset=\"https:\/\/www.24zabrze.pl\/wiadomosci\/wp-content\/uploads\/2026\/02\/20260415-Ogrody-Andersa-WYBIERZ-MIESZKANIE-D.jpg 750w, https:\/\/www.24zabrze.pl\/wiadomosci\/wp-content\/uploads\/2026\/02\/20260415-Ogrody-Andersa-WYBIERZ-MIESZKANIE-D-410x109.jpg 410w\" sizes=\"(max-width: 750px) 100vw, 750px\" class=\"no-lazyload\" width=\"750\" height=\"200\"  style=\"display: inline-block; max-width: 100%; height: auto;\" \/><\/a><\/div><\/div>\n<h4>Terminy i miejsce:<\/h4>\n<ul>\n<li>5 pa\u017adziernika 2025 r., godz. 10:00\u201314:00,<\/li>\n<li>26 pa\u017adziernika 2025 r., godz. 10:00\u201314:00.<\/li>\n<\/ul>\n<p>Galeria Muzeum Miejskiego w Zabrzu Caf\u00e9 Silesia, ul. 3 Maja 6<br \/>\nUdzia\u0142: w cenie biletu wst\u0119pu na wystaw\u0119.<\/p>\n<p>Warsztaty skierowane s\u0105 do wszystkich, kt\u00f3rzy chc\u0105 tw\u00f3rczo sp\u0119dzi\u0107 czas i wsp\u00f3lnie odkrywa\u0107 \u015bwiat wyobra\u017ani.<\/p>\n<p>(\u017cms)\/UM Zabrze<br \/>\nfot. mat. organizatora\/UM Zabrze<\/p>\n<p><img loading=\"lazy\" decoding=\"async\" src=\"https:\/\/miastozabrze.pl\/wp-content\/uploads\/2025\/09\/Odczarowywanie-czarnego-kota.-Warsztaty-rodzinne-2-1086x1536.jpg\" width=\"1086\" height=\"1536\" class=\"alignnone size-medium\" \/><\/p>\n","protected":false},"excerpt":{"rendered":"<p>Muzeum Miejskie w Zabrzu organizuje rodzinne warsztaty kreatywne towarzysz\u0105ce wystawie \u201eTo si\u0119 nie mie\u015bci w g\u0142owie!\u201d. Spotkanie b\u0119dzie okazj\u0105 do wsp\u00f3lnej zabawy, odkrywania \u015bwiata sztuki oraz odczarowania przes\u0105d\u00f3w zwi\u0105zanych z czarnym kotem. Podczas warsztat\u00f3w uczestnicy \u2013 dzieci wraz z rodzicami, a tak\u017ce grupy przyjaci\u00f3\u0142 czy s\u0105siad\u00f3w \u2013 b\u0119d\u0105 mogli stworzy\u0107 wielkiego czarnego kota i ozdobi\u0107 [&hellip;]<\/p>\n","protected":false},"author":17,"featured_media":114903,"comment_status":"closed","ping_status":"closed","sticky":false,"template":"","format":"standard","meta":{"_monsterinsights_skip_tracking":false,"_monsterinsights_sitenote_active":false,"_monsterinsights_sitenote_note":"","_monsterinsights_sitenote_category":0,"footnotes":"","_links_to":"","_links_to_target":""},"categories":[11756,1],"tags":[],"class_list":["post-114897","post","type-post","status-publish","format-standard","has-post-thumbnail","hentry","category-kultura","category-wszystko"],"_links":{"self":[{"href":"https:\/\/www.24zabrze.pl\/wiadomosci\/wp-json\/wp\/v2\/posts\/114897","targetHints":{"allow":["GET"]}}],"collection":[{"href":"https:\/\/www.24zabrze.pl\/wiadomosci\/wp-json\/wp\/v2\/posts"}],"about":[{"href":"https:\/\/www.24zabrze.pl\/wiadomosci\/wp-json\/wp\/v2\/types\/post"}],"author":[{"embeddable":true,"href":"https:\/\/www.24zabrze.pl\/wiadomosci\/wp-json\/wp\/v2\/users\/17"}],"replies":[{"embeddable":true,"href":"https:\/\/www.24zabrze.pl\/wiadomosci\/wp-json\/wp\/v2\/comments?post=114897"}],"version-history":[{"count":0,"href":"https:\/\/www.24zabrze.pl\/wiadomosci\/wp-json\/wp\/v2\/posts\/114897\/revisions"}],"wp:featuredmedia":[{"embeddable":true,"href":"https:\/\/www.24zabrze.pl\/wiadomosci\/wp-json\/wp\/v2\/media\/114903"}],"wp:attachment":[{"href":"https:\/\/www.24zabrze.pl\/wiadomosci\/wp-json\/wp\/v2\/media?parent=114897"}],"wp:term":[{"taxonomy":"category","embeddable":true,"href":"https:\/\/www.24zabrze.pl\/wiadomosci\/wp-json\/wp\/v2\/categories?post=114897"},{"taxonomy":"post_tag","embeddable":true,"href":"https:\/\/www.24zabrze.pl\/wiadomosci\/wp-json\/wp\/v2\/tags?post=114897"}],"curies":[{"name":"wp","href":"https:\/\/api.w.org\/{rel}","templated":true}]}}