{"id":114854,"date":"2025-10-01T11:58:54","date_gmt":"2025-10-01T09:58:54","guid":{"rendered":"https:\/\/www.24zabrze.pl\/wiadomosci\/?p=114854"},"modified":"2025-10-01T12:01:19","modified_gmt":"2025-10-01T10:01:19","slug":"noc-naukowcow-politechniki-slaskiej-mozna-juz-rejestrowac-sie-na-wybrane-wydarzenia","status":"publish","type":"post","link":"https:\/\/www.24zabrze.pl\/wiadomosci\/noc-naukowcow-politechniki-slaskiej-mozna-juz-rejestrowac-sie-na-wybrane-wydarzenia\/","title":{"rendered":"Noc Naukowc\u00f3w Politechniki \u015al\u0105skiej. Mo\u017cna ju\u017c rejestrowa\u0107 si\u0119 na wybrane wydarzenia"},"content":{"rendered":"<div class=\"zabrz-a6-z-nad-leadem-artykulow zabrz-entity-placement\" id=\"zabrz-426728320\"><div class=\"zabrz-adlabel\"><span style=\"font-size: 9px\">REKLAMA<\/span><\/div><div id=\"zabrz-4280516821\" style=\"margin-bottom: 30px;margin-left: auto;margin-right: auto;text-align: center;\"><a data-no-instant=\"1\" href=\"https:\/\/dom100.eu\/\" rel=\"noopener\" class=\"a2t-link\" target=\"_blank\" aria-label=\"20260415 DOM100 D\"><img loading=\"lazy\" decoding=\"async\" src=\"https:\/\/www.24zabrze.pl\/wiadomosci\/wp-content\/uploads\/2026\/02\/20260415-DOM100-D.jpg\" alt=\"\"  srcset=\"https:\/\/www.24zabrze.pl\/wiadomosci\/wp-content\/uploads\/2026\/02\/20260415-DOM100-D.jpg 750w, https:\/\/www.24zabrze.pl\/wiadomosci\/wp-content\/uploads\/2026\/02\/20260415-DOM100-D-410x109.jpg 410w\" sizes=\"(max-width: 750px) 100vw, 750px\" class=\"no-lazyload\" width=\"750\" height=\"200\"  style=\"display: inline-block; max-width: 100%; height: auto;\" \/><\/a><\/div><\/div><h2>Noc Naukowc\u00f3w na Politechnice \u015al\u0105skiej to ponad 200 aktywno\u015bci, kt\u00f3re zostan\u0105 zorganizowane na wydzia\u0142ach uczelni w czterech \u015bl\u0105skich miastach: w Gliwicach, Zabrzu, Katowicach i Rybniku. Impreza odb\u0119dzie si\u0119 w sobot\u0119, 11 pa\u017adziernika. Rejestracja na wybrane warsztaty ju\u017c si\u0119 rozpocz\u0119\u0142a. <\/h2>\n<p>Od 20 lat Politechnika \u015al\u0105ska popularyzuje i promuje nauk\u0119 w formie otwartego wydarzenia, kt\u00f3re co roku przyci\u0105ga mi\u0142o\u015bnik\u00f3w wiedzy i eksperyment\u00f3w. Noc Naukowc\u00f3w zapisa\u0142a si\u0119 w \u015bwiadomo\u015bci mieszka\u0144c\u00f3w regionu jako zbi\u00f3r inspiruj\u0105cych wyk\u0142ad\u00f3w, ekscytuj\u0105cych pokaz\u00f3w i warsztat\u00f3w oraz dost\u0119pnych dla wszystkich laboratori\u00f3w.<\/p><div class=\"zabrz-a3-z-w-tresci-artykulow zabrz-entity-placement\" id=\"zabrz-1311913464\"><div class=\"zabrz-adlabel\"><span style=\"font-size: 9px\">REKLAMA<\/span><\/div><div id=\"zabrz-3156567800\" style=\"margin-bottom: 40px;margin-left: auto;margin-right: auto;text-align: center;\"><a data-no-instant=\"1\" href=\"https:\/\/ogrodyandersa.pl\/\" rel=\"noopener\" class=\"a2t-link\" target=\"_blank\" aria-label=\"20260415 Ogrody Andersa WYBIERZ MIESZKANIE D\"><img loading=\"lazy\" decoding=\"async\" src=\"https:\/\/www.24zabrze.pl\/wiadomosci\/wp-content\/uploads\/2026\/02\/20260415-Ogrody-Andersa-WYBIERZ-MIESZKANIE-D.jpg\" alt=\"\"  srcset=\"https:\/\/www.24zabrze.pl\/wiadomosci\/wp-content\/uploads\/2026\/02\/20260415-Ogrody-Andersa-WYBIERZ-MIESZKANIE-D.jpg 750w, https:\/\/www.24zabrze.pl\/wiadomosci\/wp-content\/uploads\/2026\/02\/20260415-Ogrody-Andersa-WYBIERZ-MIESZKANIE-D-410x109.jpg 410w\" sizes=\"(max-width: 750px) 100vw, 750px\" class=\"no-lazyload\" width=\"750\" height=\"200\"  style=\"display: inline-block; max-width: 100%; height: auto;\" \/><\/a><\/div><\/div>\n<p>&#8211; <em>Nie inaczej b\u0119dzie podczas jubileuszowej, 20. edycji Nocy Naukowc\u00f3w, kt\u00f3ra w tym roku odbywa si\u0119 pod has\u0142em \u201eNauka p\u0142ynie z dobrych \u017ar\u00f3de\u0142\u201d i koncentruje si\u0119 na poszukiwaniu rzetelnych \u017ar\u00f3de\u0142, docieraniu do sprawdzonych informacji i danych udowodnionych naukowo. Wydarzenie odb\u0119dzie si\u0119 11 pa\u017adziernika w godzinach od 17:00 do 23:00 w 4 kampusach uczelni: Gliwicach, Katowicach, Zabrzu i Rybniku<\/em> &#8211; informuje <strong>Aleksandra Wojaczek<\/strong> z Politechniki \u015al\u0105skiej. <\/p>\n<h4>W programie uczestnicy znajd\u0105 ponad 200 aktywno\u015bci popularnonaukowych z r\u00f3\u017cnych dziedzin &#8211; m.in.:<\/h4>\n<ul>\n<li>zbuduj\u0105 w\u0142asn\u0105 rakiet\u0119 i dowiedz\u0105 si\u0119, sk\u0105d satelity bior\u0105 pr\u0105d w kosmosie,<\/li>\n<li>wyizoluj\u0105 DNA z owoc\u00f3w i przeprowadz\u0105 do\u015bwiadczenia w jednym z laboratori\u00f3w,<\/li>\n<li>dowiedz\u0105 si\u0119, jak in\u017cynierowie tworz\u0105 instrumenty i co mog\u0105 na nich zagra\u0107,<\/li>\n<li>wykonaj\u0105 operacj\u0119 i poznaj\u0105, w jaki spos\u00f3b in\u017cynieria \u0142\u0105czy si\u0119 z medycyn\u0105,<\/li>\n<li>przekonaj\u0105 si\u0119, czy trudno prowadzi\u0107 poci\u0105g lub sterowa\u0107 samolotem.<\/li>\n<\/ul>\n<p>&#8211; <em>Aktywno\u015bci Nocy Naukowc\u00f3w s\u0105 skierowane do r\u00f3\u017cnych grup wiekowych. Dla najm\u0142odszych uczestnik\u00f3w Nocy Naukowc\u00f3w przygotowano specjaln\u0105 \u201eStref\u0119 Bajtla\u201d. Z kolei p\u00f3\u017anym wieczorem odb\u0119d\u0105 si\u0119 skierowane wy\u0142\u0105cznie dla doros\u0142ych wyk\u0142ady (np. \u201eCzym odurzaj\u0105 si\u0119 zwierz\u0119ta?\u201d) i panele dyskusyjne (np. \u201ePorozmawiajmy o sztucznej inteligencji\u201d). Opr\u00f3cz tego odwiedzaj\u0105cy politechniczne kampusy b\u0119d\u0105 mogli wzi\u0105\u0107 udzia\u0142 w pokazie ognia, spektaklach i koncertach<\/em> &#8211; zapowiada Wojaczek. <\/p>\n<p><img loading=\"lazy\" decoding=\"async\" src=\"https:\/\/www.polsl.pl\/wp-content\/uploads\/2025\/09\/noc-naukowcow-politechnika-slaska-1200x628-002.jpg\" width=\"770\" height=\"402\" class=\"alignnone size-medium\" \/><\/p>\n<p>Aby wzi\u0105\u0107 udzia\u0142 w wydarzeniu, uczestnicy b\u0119d\u0105 musieli pobra\u0107 bezp\u0142atn\u0105 wej\u015bci\u00f3wk\u0119. Od 1 pa\u017adziernika rozpocz\u0119\u0142a si\u0119 rejestracja na warsztaty Nocy Naukowc\u00f3w. Szczeg\u00f3\u0142y oraz program s\u0105 dost\u0119pne na stronie internetowej: <a href=\"http:\/\/www.nocnaukowcow.com.pl\/\" target=\"_blank\">http:\/\/www.nocnaukowcow.com.pl\/<\/a>.<\/p>\n<p>Organizatorem Nocy Naukowc\u00f3w jest Politechnika \u015al\u0105ska. <\/p>\n<p>(\u017cms)\/POLSL.pl<br \/>\nfot. mat. Politechniki \u015al\u0105skiej\/ARCHIWUM\/zdj\u0119cie pogl\u0105dowe<\/p>\n","protected":false},"excerpt":{"rendered":"<p>Noc Naukowc\u00f3w na Politechnice \u015al\u0105skiej to ponad 200 aktywno\u015bci, kt\u00f3re zostan\u0105 zorganizowane na wydzia\u0142ach uczelni w czterech \u015bl\u0105skich miastach: w Gliwicach, Zabrzu, Katowicach i Rybniku. Impreza odb\u0119dzie si\u0119 w sobot\u0119, 11 pa\u017adziernika. Rejestracja na wybrane warsztaty ju\u017c si\u0119 rozpocz\u0119\u0142a. Od 20 lat Politechnika \u015al\u0105ska popularyzuje i promuje nauk\u0119 w formie otwartego wydarzenia, kt\u00f3re co roku [&hellip;]<\/p>\n","protected":false},"author":17,"featured_media":80248,"comment_status":"closed","ping_status":"closed","sticky":false,"template":"","format":"standard","meta":{"_monsterinsights_skip_tracking":false,"_monsterinsights_sitenote_active":false,"_monsterinsights_sitenote_note":"","_monsterinsights_sitenote_category":0,"footnotes":"","_links_to":"","_links_to_target":""},"categories":[11756,1],"tags":[],"class_list":["post-114854","post","type-post","status-publish","format-standard","has-post-thumbnail","hentry","category-kultura","category-wszystko"],"_links":{"self":[{"href":"https:\/\/www.24zabrze.pl\/wiadomosci\/wp-json\/wp\/v2\/posts\/114854","targetHints":{"allow":["GET"]}}],"collection":[{"href":"https:\/\/www.24zabrze.pl\/wiadomosci\/wp-json\/wp\/v2\/posts"}],"about":[{"href":"https:\/\/www.24zabrze.pl\/wiadomosci\/wp-json\/wp\/v2\/types\/post"}],"author":[{"embeddable":true,"href":"https:\/\/www.24zabrze.pl\/wiadomosci\/wp-json\/wp\/v2\/users\/17"}],"replies":[{"embeddable":true,"href":"https:\/\/www.24zabrze.pl\/wiadomosci\/wp-json\/wp\/v2\/comments?post=114854"}],"version-history":[{"count":0,"href":"https:\/\/www.24zabrze.pl\/wiadomosci\/wp-json\/wp\/v2\/posts\/114854\/revisions"}],"wp:featuredmedia":[{"embeddable":true,"href":"https:\/\/www.24zabrze.pl\/wiadomosci\/wp-json\/wp\/v2\/media\/80248"}],"wp:attachment":[{"href":"https:\/\/www.24zabrze.pl\/wiadomosci\/wp-json\/wp\/v2\/media?parent=114854"}],"wp:term":[{"taxonomy":"category","embeddable":true,"href":"https:\/\/www.24zabrze.pl\/wiadomosci\/wp-json\/wp\/v2\/categories?post=114854"},{"taxonomy":"post_tag","embeddable":true,"href":"https:\/\/www.24zabrze.pl\/wiadomosci\/wp-json\/wp\/v2\/tags?post=114854"}],"curies":[{"name":"wp","href":"https:\/\/api.w.org\/{rel}","templated":true}]}}