{"id":114842,"date":"2025-09-30T12:02:38","date_gmt":"2025-09-30T10:02:38","guid":{"rendered":"https:\/\/www.24zabrze.pl\/wiadomosci\/?p=114842"},"modified":"2025-09-30T12:02:38","modified_gmt":"2025-09-30T10:02:38","slug":"rozowy-pazdziernik-w-zabrzu-odbedzie-sie-spotkanie-profilaktyczne-obowiazuja-zapisy","status":"publish","type":"post","link":"https:\/\/www.24zabrze.pl\/wiadomosci\/rozowy-pazdziernik-w-zabrzu-odbedzie-sie-spotkanie-profilaktyczne-obowiazuja-zapisy\/","title":{"rendered":"R\u00f3\u017cowy pa\u017adziernik. W Zabrzu odb\u0119dzie si\u0119 spotkanie profilaktyczne, obowi\u0105zuj\u0105 zapisy"},"content":{"rendered":"<div class=\"zabrz-a6-z-nad-leadem-artykulow zabrz-entity-placement\" id=\"zabrz-1277486127\"><div class=\"zabrz-adlabel\"><span style=\"font-size: 9px\">REKLAMA<\/span><\/div><div id=\"zabrz-4161532422\" style=\"margin-bottom: 30px;margin-left: auto;margin-right: auto;text-align: center;\"><a data-no-instant=\"1\" href=\"https:\/\/dom100.eu\/\" rel=\"noopener\" class=\"a2t-link\" target=\"_blank\" aria-label=\"20260415 DOM100 D\"><img loading=\"lazy\" decoding=\"async\" src=\"https:\/\/www.24zabrze.pl\/wiadomosci\/wp-content\/uploads\/2026\/02\/20260415-DOM100-D.jpg\" alt=\"\"  srcset=\"https:\/\/www.24zabrze.pl\/wiadomosci\/wp-content\/uploads\/2026\/02\/20260415-DOM100-D.jpg 750w, https:\/\/www.24zabrze.pl\/wiadomosci\/wp-content\/uploads\/2026\/02\/20260415-DOM100-D-410x109.jpg 410w\" sizes=\"(max-width: 750px) 100vw, 750px\" class=\"no-lazyload\" width=\"750\" height=\"200\"  style=\"display: inline-block; max-width: 100%; height: auto;\" \/><\/a><\/div><\/div><h2>Profilaktyka i regularne badania maj\u0105 ogromne znaczenie dla zdrowia \u2013 mog\u0105 uratowa\u0107 \u017cycie i pom\u00f3c wczesnym wykryciu chor\u00f3b. Zabrze w\u0142\u0105cza si\u0119 w dzia\u0142ania promuj\u0105ce \u015bwiadomo\u015b\u0107 zdrowotn\u0105, organizuj\u0105c spotkanie edukacyjne dla mieszka\u0144c\u00f3w.<\/h2>\n<p>To wyj\u0105tkowa okazja, by zdoby\u0107 praktyczn\u0105 wiedz\u0119 i inspiracj\u0119 do dbania o zdrowie swoje i najbli\u017cszych. By wzi\u0105\u0107 udzia\u0142 nale\u017cy dokona\u0107 wcze\u015bniejszej<a href=\"https:\/\/app.evenea.pl\/event\/celujemywraka\/index\/krok-2?\" target=\"_blank\"> rejestracji (link). <\/a>Udzia\u0142 jest bezp\u0142atny. <\/p><div class=\"zabrz-a3-z-w-tresci-artykulow zabrz-entity-placement\" id=\"zabrz-2725872094\"><div class=\"zabrz-adlabel\"><span style=\"font-size: 9px\">REKLAMA<\/span><\/div><div id=\"zabrz-2438706326\" style=\"margin-bottom: 40px;margin-left: auto;margin-right: auto;text-align: center;\"><a data-no-instant=\"1\" href=\"https:\/\/ogrodyandersa.pl\/\" rel=\"noopener\" class=\"a2t-link\" target=\"_blank\" aria-label=\"20260415 Ogrody Andersa WYBIERZ MIESZKANIE D\"><img loading=\"lazy\" decoding=\"async\" src=\"https:\/\/www.24zabrze.pl\/wiadomosci\/wp-content\/uploads\/2026\/02\/20260415-Ogrody-Andersa-WYBIERZ-MIESZKANIE-D.jpg\" alt=\"\"  srcset=\"https:\/\/www.24zabrze.pl\/wiadomosci\/wp-content\/uploads\/2026\/02\/20260415-Ogrody-Andersa-WYBIERZ-MIESZKANIE-D.jpg 750w, https:\/\/www.24zabrze.pl\/wiadomosci\/wp-content\/uploads\/2026\/02\/20260415-Ogrody-Andersa-WYBIERZ-MIESZKANIE-D-410x109.jpg 410w\" sizes=\"(max-width: 750px) 100vw, 750px\" class=\"no-lazyload\" width=\"750\" height=\"200\"  style=\"display: inline-block; max-width: 100%; height: auto;\" \/><\/a><\/div><\/div>\n<p>Spotkanie odb\u0119dzie si\u0119 w pi\u0105tek, 3 pa\u017adziernika, w godzinach 17:00\u201319:00 w restauracji Zabrza\u0144ski Go\u015bciniec, Al. Bohater\u00f3w Monte Cassino 9, Zabrze.<\/p>\n<h5>Program wydarzenia:<\/h5>\n<ul>\n<li>Prelekcje dotycz\u0105ce znaczenia bada\u0144 profilaktycznych,<\/li>\n<li>Informacje o nowoczesnych metodach leczenia,<\/li>\n<li>Porady zwi\u0105zane ze zdrowym stylem \u017cycia i naturalnymi metodami dbania o zdrowie,<\/li>\n<li>Wskaz\u00f3wki dotycz\u0105ce wsparcia emocjonalnego i psychicznego,<\/li>\n<li>Mo\u017cliwo\u015b\u0107 zadawania pyta\u0144 ekspertom.<\/li>\n<\/ul>\n<h5>Go\u015bcie specjalni:<\/h5>\n<ul>\n<li>prof. dr hab. n. med. <strong>Gabriela Kramer-Marek<\/strong>,<\/li>\n<li><strong>Justyna Dec,<\/strong> Prezes Fundacji Oko w Oko z Rakiem.<\/li>\n<\/ul>\n<p>(\u017cms)\/UM Zabrze<\/p>\n<p><img loading=\"lazy\" decoding=\"async\" src=\"https:\/\/miastozabrze.pl\/wp-content\/uploads\/2025\/09\/Plakat-Rozowy-2_page-0001-1099x1536.jpg\" width=\"1099\" height=\"1536\" class=\"alignnone size-medium\" \/><\/p>\n","protected":false},"excerpt":{"rendered":"<p>Profilaktyka i regularne badania maj\u0105 ogromne znaczenie dla zdrowia \u2013 mog\u0105 uratowa\u0107 \u017cycie i pom\u00f3c wczesnym wykryciu chor\u00f3b. Zabrze w\u0142\u0105cza si\u0119 w dzia\u0142ania promuj\u0105ce \u015bwiadomo\u015b\u0107 zdrowotn\u0105, organizuj\u0105c spotkanie edukacyjne dla mieszka\u0144c\u00f3w. To wyj\u0105tkowa okazja, by zdoby\u0107 praktyczn\u0105 wiedz\u0119 i inspiracj\u0119 do dbania o zdrowie swoje i najbli\u017cszych. By wzi\u0105\u0107 udzia\u0142 nale\u017cy dokona\u0107 wcze\u015bniejszej rejestracji (link). [&hellip;]<\/p>\n","protected":false},"author":17,"featured_media":114846,"comment_status":"closed","ping_status":"closed","sticky":false,"template":"","format":"standard","meta":{"_monsterinsights_skip_tracking":false,"_monsterinsights_sitenote_active":false,"_monsterinsights_sitenote_note":"","_monsterinsights_sitenote_category":0,"footnotes":"","_links_to":"","_links_to_target":""},"categories":[11756,1],"tags":[12752,12751],"class_list":["post-114842","post","type-post","status-publish","format-standard","has-post-thumbnail","hentry","category-kultura","category-wszystko","tag-nowotwory","tag-rozowy-pazdziernik"],"_links":{"self":[{"href":"https:\/\/www.24zabrze.pl\/wiadomosci\/wp-json\/wp\/v2\/posts\/114842","targetHints":{"allow":["GET"]}}],"collection":[{"href":"https:\/\/www.24zabrze.pl\/wiadomosci\/wp-json\/wp\/v2\/posts"}],"about":[{"href":"https:\/\/www.24zabrze.pl\/wiadomosci\/wp-json\/wp\/v2\/types\/post"}],"author":[{"embeddable":true,"href":"https:\/\/www.24zabrze.pl\/wiadomosci\/wp-json\/wp\/v2\/users\/17"}],"replies":[{"embeddable":true,"href":"https:\/\/www.24zabrze.pl\/wiadomosci\/wp-json\/wp\/v2\/comments?post=114842"}],"version-history":[{"count":0,"href":"https:\/\/www.24zabrze.pl\/wiadomosci\/wp-json\/wp\/v2\/posts\/114842\/revisions"}],"wp:featuredmedia":[{"embeddable":true,"href":"https:\/\/www.24zabrze.pl\/wiadomosci\/wp-json\/wp\/v2\/media\/114846"}],"wp:attachment":[{"href":"https:\/\/www.24zabrze.pl\/wiadomosci\/wp-json\/wp\/v2\/media?parent=114842"}],"wp:term":[{"taxonomy":"category","embeddable":true,"href":"https:\/\/www.24zabrze.pl\/wiadomosci\/wp-json\/wp\/v2\/categories?post=114842"},{"taxonomy":"post_tag","embeddable":true,"href":"https:\/\/www.24zabrze.pl\/wiadomosci\/wp-json\/wp\/v2\/tags?post=114842"}],"curies":[{"name":"wp","href":"https:\/\/api.w.org\/{rel}","templated":true}]}}