{"id":114838,"date":"2025-09-30T11:52:18","date_gmt":"2025-09-30T09:52:18","guid":{"rendered":"https:\/\/www.24zabrze.pl\/wiadomosci\/?p=114838"},"modified":"2025-09-30T11:52:18","modified_gmt":"2025-09-30T09:52:18","slug":"dni-otwarte-schroniska-dla-zwierzat-psitul-mnie-zaprasza-na-kiermasz-i-oprowadzanie","status":"publish","type":"post","link":"https:\/\/www.24zabrze.pl\/wiadomosci\/dni-otwarte-schroniska-dla-zwierzat-psitul-mnie-zaprasza-na-kiermasz-i-oprowadzanie\/","title":{"rendered":"Dni otwarte schroniska dla zwierz\u0105t. Psitul mnie zaprasza na kiermasz i oprowadzanie"},"content":{"rendered":"<div class=\"zabrz-a6-z-nad-leadem-artykulow zabrz-entity-placement\" id=\"zabrz-2090851534\"><div class=\"zabrz-adlabel\"><span style=\"font-size: 9px\">REKLAMA<\/span><\/div><div id=\"zabrz-538699525\" style=\"margin-bottom: 30px;margin-left: auto;margin-right: auto;text-align: center;\"><a data-no-instant=\"1\" href=\"https:\/\/dom100.eu\/\" rel=\"noopener\" class=\"a2t-link\" target=\"_blank\" aria-label=\"20260415 DOM100 D\"><img loading=\"lazy\" decoding=\"async\" src=\"https:\/\/www.24zabrze.pl\/wiadomosci\/wp-content\/uploads\/2026\/02\/20260415-DOM100-D.jpg\" alt=\"\"  srcset=\"https:\/\/www.24zabrze.pl\/wiadomosci\/wp-content\/uploads\/2026\/02\/20260415-DOM100-D.jpg 750w, https:\/\/www.24zabrze.pl\/wiadomosci\/wp-content\/uploads\/2026\/02\/20260415-DOM100-D-410x109.jpg 410w\" sizes=\"(max-width: 750px) 100vw, 750px\" class=\"no-lazyload\" width=\"750\" height=\"200\"  style=\"display: inline-block; max-width: 100%; height: auto;\" \/><\/a><\/div><\/div><h2>Pokazy ps\u00f3w i kot\u00f3w, porady behawioryst\u00f3w, oprowadzanie oraz kiermasz &#8211; w schronisku dla bezdomnych zwierz\u0105t &#8220;Psitul mnie&#8221; zaplanowano dni otwarte. Mo\u017cna tam zajrze\u0107 w sobot\u0119 i niedziel\u0119, 4-5 pa\u017adziernika.<\/h2>\n<p>Wydarzenie organizowane jest z okazji \u015awiatowego Dnia Zwierz\u0105t. B\u0119dzie to okazja do wsp\u00f3lnego \u015bwi\u0119towania, spotka\u0144 oraz dzia\u0142a\u0144 na rzecz braci mniejszych.<\/p><div class=\"zabrz-a3-z-w-tresci-artykulow zabrz-entity-placement\" id=\"zabrz-2808392046\"><div class=\"zabrz-adlabel\"><span style=\"font-size: 9px\">REKLAMA<\/span><\/div><div id=\"zabrz-3433812907\" style=\"margin-bottom: 40px;margin-left: auto;margin-right: auto;text-align: center;\"><a data-no-instant=\"1\" href=\"https:\/\/ogrodyandersa.pl\/\" rel=\"noopener\" class=\"a2t-link\" target=\"_blank\" aria-label=\"20260415 Ogrody Andersa WYBIERZ MIESZKANIE D\"><img loading=\"lazy\" decoding=\"async\" src=\"https:\/\/www.24zabrze.pl\/wiadomosci\/wp-content\/uploads\/2026\/02\/20260415-Ogrody-Andersa-WYBIERZ-MIESZKANIE-D.jpg\" alt=\"\"  srcset=\"https:\/\/www.24zabrze.pl\/wiadomosci\/wp-content\/uploads\/2026\/02\/20260415-Ogrody-Andersa-WYBIERZ-MIESZKANIE-D.jpg 750w, https:\/\/www.24zabrze.pl\/wiadomosci\/wp-content\/uploads\/2026\/02\/20260415-Ogrody-Andersa-WYBIERZ-MIESZKANIE-D-410x109.jpg 410w\" sizes=\"(max-width: 750px) 100vw, 750px\" class=\"no-lazyload\" width=\"750\" height=\"200\"  style=\"display: inline-block; max-width: 100%; height: auto;\" \/><\/a><\/div><\/div>\n<p>&#8211; <em>W ramach wydarzenia odb\u0119dzie si\u0119 kiermasz, na kt\u00f3rym dost\u0119pne b\u0119d\u0105 m.in. r\u0119kodzie\u0142a zwi\u0105zane z tematyk\u0105 zwierz\u0119c\u0105 \u2013 torby, bi\u017cuteria czy inne drobiazgi przygotowane przez darczy\u0144c\u00f3w. Organizatorzy zach\u0119caj\u0105 wszystkich, kt\u00f3rzy chcieliby wnie\u015b\u0107 sw\u00f3j wk\u0142ad w formie w\u0142asnych prac, aby przy\u0142\u0105czyli si\u0119 do tej inicjatywy<\/em> &#8211; zapowiada Urz\u0105d Miejski. <\/p>\n<p>\u015awiatowy Dzie\u0144 Zwierz\u0105t w Psitul mnie to r\u00f3wnie\u017c okazja, by sp\u0119dzi\u0107 czas w przyjaznej atmosferze i dowiedzie\u0107 si\u0119 wi\u0119cej o codziennej pracy schroniska.<\/p>\n<p>Dni otwarte odb\u0119d\u0105 si\u0119 w weekend &#8211; 4 i 5 pa\u017adziernika, w godzinach 10:00-14:00 w schronisku przy ul. Bytomskiej 150. <\/p>\n<p>(\u017cms)\/UM Zabrze<br \/>\nfot. arch. UM Zabrze<\/p>\n<p><img loading=\"lazy\" decoding=\"async\" src=\"https:\/\/miastozabrze.pl\/wp-content\/uploads\/2025\/09\/549733647_1220754726752990_1714459252004233301_n-1086x1536.jpg\" width=\"1086\" height=\"1536\" class=\"alignnone size-medium\" \/><\/p>\n","protected":false},"excerpt":{"rendered":"<p>Pokazy ps\u00f3w i kot\u00f3w, porady behawioryst\u00f3w, oprowadzanie oraz kiermasz &#8211; w schronisku dla bezdomnych zwierz\u0105t &#8220;Psitul mnie&#8221; zaplanowano dni otwarte. Mo\u017cna tam zajrze\u0107 w sobot\u0119 i niedziel\u0119, 4-5 pa\u017adziernika. Wydarzenie organizowane jest z okazji \u015awiatowego Dnia Zwierz\u0105t. B\u0119dzie to okazja do wsp\u00f3lnego \u015bwi\u0119towania, spotka\u0144 oraz dzia\u0142a\u0144 na rzecz braci mniejszych. &#8211; W ramach wydarzenia odb\u0119dzie [&hellip;]<\/p>\n","protected":false},"author":17,"featured_media":114841,"comment_status":"closed","ping_status":"closed","sticky":false,"template":"","format":"standard","meta":{"_monsterinsights_skip_tracking":false,"_monsterinsights_sitenote_active":false,"_monsterinsights_sitenote_note":"","_monsterinsights_sitenote_category":0,"footnotes":"","_links_to":"","_links_to_target":""},"categories":[11756,1],"tags":[],"class_list":["post-114838","post","type-post","status-publish","format-standard","has-post-thumbnail","hentry","category-kultura","category-wszystko"],"_links":{"self":[{"href":"https:\/\/www.24zabrze.pl\/wiadomosci\/wp-json\/wp\/v2\/posts\/114838","targetHints":{"allow":["GET"]}}],"collection":[{"href":"https:\/\/www.24zabrze.pl\/wiadomosci\/wp-json\/wp\/v2\/posts"}],"about":[{"href":"https:\/\/www.24zabrze.pl\/wiadomosci\/wp-json\/wp\/v2\/types\/post"}],"author":[{"embeddable":true,"href":"https:\/\/www.24zabrze.pl\/wiadomosci\/wp-json\/wp\/v2\/users\/17"}],"replies":[{"embeddable":true,"href":"https:\/\/www.24zabrze.pl\/wiadomosci\/wp-json\/wp\/v2\/comments?post=114838"}],"version-history":[{"count":0,"href":"https:\/\/www.24zabrze.pl\/wiadomosci\/wp-json\/wp\/v2\/posts\/114838\/revisions"}],"wp:featuredmedia":[{"embeddable":true,"href":"https:\/\/www.24zabrze.pl\/wiadomosci\/wp-json\/wp\/v2\/media\/114841"}],"wp:attachment":[{"href":"https:\/\/www.24zabrze.pl\/wiadomosci\/wp-json\/wp\/v2\/media?parent=114838"}],"wp:term":[{"taxonomy":"category","embeddable":true,"href":"https:\/\/www.24zabrze.pl\/wiadomosci\/wp-json\/wp\/v2\/categories?post=114838"},{"taxonomy":"post_tag","embeddable":true,"href":"https:\/\/www.24zabrze.pl\/wiadomosci\/wp-json\/wp\/v2\/tags?post=114838"}],"curies":[{"name":"wp","href":"https:\/\/api.w.org\/{rel}","templated":true}]}}