{"id":114834,"date":"2025-09-29T15:16:47","date_gmt":"2025-09-29T13:16:47","guid":{"rendered":"https:\/\/www.24zabrze.pl\/wiadomosci\/?p=114834"},"modified":"2025-09-29T15:16:47","modified_gmt":"2025-09-29T13:16:47","slug":"103-urodziny-zabrza-juz-za-nami-tak-zabrzanie-swietowali-rocznice-nadania-praw-miejskich-zdjecia","status":"publish","type":"post","link":"https:\/\/www.24zabrze.pl\/wiadomosci\/103-urodziny-zabrza-juz-za-nami-tak-zabrzanie-swietowali-rocznice-nadania-praw-miejskich-zdjecia\/","title":{"rendered":"103. urodziny Zabrza ju\u017c za nami. Tak zabrzanie \u015bwi\u0119towali rocznic\u0119 nadania praw miejskich (zdj\u0119cia)"},"content":{"rendered":"<div class=\"zabrz-a6-z-nad-leadem-artykulow zabrz-entity-placement\" id=\"zabrz-163714054\"><div class=\"zabrz-adlabel\"><span style=\"font-size: 9px\">REKLAMA<\/span><\/div><div id=\"zabrz-1003080149\" style=\"margin-bottom: 30px;margin-left: auto;margin-right: auto;text-align: center;\"><a data-no-instant=\"1\" href=\"https:\/\/dom100.eu\/\" rel=\"noopener\" class=\"a2t-link\" target=\"_blank\" aria-label=\"20260415 DOM100 D\"><img loading=\"lazy\" decoding=\"async\" src=\"https:\/\/www.24zabrze.pl\/wiadomosci\/wp-content\/uploads\/2026\/02\/20260415-DOM100-D.jpg\" alt=\"\"  srcset=\"https:\/\/www.24zabrze.pl\/wiadomosci\/wp-content\/uploads\/2026\/02\/20260415-DOM100-D.jpg 750w, https:\/\/www.24zabrze.pl\/wiadomosci\/wp-content\/uploads\/2026\/02\/20260415-DOM100-D-410x109.jpg 410w\" sizes=\"(max-width: 750px) 100vw, 750px\" class=\"no-lazyload\" width=\"750\" height=\"200\"  style=\"display: inline-block; max-width: 100%; height: auto;\" \/><\/a><\/div><\/div><h2>Zabrze obchodzi\u0142o swoje 103. urodziny. W programie znalaz\u0142y si\u0119 wydarzenia sportowe, kulturalne i integracyjne, kt\u00f3re zgromadzi\u0142y licznych mieszka\u0144c\u00f3w oraz go\u015bci, tworz\u0105c atmosfer\u0119 rado\u015bci i wsp\u00f3lnego \u015bwi\u0119towania.<\/h2>\n<p>Obchody rozpocz\u0119\u0142y si\u0119 26 wrze\u015bnia sportow\u0105 imprez\u0105 \u201eBiegamy dla Zabrza\u201d w Parku im. Powsta\u0144c\u00f3w \u015al\u0105skich, w kt\u00f3rej udzia\u0142 wzi\u0119\u0142y dzieci z zabrza\u0144skich szk\u00f3\u0142 podstawowych.<\/p><div class=\"zabrz-a3-z-w-tresci-artykulow zabrz-entity-placement\" id=\"zabrz-2901732144\"><div class=\"zabrz-adlabel\"><span style=\"font-size: 9px\">REKLAMA<\/span><\/div><div id=\"zabrz-406506172\" style=\"margin-bottom: 40px;margin-left: auto;margin-right: auto;text-align: center;\"><a data-no-instant=\"1\" href=\"https:\/\/ogrodyandersa.pl\/\" rel=\"noopener\" class=\"a2t-link\" target=\"_blank\" aria-label=\"20260415 Ogrody Andersa WYBIERZ MIESZKANIE D\"><img loading=\"lazy\" decoding=\"async\" src=\"https:\/\/www.24zabrze.pl\/wiadomosci\/wp-content\/uploads\/2026\/02\/20260415-Ogrody-Andersa-WYBIERZ-MIESZKANIE-D.jpg\" alt=\"\"  srcset=\"https:\/\/www.24zabrze.pl\/wiadomosci\/wp-content\/uploads\/2026\/02\/20260415-Ogrody-Andersa-WYBIERZ-MIESZKANIE-D.jpg 750w, https:\/\/www.24zabrze.pl\/wiadomosci\/wp-content\/uploads\/2026\/02\/20260415-Ogrody-Andersa-WYBIERZ-MIESZKANIE-D-410x109.jpg 410w\" sizes=\"(max-width: 750px) 100vw, 750px\" class=\"no-lazyload\" width=\"750\" height=\"200\"  style=\"display: inline-block; max-width: 100%; height: auto;\" \/><\/a><\/div><\/div>\n<p><img loading=\"lazy\" decoding=\"async\" class=\"alignnone size-medium\" src=\"https:\/\/miastozabrze.pl\/wp-content\/uploads\/2025\/09\/103-urodziny-Zabrza-Bieg-dla-Zabrza-fot.-Pawel-JaNic-Janicki-047-scaled.jpg\" width=\"2560\" height=\"1706\" \/><\/p>\n<p><img loading=\"lazy\" decoding=\"async\" class=\"alignnone size-medium\" src=\"https:\/\/miastozabrze.pl\/wp-content\/uploads\/2025\/09\/103-urodziny-Zabrza-Bieg-dla-Zabrza-fot.-Pawel-JaNic-Janicki-079-scaled.jpg\" width=\"2560\" height=\"1707\" \/><\/p>\n<p>Kolejny dzie\u0144 wype\u0142ni\u0142y wydarzenia r\u00f3\u017cnorodne tematycznie. Rano odby\u0142 si\u0119 spacer historyczny \u201eMikulczyce \u2013 miejsca, w kt\u00f3rych mieszkaj\u0105 historie\u201d organizowany przez Muzeum Miejskie w Zabrzu. Po po\u0142udniu w Parku Miejskim przy ul. Dubiela odby\u0142 si\u0119 Rodzinny Piknik, podczas kt\u00f3rego nie zabrak\u0142o atrakcji dla najm\u0142odszych, festiwalu kolor\u00f3w, koncertu zespo\u0142u Excess czy prezentacji lokalnych organizacji.<\/p>\n<p><img loading=\"lazy\" decoding=\"async\" class=\"alignnone size-medium\" src=\"https:\/\/miastozabrze.pl\/wp-content\/uploads\/2025\/09\/103-urodziny-Zabrza-Piknik-w-parku-fot.-Pawel-JaNic-Janicki-006-scaled.jpg\" width=\"2560\" height=\"1707\" \/><\/p>\n<p><img loading=\"lazy\" decoding=\"async\" class=\"alignnone size-medium\" src=\"https:\/\/miastozabrze.pl\/wp-content\/uploads\/2025\/09\/103-urodziny-Zabrza-Piknik-w-parku-fot.-Pawel-JaNic-Janicki-110-scaled.jpg\" width=\"2560\" height=\"1707\" \/><\/p>\n<p><img loading=\"lazy\" decoding=\"async\" class=\"alignnone size-medium\" src=\"https:\/\/miastozabrze.pl\/wp-content\/uploads\/2025\/09\/103-urodziny-Zabrza-Piknik-w-parku-fot.-Pawel-JaNic-Janicki-024-scaled.jpg\" width=\"2560\" height=\"1707\" \/><\/p>\n<p>R\u00f3wnolegle mieszka\u0144cy mogli wzi\u0105\u0107 udzia\u0142 w akcji \u201eKr\u0119cimy dla Zabrza\u201d oraz w sportowych konkurencjach przygotowanych przez ReShape. Wieczorem w tym samym miejscu odby\u0142a si\u0119 Mi\u0119dzypokoleniowa Zabawa Taneczna z DJ Witkiem.<\/p>\n<p><img loading=\"lazy\" decoding=\"async\" class=\"alignnone size-medium\" src=\"https:\/\/miastozabrze.pl\/wp-content\/uploads\/2025\/09\/103-urodziny-Zabrza-potancowka-fot.-Pawel-JaNic-Janicki-040-scaled.jpg\" width=\"2560\" height=\"1707\" \/><\/p>\n<p><img loading=\"lazy\" decoding=\"async\" class=\"alignnone size-medium\" src=\"https:\/\/miastozabrze.pl\/wp-content\/uploads\/2025\/09\/103-urodziny-Zabrza-potancowka-fot.-Pawel-JaNic-Janicki-013-scaled.jpg\" width=\"2560\" height=\"1707\" \/><\/p>\n<p>Jednym z najwa\u017cniejszych punkt\u00f3w obchod\u00f3w by\u0142 Koncert Galowy w Domu Muzyki i Ta\u0144ca pt. \u201ePiosenka jest dobra na wszystko!\u201d, podczas kt\u00f3rego wyst\u0105pi\u0142a <strong>Olga Bo\u0144czyk<\/strong> z zespo\u0142em w towarzystwie Orkiestry Symfonicznej Filharmonii Zabrza\u0144skiej pod dyrekcj\u0105 S\u0142awomira Chrzanowskiego. Partnerem wydarzenia by\u0142o Fortum.<\/p>\n<p><img loading=\"lazy\" decoding=\"async\" class=\"alignnone size-medium\" src=\"https:\/\/miastozabrze.pl\/wp-content\/uploads\/2025\/09\/103-urodziny-Zabrza-DMIT-fot.-Pawel-JaNic-Janicki-070-scaled.jpg\" width=\"2560\" height=\"1707\" \/><\/p>\n<p><img loading=\"lazy\" decoding=\"async\" class=\"alignnone size-medium\" src=\"https:\/\/miastozabrze.pl\/wp-content\/uploads\/2025\/09\/103-urodziny-Zabrza-DMIT-fot.-Pawel-JaNic-Janicki-075-scaled.jpg\" width=\"2560\" height=\"1707\" \/><\/p>\n<p>W niedziel\u0119, 28 wrze\u015bnia, mieszka\u0144cy uczestniczyli w Uroczystej Mszy \u015awi\u0119tej w ko\u015bciele pw. \u015bw. Kamila oraz w cyklu wycieczek \u201eSpacerujemy dla Zabrza\u201d, kt\u00f3re odby\u0142y si\u0119 w kilku dzielnicach miasta \u2013 Guido, Ko\u0144czycach, Paw\u0142owie, Biskupicach, \u015ar\u00f3dmie\u015bciu i Grzybowicach.<\/p>\n<p><img loading=\"lazy\" decoding=\"async\" class=\"alignnone size-medium\" src=\"https:\/\/miastozabrze.pl\/wp-content\/uploads\/2025\/09\/103-urodziny-Zabrza-spacery-GUIDO-fot.-Pawel-JaNic-Janicki-020-scaled.jpg\" width=\"2560\" height=\"1707\" \/><\/p>\n<p><img loading=\"lazy\" decoding=\"async\" class=\"alignnone size-medium\" src=\"https:\/\/miastozabrze.pl\/wp-content\/uploads\/2025\/09\/103-urodziny-Zabrza-spacery-GUIDO-fot.-Pawel-JaNic-Janicki-012-scaled.jpg\" width=\"2560\" height=\"1707\" \/><\/p>\n<p>\u015awi\u0119to Miasta Zabrze 2025 by\u0142o okazj\u0105 do integracji lokalnej spo\u0142eczno\u015bci, promocji historii i kultury oraz wsp\u00f3lnego celebrowania 103. rocznicy nadania praw miejskich naszemu miastu.<\/p>\n<p>(\u017cms)\/UM Zabrze<br \/>\nfot. UM Zabrze<\/p>\n","protected":false},"excerpt":{"rendered":"<p>Zabrze obchodzi\u0142o swoje 103. urodziny. W programie znalaz\u0142y si\u0119 wydarzenia sportowe, kulturalne i integracyjne, kt\u00f3re zgromadzi\u0142y licznych mieszka\u0144c\u00f3w oraz go\u015bci, tworz\u0105c atmosfer\u0119 rado\u015bci i wsp\u00f3lnego \u015bwi\u0119towania. Obchody rozpocz\u0119\u0142y si\u0119 26 wrze\u015bnia sportow\u0105 imprez\u0105 \u201eBiegamy dla Zabrza\u201d w Parku im. Powsta\u0144c\u00f3w \u015al\u0105skich, w kt\u00f3rej udzia\u0142 wzi\u0119\u0142y dzieci z zabrza\u0144skich szk\u00f3\u0142 podstawowych. Kolejny dzie\u0144 wype\u0142ni\u0142y wydarzenia r\u00f3\u017cnorodne [&hellip;]<\/p>\n","protected":false},"author":17,"featured_media":114836,"comment_status":"closed","ping_status":"closed","sticky":false,"template":"","format":"standard","meta":{"_monsterinsights_skip_tracking":false,"_monsterinsights_sitenote_active":false,"_monsterinsights_sitenote_note":"","_monsterinsights_sitenote_category":0,"footnotes":"","_links_to":"","_links_to_target":""},"categories":[11756,9,1],"tags":[12739],"class_list":["post-114834","post","type-post","status-publish","format-standard","has-post-thumbnail","hentry","category-kultura","category-stronaglowna","category-wszystko","tag-urodziny-zabrza"],"_links":{"self":[{"href":"https:\/\/www.24zabrze.pl\/wiadomosci\/wp-json\/wp\/v2\/posts\/114834","targetHints":{"allow":["GET"]}}],"collection":[{"href":"https:\/\/www.24zabrze.pl\/wiadomosci\/wp-json\/wp\/v2\/posts"}],"about":[{"href":"https:\/\/www.24zabrze.pl\/wiadomosci\/wp-json\/wp\/v2\/types\/post"}],"author":[{"embeddable":true,"href":"https:\/\/www.24zabrze.pl\/wiadomosci\/wp-json\/wp\/v2\/users\/17"}],"replies":[{"embeddable":true,"href":"https:\/\/www.24zabrze.pl\/wiadomosci\/wp-json\/wp\/v2\/comments?post=114834"}],"version-history":[{"count":0,"href":"https:\/\/www.24zabrze.pl\/wiadomosci\/wp-json\/wp\/v2\/posts\/114834\/revisions"}],"wp:featuredmedia":[{"embeddable":true,"href":"https:\/\/www.24zabrze.pl\/wiadomosci\/wp-json\/wp\/v2\/media\/114836"}],"wp:attachment":[{"href":"https:\/\/www.24zabrze.pl\/wiadomosci\/wp-json\/wp\/v2\/media?parent=114834"}],"wp:term":[{"taxonomy":"category","embeddable":true,"href":"https:\/\/www.24zabrze.pl\/wiadomosci\/wp-json\/wp\/v2\/categories?post=114834"},{"taxonomy":"post_tag","embeddable":true,"href":"https:\/\/www.24zabrze.pl\/wiadomosci\/wp-json\/wp\/v2\/tags?post=114834"}],"curies":[{"name":"wp","href":"https:\/\/api.w.org\/{rel}","templated":true}]}}