{"id":114817,"date":"2025-09-26T14:20:38","date_gmt":"2025-09-26T12:20:38","guid":{"rendered":"https:\/\/www.24zabrze.pl\/wiadomosci\/?p=114817"},"modified":"2025-09-26T14:20:38","modified_gmt":"2025-09-26T12:20:38","slug":"teatr-polski-poza-polska-w-polsce-w-zabrzu-zaplanowano-dwa-spektakle-wstep-jest-wolny","status":"publish","type":"post","link":"https:\/\/www.24zabrze.pl\/wiadomosci\/teatr-polski-poza-polska-w-polsce-w-zabrzu-zaplanowano-dwa-spektakle-wstep-jest-wolny\/","title":{"rendered":"Teatr polski poza Polsk\u0105 w Polsce. W Zabrzu zaplanowano dwa spektakle, wst\u0119p jest wolny"},"content":{"rendered":"<div class=\"zabrz-a6-z-nad-leadem-artykulow zabrz-entity-placement\" id=\"zabrz-4274518912\"><div class=\"zabrz-adlabel\"><span style=\"font-size: 9px\">REKLAMA<\/span><\/div><div id=\"zabrz-458783607\" style=\"margin-bottom: 30px;margin-left: auto;margin-right: auto;text-align: center;\"><a data-no-instant=\"1\" href=\"https:\/\/dom100.eu\/\" rel=\"noopener\" class=\"a2t-link\" target=\"_blank\" aria-label=\"20260415 DOM100 D\"><img loading=\"lazy\" decoding=\"async\" src=\"https:\/\/www.24zabrze.pl\/wiadomosci\/wp-content\/uploads\/2026\/02\/20260415-DOM100-D.jpg\" alt=\"\"  srcset=\"https:\/\/www.24zabrze.pl\/wiadomosci\/wp-content\/uploads\/2026\/02\/20260415-DOM100-D.jpg 750w, https:\/\/www.24zabrze.pl\/wiadomosci\/wp-content\/uploads\/2026\/02\/20260415-DOM100-D-410x109.jpg 410w\" sizes=\"(max-width: 750px) 100vw, 750px\" class=\"no-lazyload\" width=\"750\" height=\"200\"  style=\"display: inline-block; max-width: 100%; height: auto;\" \/><\/a><\/div><\/div><h2>Dzi\u0119ki inicjatywie Fundacji Pomys\u0142odalnia oraz dyrekcji Miejskiego O\u015brodka Kultury, Polonijny Teatr &#8220;Gda\u0144ska&#8221; z Oberhausen przyjedzie na dwa wyst\u0119py do Zabrza. Wst\u0119p na spektakle jest wolny.<\/h2>\n<p>W czwartek 9 pa\u017adziernika zaprezentuje sztuk\u0119 S\u0142awomira Mro\u017cka &#8220;Na pe\u0142nym morzu&#8221; w Dzielnicowym O\u015brodku Kultury w Biskupicach, natomiast w pi\u0105tek 10 pa\u017adziernika w DOK Grzybowicach sztuk\u0119 Ryszarda Latko &#8220;Zachcia\u0142o sie wam Kalwaryi&#8221;. Przedstawienia rozpoczn\u0105 si\u0119 o godzinie 19:00.<\/p><div class=\"zabrz-a3-z-w-tresci-artykulow zabrz-entity-placement\" id=\"zabrz-2243026380\"><div class=\"zabrz-adlabel\"><span style=\"font-size: 9px\">REKLAMA<\/span><\/div><div id=\"zabrz-2872595831\" style=\"margin-bottom: 40px;margin-left: auto;margin-right: auto;text-align: center;\"><a data-no-instant=\"1\" href=\"https:\/\/ogrodyandersa.pl\/\" rel=\"noopener\" class=\"a2t-link\" target=\"_blank\" aria-label=\"20260415 Ogrody Andersa WYBIERZ MIESZKANIE D\"><img loading=\"lazy\" decoding=\"async\" src=\"https:\/\/www.24zabrze.pl\/wiadomosci\/wp-content\/uploads\/2026\/02\/20260415-Ogrody-Andersa-WYBIERZ-MIESZKANIE-D.jpg\" alt=\"\"  srcset=\"https:\/\/www.24zabrze.pl\/wiadomosci\/wp-content\/uploads\/2026\/02\/20260415-Ogrody-Andersa-WYBIERZ-MIESZKANIE-D.jpg 750w, https:\/\/www.24zabrze.pl\/wiadomosci\/wp-content\/uploads\/2026\/02\/20260415-Ogrody-Andersa-WYBIERZ-MIESZKANIE-D-410x109.jpg 410w\" sizes=\"(max-width: 750px) 100vw, 750px\" class=\"no-lazyload\" width=\"750\" height=\"200\"  style=\"display: inline-block; max-width: 100%; height: auto;\" \/><\/a><\/div><\/div>\n<blockquote><p><em>Obydwa przedstawienia nios\u0105 ze sob\u0105, poza wielk\u0105 doz\u0105 humoru, r\u00f3wnie\u017c wa\u017cne przes\u0142anie. R\u00f3wnocze\u015bnie z salwami \u015bmiechu wzbudzaj\u0105 nutk\u0119 refleksji<\/em><\/p><\/blockquote>\n<p>&#8211; zapewniaj\u0105 organizatorzy.<\/p>\n<p>Teatr &#8220;Gda\u0144ska&#8221; to jedyny polonijny teatr dramatyczny w Niemczech. Do Zabrza przyje\u017cd\u017ca w ramach projektu &#8220;Teatr polski poza Polsk\u0105 w Polsce&#8221;.<\/p>\n<p>Szczeg\u00f3\u0142owe informacje na temat przedstawie\u0144 znajduj\u0105 si\u0119 na poni\u017cszych grafikach.<\/p>\n<p>(mat. organizatora)<br \/>\nfot. mat. organizatora<\/p>\n<p><img loading=\"lazy\" decoding=\"async\" class=\"alignnone wp-image-114824 size-full\" src=\"https:\/\/www.24zabrze.pl\/wiadomosci\/wp-content\/uploads\/2025\/09\/teatr.jpg\" alt=\"\" width=\"810\" height=\"456\" srcset=\"https:\/\/www.24zabrze.pl\/wiadomosci\/wp-content\/uploads\/2025\/09\/teatr.jpg 810w, https:\/\/www.24zabrze.pl\/wiadomosci\/wp-content\/uploads\/2025\/09\/teatr-410x232.jpg 410w, https:\/\/www.24zabrze.pl\/wiadomosci\/wp-content\/uploads\/2025\/09\/teatr-808x455.jpg 808w, https:\/\/www.24zabrze.pl\/wiadomosci\/wp-content\/uploads\/2025\/09\/teatr-768x432.jpg 768w\" sizes=\"auto, (max-width: 810px) 100vw, 810px\" \/><\/p>\n<p><img loading=\"lazy\" decoding=\"async\" class=\"alignnone wp-image-114822 size-full\" src=\"https:\/\/www.24zabrze.pl\/wiadomosci\/wp-content\/uploads\/2025\/09\/teatr-biskupice.jpg\" alt=\"\" width=\"810\" height=\"425\" srcset=\"https:\/\/www.24zabrze.pl\/wiadomosci\/wp-content\/uploads\/2025\/09\/teatr-biskupice.jpg 810w, https:\/\/www.24zabrze.pl\/wiadomosci\/wp-content\/uploads\/2025\/09\/teatr-biskupice-410x215.jpg 410w, https:\/\/www.24zabrze.pl\/wiadomosci\/wp-content\/uploads\/2025\/09\/teatr-biskupice-768x403.jpg 768w\" sizes=\"auto, (max-width: 810px) 100vw, 810px\" \/><\/p>\n<p><img loading=\"lazy\" decoding=\"async\" class=\"alignnone wp-image-114823 size-full\" src=\"https:\/\/www.24zabrze.pl\/wiadomosci\/wp-content\/uploads\/2025\/09\/teatr-Grzybowice.jpg\" alt=\"\" width=\"810\" height=\"425\" srcset=\"https:\/\/www.24zabrze.pl\/wiadomosci\/wp-content\/uploads\/2025\/09\/teatr-Grzybowice.jpg 810w, https:\/\/www.24zabrze.pl\/wiadomosci\/wp-content\/uploads\/2025\/09\/teatr-Grzybowice-410x215.jpg 410w, https:\/\/www.24zabrze.pl\/wiadomosci\/wp-content\/uploads\/2025\/09\/teatr-Grzybowice-768x403.jpg 768w\" sizes=\"auto, (max-width: 810px) 100vw, 810px\" \/><\/p>\n","protected":false},"excerpt":{"rendered":"<p>Dzi\u0119ki inicjatywie Fundacji Pomys\u0142odalnia oraz dyrekcji Miejskiego O\u015brodka Kultury, Polonijny Teatr &#8220;Gda\u0144ska&#8221; z Oberhausen przyjedzie na dwa wyst\u0119py do Zabrza. Wst\u0119p na spektakle jest wolny. W czwartek 9 pa\u017adziernika zaprezentuje sztuk\u0119 S\u0142awomira Mro\u017cka &#8220;Na pe\u0142nym morzu&#8221; w Dzielnicowym O\u015brodku Kultury w Biskupicach, natomiast w pi\u0105tek 10 pa\u017adziernika w DOK Grzybowicach sztuk\u0119 Ryszarda Latko &#8220;Zachcia\u0142o sie [&hellip;]<\/p>\n","protected":false},"author":17,"featured_media":114825,"comment_status":"closed","ping_status":"closed","sticky":false,"template":"","format":"standard","meta":{"_monsterinsights_skip_tracking":false,"_monsterinsights_sitenote_active":false,"_monsterinsights_sitenote_note":"","_monsterinsights_sitenote_category":0,"footnotes":"","_links_to":"","_links_to_target":""},"categories":[11756,1],"tags":[12750],"class_list":["post-114817","post","type-post","status-publish","format-standard","has-post-thumbnail","hentry","category-kultura","category-wszystko","tag-domy-kultury"],"_links":{"self":[{"href":"https:\/\/www.24zabrze.pl\/wiadomosci\/wp-json\/wp\/v2\/posts\/114817","targetHints":{"allow":["GET"]}}],"collection":[{"href":"https:\/\/www.24zabrze.pl\/wiadomosci\/wp-json\/wp\/v2\/posts"}],"about":[{"href":"https:\/\/www.24zabrze.pl\/wiadomosci\/wp-json\/wp\/v2\/types\/post"}],"author":[{"embeddable":true,"href":"https:\/\/www.24zabrze.pl\/wiadomosci\/wp-json\/wp\/v2\/users\/17"}],"replies":[{"embeddable":true,"href":"https:\/\/www.24zabrze.pl\/wiadomosci\/wp-json\/wp\/v2\/comments?post=114817"}],"version-history":[{"count":0,"href":"https:\/\/www.24zabrze.pl\/wiadomosci\/wp-json\/wp\/v2\/posts\/114817\/revisions"}],"wp:featuredmedia":[{"embeddable":true,"href":"https:\/\/www.24zabrze.pl\/wiadomosci\/wp-json\/wp\/v2\/media\/114825"}],"wp:attachment":[{"href":"https:\/\/www.24zabrze.pl\/wiadomosci\/wp-json\/wp\/v2\/media?parent=114817"}],"wp:term":[{"taxonomy":"category","embeddable":true,"href":"https:\/\/www.24zabrze.pl\/wiadomosci\/wp-json\/wp\/v2\/categories?post=114817"},{"taxonomy":"post_tag","embeddable":true,"href":"https:\/\/www.24zabrze.pl\/wiadomosci\/wp-json\/wp\/v2\/tags?post=114817"}],"curies":[{"name":"wp","href":"https:\/\/api.w.org\/{rel}","templated":true}]}}