{"id":114816,"date":"2025-09-26T14:25:45","date_gmt":"2025-09-26T12:25:45","guid":{"rendered":"https:\/\/www.24zabrze.pl\/wiadomosci\/?p=114816"},"modified":"2025-09-26T14:25:45","modified_gmt":"2025-09-26T12:25:45","slug":"trwa-gielda-plyt-winylowych-i-kompaktowych-w-ch-platan-kazdy-odwiedzajacy-wyjdzie-bogatszy","status":"publish","type":"post","link":"https:\/\/www.24zabrze.pl\/wiadomosci\/trwa-gielda-plyt-winylowych-i-kompaktowych-w-ch-platan-kazdy-odwiedzajacy-wyjdzie-bogatszy\/","title":{"rendered":"Trwa Gie\u0142da P\u0142yt Winylowych i Kompaktowych w CH Platan. &#8220;Ka\u017cdy odwiedzaj\u0105cy wyjdzie bogatszy&#8221;"},"content":{"rendered":"<div class=\"zabrz-a6-z-nad-leadem-artykulow zabrz-entity-placement\" id=\"zabrz-1376056071\"><div class=\"zabrz-adlabel\"><span style=\"font-size: 9px\">REKLAMA<\/span><\/div><div id=\"zabrz-2809472059\" style=\"margin-bottom: 30px;margin-left: auto;margin-right: auto;text-align: center;\"><a data-no-instant=\"1\" href=\"https:\/\/dom100.eu\/\" rel=\"noopener\" class=\"a2t-link\" target=\"_blank\" aria-label=\"20260415 DOM100 D\"><img loading=\"lazy\" decoding=\"async\" src=\"https:\/\/www.24zabrze.pl\/wiadomosci\/wp-content\/uploads\/2026\/02\/20260415-DOM100-D.jpg\" alt=\"\"  srcset=\"https:\/\/www.24zabrze.pl\/wiadomosci\/wp-content\/uploads\/2026\/02\/20260415-DOM100-D.jpg 750w, https:\/\/www.24zabrze.pl\/wiadomosci\/wp-content\/uploads\/2026\/02\/20260415-DOM100-D-410x109.jpg 410w\" sizes=\"(max-width: 750px) 100vw, 750px\" class=\"no-lazyload\" width=\"750\" height=\"200\"  style=\"display: inline-block; max-width: 100%; height: auto;\" \/><\/a><\/div><\/div><h2>Trwa Gie\u0142da P\u0142yt Winylowych i Kompaktowych w CH Platan. W pi\u0105tek i sobot\u0119 (26-27 wrze\u015bnia) obiekt zaprasza mi\u0142o\u015bnik\u00f3w d\u017awi\u0119k\u00f3w zapisanych na czarnych kr\u0105\u017ckach oraz srebrnych p\u0142ytach kompaktowych na wydarzenie, kt\u00f3re od lat przyci\u0105ga kolekcjoner\u00f3w, pasjonat\u00f3w i zwyk\u0142ych s\u0142uchaczy.<\/h2>\n<p>Gie\u0142da to nie tylko okazja do zdobycia muzycznych pere\u0142ek, ale tak\u017ce niezwyk\u0142e spotkanie z kultur\u0105, nostalgi\u0105 i histori\u0105.<\/p><div class=\"zabrz-a3-z-w-tresci-artykulow zabrz-entity-placement\" id=\"zabrz-1810669143\"><div class=\"zabrz-adlabel\"><span style=\"font-size: 9px\">REKLAMA<\/span><\/div><div id=\"zabrz-4253044868\" style=\"margin-bottom: 40px;margin-left: auto;margin-right: auto;text-align: center;\"><a data-no-instant=\"1\" href=\"https:\/\/ogrodyandersa.pl\/\" rel=\"noopener\" class=\"a2t-link\" target=\"_blank\" aria-label=\"20260415 Ogrody Andersa WYBIERZ MIESZKANIE D\"><img loading=\"lazy\" decoding=\"async\" src=\"https:\/\/www.24zabrze.pl\/wiadomosci\/wp-content\/uploads\/2026\/02\/20260415-Ogrody-Andersa-WYBIERZ-MIESZKANIE-D.jpg\" alt=\"\"  srcset=\"https:\/\/www.24zabrze.pl\/wiadomosci\/wp-content\/uploads\/2026\/02\/20260415-Ogrody-Andersa-WYBIERZ-MIESZKANIE-D.jpg 750w, https:\/\/www.24zabrze.pl\/wiadomosci\/wp-content\/uploads\/2026\/02\/20260415-Ogrody-Andersa-WYBIERZ-MIESZKANIE-D-410x109.jpg 410w\" sizes=\"(max-width: 750px) 100vw, 750px\" class=\"no-lazyload\" width=\"750\" height=\"200\"  style=\"display: inline-block; max-width: 100%; height: auto;\" \/><\/a><\/div><\/div>\n<p>Muzyka od zawsze by\u0142a blisko cz\u0142owieka. Towarzyszy\u0142a codzienno\u015bci, podkre\u015bla\u0142a najwa\u017cniejsze momenty \u017cycia, budowa\u0142a wspomnienia. Zmieniali si\u0119 wykonawcy, brzmienia i gatunki, zmienia\u0142y si\u0119 r\u00f3wnie\u017c no\u015bniki, na kt\u00f3rych zapisywano d\u017awi\u0119k. Fonograf, magnetofon szpulowy, kaseta, walkman, discman, a p\u00f3\u017aniej pliki mp3, iPod czy wreszcie wsp\u00f3\u0142czesne serwisy streamingowe \u2013 ka\u017cda epoka mia\u0142a swoje technologiczne symbole. Wydawa\u0107 by si\u0119 mog\u0142o, \u017ce w dobie muzyki dost\u0119pnej na wyci\u0105gni\u0119cie r\u0119ki, w ka\u017cdym miejscu i o ka\u017cdej porze, tradycyjne p\u0142yty odejd\u0105 w zapomnienie. Tymczasem sta\u0142o si\u0119 inaczej. <\/p>\n<h4>Winyl, symbol minionych dekad, wr\u00f3ci\u0142 z ogromn\u0105 si\u0142\u0105. Dzi\u015b zn\u00f3w zachwyca nie tylko kolekcjoner\u00f3w, ale i m\u0142odsze pokolenia, kt\u00f3re odkrywaj\u0105 jego unikatowy urok i analogowe, pe\u0142ne ciep\u0142a brzmienie.<\/h4>\n<p>CH Platan w Zabrzu sta\u0142o si\u0119 jednym z kluczowych miejsc w regionie, gdzie cyklicznie spotykaj\u0105 si\u0119 fani tego niezwyk\u0142ego no\u015bnika. To tutaj melomani mog\u0105 godzinami przegl\u0105da\u0107 winylowe kosze, odkrywa\u0107 zapomniane wydania, unikatowe edycje czy pierwsze t\u0142oczenia legendarnych album\u00f3w. To r\u00f3wnie\u017c przestrze\u0144 spotka\u0144 i rozm\u00f3w \u2013 pasjonaci ch\u0119tnie dziel\u0105 si\u0119 wiedz\u0105, anegdotami i historiami zwi\u0105zanymi z muzyk\u0105.<\/p>\n<p>&#8211; <em>Podczas najbli\u017cszej edycji gie\u0142dy odwiedzaj\u0105cy b\u0119d\u0105 mogli przebiera\u0107 w\u015br\u00f3d kilkunastu tysi\u0119cy p\u0142yt winylowych i kompaktowych. To imponuj\u0105ca kolekcja, przygotowana przez wystawc\u00f3w z ca\u0142ej Polski, kt\u00f3rzy do Zabrza przywioz\u0105 zar\u00f3wno swoje prywatne zbiory, jak i starannie selekcjonowane egzemplarze przeznaczone na sprzeda\u017c. Ka\u017cdy znajdzie tu co\u015b dla siebie \u2013 od popularnych wyda\u0144 popowych, przez elektronik\u0119, rocka, metal czy punk, a\u017c po ponadczasow\u0105 muzyk\u0119 klasyczn\u0105 i jazzowe improwizacje<\/em> &#8211; zapowiadaj\u0105 organizatorzy. <\/p>\n<p>Dla jednych b\u0119dzie to okazja, by odnale\u017a\u0107 p\u0142yty z m\u0142odo\u015bci \u2013 albumy, kt\u00f3re brzmia\u0142y w ich domach, na prywatkach czy szkolnych dyskotekach. Dla innych \u2013 szansa na uzupe\u0142nienie kolekcji o brakuj\u0105ce wydania, cz\u0119sto niedost\u0119pne w sklepach czy na platformach cyfrowych. Wielu przyjdzie po prostu z ciekawo\u015bci, by poczu\u0107 klimat gie\u0142dy, obejrze\u0107 barwne ok\u0142adki, pos\u0142ucha\u0107 opowie\u015bci wystawc\u00f3w i odkry\u0107, \u017ce p\u0142yta to co\u015b znacznie wi\u0119cej ni\u017c tylko no\u015bnik muzyki. To tak\u017ce sztuka wizualna, unikatowe wydawnictwo i przedmiot z dusz\u0105.<\/p>\n<h4>Atmosfera gie\u0142dy w CH Platan niezmiennie przyci\u0105ga ludzi w r\u00f3\u017cnym wieku. M\u0142odsi odwiedzaj\u0105cy cz\u0119sto po raz pierwszy maj\u0105 okazj\u0119 us\u0142ysze\u0107, jak naprawd\u0119 brzmi winyl. <\/h4>\n<p>Starsi wracaj\u0105 do wspomnie\u0144 sprzed lat, kiedy ka\u017cda nowa p\u0142yta by\u0142a wydarzeniem i powodem do dumy. Niezale\u017cnie od wieku, ka\u017cdy odwiedzaj\u0105cy gie\u0142d\u0119 wychodzi z niej bogatszy \u2013 o nowe do\u015bwiadczenia, inspiracje, a cz\u0119sto tak\u017ce o wyj\u0105tkowy kr\u0105\u017cek, kt\u00f3ry od razu staje si\u0119 cz\u0119\u015bci\u0105 jego w\u0142asnej historii.<\/p>\n<p>Gie\u0142da P\u0142yt Winylowych i Kompaktowych odbywa si\u0119 na Placu Centralnym, przy Infopunkcie CH Platan, w pi\u0105tek i sobot\u0119 \u2013 26 i 27 wrze\u015bnia (tj. pi\u0105tek i sobota) \u2013 w godzinach od 9:00 do 21:00. Organizatorzy podkre\u015blaj\u0105, \u017ce warto zarezerwowa\u0107 sobie wi\u0119cej czasu, poniewa\u017c przegl\u0105danie tak ogromnej kolekcji mo\u017ce wci\u0105gn\u0105\u0107 na wiele godzin.<\/p>\n<p>Wst\u0119p na wydarzenie jest bezp\u0142atny, a wyj\u0105tkowy klimat gwarantowany. <\/p>\n<p>(mat. organizatora)<br \/>\nfot. mat. organizatora<\/p>\n","protected":false},"excerpt":{"rendered":"<p>Trwa Gie\u0142da P\u0142yt Winylowych i Kompaktowych w CH Platan. W pi\u0105tek i sobot\u0119 (26-27 wrze\u015bnia) obiekt zaprasza mi\u0142o\u015bnik\u00f3w d\u017awi\u0119k\u00f3w zapisanych na czarnych kr\u0105\u017ckach oraz srebrnych p\u0142ytach kompaktowych na wydarzenie, kt\u00f3re od lat przyci\u0105ga kolekcjoner\u00f3w, pasjonat\u00f3w i zwyk\u0142ych s\u0142uchaczy. Gie\u0142da to nie tylko okazja do zdobycia muzycznych pere\u0142ek, ale tak\u017ce niezwyk\u0142e spotkanie z kultur\u0105, nostalgi\u0105 i [&hellip;]<\/p>\n","protected":false},"author":17,"featured_media":106618,"comment_status":"closed","ping_status":"closed","sticky":false,"template":"","format":"standard","meta":{"_monsterinsights_skip_tracking":false,"_monsterinsights_sitenote_active":false,"_monsterinsights_sitenote_note":"","_monsterinsights_sitenote_category":0,"footnotes":"","_links_to":"","_links_to_target":""},"categories":[11756,1],"tags":[],"class_list":["post-114816","post","type-post","status-publish","format-standard","has-post-thumbnail","hentry","category-kultura","category-wszystko"],"_links":{"self":[{"href":"https:\/\/www.24zabrze.pl\/wiadomosci\/wp-json\/wp\/v2\/posts\/114816","targetHints":{"allow":["GET"]}}],"collection":[{"href":"https:\/\/www.24zabrze.pl\/wiadomosci\/wp-json\/wp\/v2\/posts"}],"about":[{"href":"https:\/\/www.24zabrze.pl\/wiadomosci\/wp-json\/wp\/v2\/types\/post"}],"author":[{"embeddable":true,"href":"https:\/\/www.24zabrze.pl\/wiadomosci\/wp-json\/wp\/v2\/users\/17"}],"replies":[{"embeddable":true,"href":"https:\/\/www.24zabrze.pl\/wiadomosci\/wp-json\/wp\/v2\/comments?post=114816"}],"version-history":[{"count":0,"href":"https:\/\/www.24zabrze.pl\/wiadomosci\/wp-json\/wp\/v2\/posts\/114816\/revisions"}],"wp:featuredmedia":[{"embeddable":true,"href":"https:\/\/www.24zabrze.pl\/wiadomosci\/wp-json\/wp\/v2\/media\/106618"}],"wp:attachment":[{"href":"https:\/\/www.24zabrze.pl\/wiadomosci\/wp-json\/wp\/v2\/media?parent=114816"}],"wp:term":[{"taxonomy":"category","embeddable":true,"href":"https:\/\/www.24zabrze.pl\/wiadomosci\/wp-json\/wp\/v2\/categories?post=114816"},{"taxonomy":"post_tag","embeddable":true,"href":"https:\/\/www.24zabrze.pl\/wiadomosci\/wp-json\/wp\/v2\/tags?post=114816"}],"curies":[{"name":"wp","href":"https:\/\/api.w.org\/{rel}","templated":true}]}}