{"id":114801,"date":"2025-09-24T15:23:38","date_gmt":"2025-09-24T13:23:38","guid":{"rendered":"https:\/\/www.24zabrze.pl\/wiadomosci\/?p=114801"},"modified":"2025-09-24T15:23:38","modified_gmt":"2025-09-24T13:23:38","slug":"eus-deus-kosmateus-wystawa-ilustracji-daniela-baranowskiego-w-domu-muzyki-i-tanca","status":"publish","type":"post","link":"https:\/\/www.24zabrze.pl\/wiadomosci\/eus-deus-kosmateus-wystawa-ilustracji-daniela-baranowskiego-w-domu-muzyki-i-tanca\/","title":{"rendered":"Eus Deus Kosmateus. Wystawa ilustracji Daniela Baranowskiego w Domu Muzyki i Ta\u0144ca"},"content":{"rendered":"<div class=\"zabrz-a6-z-nad-leadem-artykulow zabrz-entity-placement\" id=\"zabrz-827969870\"><div class=\"zabrz-adlabel\"><span style=\"font-size: 9px\">REKLAMA<\/span><\/div><div id=\"zabrz-4022673979\" style=\"margin-bottom: 30px;margin-left: auto;margin-right: auto;text-align: center;\"><a data-no-instant=\"1\" href=\"https:\/\/dom100.eu\/\" rel=\"noopener\" class=\"a2t-link\" target=\"_blank\" aria-label=\"20260415 DOM100 D\"><img loading=\"lazy\" decoding=\"async\" src=\"https:\/\/www.24zabrze.pl\/wiadomosci\/wp-content\/uploads\/2026\/02\/20260415-DOM100-D.jpg\" alt=\"\"  srcset=\"https:\/\/www.24zabrze.pl\/wiadomosci\/wp-content\/uploads\/2026\/02\/20260415-DOM100-D.jpg 750w, https:\/\/www.24zabrze.pl\/wiadomosci\/wp-content\/uploads\/2026\/02\/20260415-DOM100-D-410x109.jpg 410w\" sizes=\"(max-width: 750px) 100vw, 750px\" class=\"no-lazyload\" width=\"750\" height=\"200\"  style=\"display: inline-block; max-width: 100%; height: auto;\" \/><\/a><\/div><\/div><h2>Tajemniczy i figlarny Eus Deus Kosmateus stanie si\u0119 g\u0142\u00f3wnym bohaterem nowej wystawy edukacyjno-artystycznej skierowanej do uczni\u00f3w szk\u00f3\u0142 podstawowych. Otwarcie wystawy i wernisa\u017c zaplanowano na czwartek, 25 wrze\u015bnia, (godzina 10:00) w Domu Muzyki i Ta\u0144ca.<\/h2>\n<p>Projekt ma na celu przybli\u017cenie najm\u0142odszym \u015bwiata sztuki i pokazanie, jak wygl\u0105da profesjonalnie przygotowany wernisa\u017c.<\/p><div class=\"zabrz-a3-z-w-tresci-artykulow zabrz-entity-placement\" id=\"zabrz-282719646\"><div class=\"zabrz-adlabel\"><span style=\"font-size: 9px\">REKLAMA<\/span><\/div><div id=\"zabrz-147469480\" style=\"margin-bottom: 40px;margin-left: auto;margin-right: auto;text-align: center;\"><a data-no-instant=\"1\" href=\"https:\/\/ogrodyandersa.pl\/\" rel=\"noopener\" class=\"a2t-link\" target=\"_blank\" aria-label=\"20260415 Ogrody Andersa WYBIERZ MIESZKANIE D\"><img loading=\"lazy\" decoding=\"async\" src=\"https:\/\/www.24zabrze.pl\/wiadomosci\/wp-content\/uploads\/2026\/02\/20260415-Ogrody-Andersa-WYBIERZ-MIESZKANIE-D.jpg\" alt=\"\"  srcset=\"https:\/\/www.24zabrze.pl\/wiadomosci\/wp-content\/uploads\/2026\/02\/20260415-Ogrody-Andersa-WYBIERZ-MIESZKANIE-D.jpg 750w, https:\/\/www.24zabrze.pl\/wiadomosci\/wp-content\/uploads\/2026\/02\/20260415-Ogrody-Andersa-WYBIERZ-MIESZKANIE-D-410x109.jpg 410w\" sizes=\"(max-width: 750px) 100vw, 750px\" class=\"no-lazyload\" width=\"750\" height=\"200\"  style=\"display: inline-block; max-width: 100%; height: auto;\" \/><\/a><\/div><\/div>\n<p>W centrum ekspozycji znajdzie si\u0119 imponuj\u0105ca posta\u0107 Kosmateusa stworzona przez <strong>Daniela Baranowskiego<\/strong>. Otocz\u0105 j\u0105 szkice, akwarele, ekspresyjne rysunki oraz prace cyfrowe, kt\u00f3re ukazuj\u0105 bohatera w r\u00f3\u017cnych ods\u0142onach. Uzupe\u0142nieniem wystawy b\u0119dzie animacja prezentuj\u0105ca proces powstawania postaci.<\/p>\n<p>Spotkanie b\u0119dzie dla dzieci wyj\u0105tkow\u0105 okazj\u0105 do pierwszego kontaktu z wernisa\u017cem \u2013 nie tylko obejrz\u0105 prace, ale tak\u017ce porozmawiaj\u0105 z artyst\u0105 i spr\u00f3buj\u0105 swoich si\u0142 w rysunku inspirowanym Kosmateusem. Organizatorzy zach\u0119caj\u0105, by najm\u0142odsi uczestnicy w miar\u0119 mo\u017cliwo\u015bci przyszli w stroju od\u015bwi\u0119tnym, co dodatkowo podkre\u015bli rang\u0119 wydarzenia.<\/p>\n<p>Wystawa ma inspirowa\u0107, rozwija\u0107 kreatywno\u015b\u0107 i budowa\u0107 wi\u0119\u017a mi\u0119dzy m\u0142odymi odbiorcami a \u015bwiatem kultury. Eus Deus Kosmateus to nie tylko bohater opowie\u015bci \u2013 to symbol wyobra\u017ani i zaproszenie do wsp\u00f3lnej przygody w \u015bwiecie ilustracji.<\/p>\n<p>(\u017cms)\/UM Zabrze<\/p>\n<p><img loading=\"lazy\" decoding=\"async\" src=\"https:\/\/miastozabrze.pl\/wp-content\/uploads\/2025\/09\/plakat_eus_deus_kosmateus.jpg\" width=\"8268\" height=\"11811\" class=\"alignnone size-medium\" \/><\/p>\n","protected":false},"excerpt":{"rendered":"<p>Tajemniczy i figlarny Eus Deus Kosmateus stanie si\u0119 g\u0142\u00f3wnym bohaterem nowej wystawy edukacyjno-artystycznej skierowanej do uczni\u00f3w szk\u00f3\u0142 podstawowych. Otwarcie wystawy i wernisa\u017c zaplanowano na czwartek, 25 wrze\u015bnia, (godzina 10:00) w Domu Muzyki i Ta\u0144ca. Projekt ma na celu przybli\u017cenie najm\u0142odszym \u015bwiata sztuki i pokazanie, jak wygl\u0105da profesjonalnie przygotowany wernisa\u017c. W centrum ekspozycji znajdzie si\u0119 imponuj\u0105ca [&hellip;]<\/p>\n","protected":false},"author":17,"featured_media":111018,"comment_status":"closed","ping_status":"closed","sticky":false,"template":"","format":"standard","meta":{"_monsterinsights_skip_tracking":false,"_monsterinsights_sitenote_active":false,"_monsterinsights_sitenote_note":"","_monsterinsights_sitenote_category":0,"footnotes":"","_links_to":"","_links_to_target":""},"categories":[11756,1],"tags":[6422],"class_list":["post-114801","post","type-post","status-publish","format-standard","has-post-thumbnail","hentry","category-kultura","category-wszystko","tag-dmit"],"_links":{"self":[{"href":"https:\/\/www.24zabrze.pl\/wiadomosci\/wp-json\/wp\/v2\/posts\/114801","targetHints":{"allow":["GET"]}}],"collection":[{"href":"https:\/\/www.24zabrze.pl\/wiadomosci\/wp-json\/wp\/v2\/posts"}],"about":[{"href":"https:\/\/www.24zabrze.pl\/wiadomosci\/wp-json\/wp\/v2\/types\/post"}],"author":[{"embeddable":true,"href":"https:\/\/www.24zabrze.pl\/wiadomosci\/wp-json\/wp\/v2\/users\/17"}],"replies":[{"embeddable":true,"href":"https:\/\/www.24zabrze.pl\/wiadomosci\/wp-json\/wp\/v2\/comments?post=114801"}],"version-history":[{"count":0,"href":"https:\/\/www.24zabrze.pl\/wiadomosci\/wp-json\/wp\/v2\/posts\/114801\/revisions"}],"wp:featuredmedia":[{"embeddable":true,"href":"https:\/\/www.24zabrze.pl\/wiadomosci\/wp-json\/wp\/v2\/media\/111018"}],"wp:attachment":[{"href":"https:\/\/www.24zabrze.pl\/wiadomosci\/wp-json\/wp\/v2\/media?parent=114801"}],"wp:term":[{"taxonomy":"category","embeddable":true,"href":"https:\/\/www.24zabrze.pl\/wiadomosci\/wp-json\/wp\/v2\/categories?post=114801"},{"taxonomy":"post_tag","embeddable":true,"href":"https:\/\/www.24zabrze.pl\/wiadomosci\/wp-json\/wp\/v2\/tags?post=114801"}],"curies":[{"name":"wp","href":"https:\/\/api.w.org\/{rel}","templated":true}]}}