{"id":114775,"date":"2025-09-22T10:57:15","date_gmt":"2025-09-22T08:57:15","guid":{"rendered":"https:\/\/www.24zabrze.pl\/wiadomosci\/?p=114775"},"modified":"2025-09-22T10:57:15","modified_gmt":"2025-09-22T08:57:15","slug":"herito-slask-przyszlosci-spotkanie-na-temat-dziedzictwa-w-podziemiach-kopalni-guido","status":"publish","type":"post","link":"https:\/\/www.24zabrze.pl\/wiadomosci\/herito-slask-przyszlosci-spotkanie-na-temat-dziedzictwa-w-podziemiach-kopalni-guido\/","title":{"rendered":"HERITO \u201e\u015al\u0105sk przysz\u0142o\u015bci\u201d. Spotkanie na temat dziedzictwa w podziemiach Kopalni Guido"},"content":{"rendered":"<div class=\"zabrz-a6-z-nad-leadem-artykulow zabrz-entity-placement\" id=\"zabrz-2176488049\"><div class=\"zabrz-adlabel\"><span style=\"font-size: 9px\">REKLAMA<\/span><\/div><div id=\"zabrz-3049166707\" style=\"margin-bottom: 30px;margin-left: auto;margin-right: auto;text-align: center;\"><a data-no-instant=\"1\" href=\"https:\/\/dom100.eu\/\" rel=\"noopener\" class=\"a2t-link\" target=\"_blank\" aria-label=\"20260415 DOM100 D\"><img loading=\"lazy\" decoding=\"async\" src=\"https:\/\/www.24zabrze.pl\/wiadomosci\/wp-content\/uploads\/2026\/02\/20260415-DOM100-D.jpg\" alt=\"\"  srcset=\"https:\/\/www.24zabrze.pl\/wiadomosci\/wp-content\/uploads\/2026\/02\/20260415-DOM100-D.jpg 750w, https:\/\/www.24zabrze.pl\/wiadomosci\/wp-content\/uploads\/2026\/02\/20260415-DOM100-D-410x109.jpg 410w\" sizes=\"(max-width: 750px) 100vw, 750px\" class=\"no-lazyload\" width=\"750\" height=\"200\"  style=\"display: inline-block; max-width: 100%; height: auto;\" \/><\/a><\/div><\/div><h2>W podziemiach Kopalni Guido w Zabrzu odb\u0119dzie si\u0119 spotkanie z cyklu HERITO \u201e\u015al\u0105sk przysz\u0142o\u015bci\u201d, po\u015bwi\u0119cone dziedzictwu pog\u00f3rniczemu i przysz\u0142o\u015bci regionu. Wydarzenie zaplanowano na wtorek, 23 wrze\u015bnia. Rozpocz\u0119cie o godzinie 18:00. Wst\u0119p wolny.<\/h2>\n<p>W spotkaniu wezm\u0105 udzia\u0142 m.in. <strong>Bart\u0142omiej Szewczyk<\/strong> \u2013 Dyrektor Muzeum G\u00f3rnictwa W\u0119glowego, dziennikarka <strong>Izolda Czmok<\/strong> oraz t\u0142umacz i popularyzator j\u0119zyka \u015bl\u0105skiego <strong>Grzegorz Kulik<\/strong>. Dyskusja 320 metr\u00f3w pod ziemi\u0105 b\u0119dzie okazj\u0105 do refleksji nad rol\u0105 kopal\u0144 w krajobrazie i kulturze \u015al\u0105ska oraz nad szansami regionu w kontek\u015bcie stara\u0144 o wpis zabrza\u0144skich obiekt\u00f3w na List\u0119 \u015awiatowego Dziedzictwa UNESCO.<\/p><div class=\"zabrz-a3-z-w-tresci-artykulow zabrz-entity-placement\" id=\"zabrz-2860464801\"><div class=\"zabrz-adlabel\"><span style=\"font-size: 9px\">REKLAMA<\/span><\/div><div id=\"zabrz-1613100685\" style=\"margin-bottom: 40px;margin-left: auto;margin-right: auto;text-align: center;\"><a data-no-instant=\"1\" href=\"https:\/\/ogrodyandersa.pl\/\" rel=\"noopener\" class=\"a2t-link\" target=\"_blank\" aria-label=\"20260415 Ogrody Andersa WYBIERZ MIESZKANIE D\"><img loading=\"lazy\" decoding=\"async\" src=\"https:\/\/www.24zabrze.pl\/wiadomosci\/wp-content\/uploads\/2026\/02\/20260415-Ogrody-Andersa-WYBIERZ-MIESZKANIE-D.jpg\" alt=\"\"  srcset=\"https:\/\/www.24zabrze.pl\/wiadomosci\/wp-content\/uploads\/2026\/02\/20260415-Ogrody-Andersa-WYBIERZ-MIESZKANIE-D.jpg 750w, https:\/\/www.24zabrze.pl\/wiadomosci\/wp-content\/uploads\/2026\/02\/20260415-Ogrody-Andersa-WYBIERZ-MIESZKANIE-D-410x109.jpg 410w\" sizes=\"(max-width: 750px) 100vw, 750px\" class=\"no-lazyload\" width=\"750\" height=\"200\"  style=\"display: inline-block; max-width: 100%; height: auto;\" \/><\/a><\/div><\/div>\n<p><img loading=\"lazy\" decoding=\"async\" src=\"https:\/\/miastozabrze.pl\/wp-content\/uploads\/2025\/09\/zabrze_1080-x-1350.jpg\" width=\"1080\" height=\"1350\" class=\"alignnone size-medium\" \/><\/p>\n<p>Spotkanie potrwa od godziny 18:00 do ok. 20:30. Zjazdy pod ziemi\u0119 odb\u0119d\u0105 si\u0119 w godzinach 17:00\u201317:45. Podczas wydarzenia b\u0119dzie mo\u017cna r\u00f3wnie\u017c zakupi\u0107 najnowszy numer magazynu HERITO \u201ePog\u00f3rnicze\u201d. <\/p>\n<p>Miejsce: Kopalnia Guido, poziom 320, ul. 3 Maja 93, Zabrze.<\/p>\n<p>(\u017cms)\/UM Zabrze<br \/>\nfot. mat. organizatora<\/p>\n","protected":false},"excerpt":{"rendered":"<p>W podziemiach Kopalni Guido w Zabrzu odb\u0119dzie si\u0119 spotkanie z cyklu HERITO \u201e\u015al\u0105sk przysz\u0142o\u015bci\u201d, po\u015bwi\u0119cone dziedzictwu pog\u00f3rniczemu i przysz\u0142o\u015bci regionu. Wydarzenie zaplanowano na wtorek, 23 wrze\u015bnia. Rozpocz\u0119cie o godzinie 18:00. Wst\u0119p wolny. W spotkaniu wezm\u0105 udzia\u0142 m.in. Bart\u0142omiej Szewczyk \u2013 Dyrektor Muzeum G\u00f3rnictwa W\u0119glowego, dziennikarka Izolda Czmok oraz t\u0142umacz i popularyzator j\u0119zyka \u015bl\u0105skiego Grzegorz Kulik. [&hellip;]<\/p>\n","protected":false},"author":17,"featured_media":85980,"comment_status":"closed","ping_status":"closed","sticky":false,"template":"","format":"standard","meta":{"_monsterinsights_skip_tracking":false,"_monsterinsights_sitenote_active":false,"_monsterinsights_sitenote_note":"","_monsterinsights_sitenote_category":0,"footnotes":"","_links_to":"","_links_to_target":""},"categories":[11756,1],"tags":[],"class_list":["post-114775","post","type-post","status-publish","format-standard","has-post-thumbnail","hentry","category-kultura","category-wszystko"],"_links":{"self":[{"href":"https:\/\/www.24zabrze.pl\/wiadomosci\/wp-json\/wp\/v2\/posts\/114775","targetHints":{"allow":["GET"]}}],"collection":[{"href":"https:\/\/www.24zabrze.pl\/wiadomosci\/wp-json\/wp\/v2\/posts"}],"about":[{"href":"https:\/\/www.24zabrze.pl\/wiadomosci\/wp-json\/wp\/v2\/types\/post"}],"author":[{"embeddable":true,"href":"https:\/\/www.24zabrze.pl\/wiadomosci\/wp-json\/wp\/v2\/users\/17"}],"replies":[{"embeddable":true,"href":"https:\/\/www.24zabrze.pl\/wiadomosci\/wp-json\/wp\/v2\/comments?post=114775"}],"version-history":[{"count":0,"href":"https:\/\/www.24zabrze.pl\/wiadomosci\/wp-json\/wp\/v2\/posts\/114775\/revisions"}],"wp:featuredmedia":[{"embeddable":true,"href":"https:\/\/www.24zabrze.pl\/wiadomosci\/wp-json\/wp\/v2\/media\/85980"}],"wp:attachment":[{"href":"https:\/\/www.24zabrze.pl\/wiadomosci\/wp-json\/wp\/v2\/media?parent=114775"}],"wp:term":[{"taxonomy":"category","embeddable":true,"href":"https:\/\/www.24zabrze.pl\/wiadomosci\/wp-json\/wp\/v2\/categories?post=114775"},{"taxonomy":"post_tag","embeddable":true,"href":"https:\/\/www.24zabrze.pl\/wiadomosci\/wp-json\/wp\/v2\/tags?post=114775"}],"curies":[{"name":"wp","href":"https:\/\/api.w.org\/{rel}","templated":true}]}}