{"id":114765,"date":"2025-09-22T10:36:27","date_gmt":"2025-09-22T08:36:27","guid":{"rendered":"https:\/\/www.24zabrze.pl\/wiadomosci\/?p=114765"},"modified":"2025-09-22T10:45:14","modified_gmt":"2025-09-22T08:45:14","slug":"swieto-miasta-zabrze-potrwa-trzy-dni-bedzie-bieg-piknik-rodzinny-i-niecodzienne-spacery-po-dzielnicach","status":"publish","type":"post","link":"https:\/\/www.24zabrze.pl\/wiadomosci\/swieto-miasta-zabrze-potrwa-trzy-dni-bedzie-bieg-piknik-rodzinny-i-niecodzienne-spacery-po-dzielnicach\/","title":{"rendered":"\u015awi\u0119to Miasta Zabrze potrwa trzy dni. B\u0119dzie bieg, Piknik Rodzinny i niecodzienne spacery po dzielnicach"},"content":{"rendered":"<div class=\"zabrz-a6-z-nad-leadem-artykulow zabrz-entity-placement\" id=\"zabrz-277293051\"><div class=\"zabrz-adlabel\"><span style=\"font-size: 9px\">REKLAMA<\/span><\/div><div id=\"zabrz-2670134090\" style=\"margin-bottom: 30px;margin-left: auto;margin-right: auto;text-align: center;\"><a data-no-instant=\"1\" href=\"https:\/\/dom100.eu\/\" rel=\"noopener\" class=\"a2t-link\" target=\"_blank\" aria-label=\"20260415 DOM100 D\"><img loading=\"lazy\" decoding=\"async\" src=\"https:\/\/www.24zabrze.pl\/wiadomosci\/wp-content\/uploads\/2026\/02\/20260415-DOM100-D.jpg\" alt=\"\"  srcset=\"https:\/\/www.24zabrze.pl\/wiadomosci\/wp-content\/uploads\/2026\/02\/20260415-DOM100-D.jpg 750w, https:\/\/www.24zabrze.pl\/wiadomosci\/wp-content\/uploads\/2026\/02\/20260415-DOM100-D-410x109.jpg 410w\" sizes=\"(max-width: 750px) 100vw, 750px\" class=\"no-lazyload\" width=\"750\" height=\"200\"  style=\"display: inline-block; max-width: 100%; height: auto;\" \/><\/a><\/div><\/div><h2>Organizowane z okazji 103. rocznicy nadania praw miejskich \u015awi\u0119to Miasta Zabrze potrwa 3 dni. W weekend od 26 do 28 wrze\u015bnia nie zabraknie r\u00f3\u017cnego rodzaju atrakcji &#8211; od imprezy biegowej, przez rodzinny piknik, po spacery po dzielnicach. <\/h2>\n<p>Na cz\u0119\u015b\u0107 wydarze\u0144 obowi\u0105zuj\u0105 zapisy, inne wymagaj\u0105 zakupienia wej\u015bci\u00f3wki w symbolicznej cenie, pozosta\u0142e s\u0105 otwarte dla wszystkich.<\/p><div class=\"zabrz-a3-z-w-tresci-artykulow zabrz-entity-placement\" id=\"zabrz-4292239833\"><div class=\"zabrz-adlabel\"><span style=\"font-size: 9px\">REKLAMA<\/span><\/div><div id=\"zabrz-4079859976\" style=\"margin-bottom: 40px;margin-left: auto;margin-right: auto;text-align: center;\"><a data-no-instant=\"1\" href=\"https:\/\/ogrodyandersa.pl\/\" rel=\"noopener\" class=\"a2t-link\" target=\"_blank\" aria-label=\"20260415 Ogrody Andersa WYBIERZ MIESZKANIE D\"><img loading=\"lazy\" decoding=\"async\" src=\"https:\/\/www.24zabrze.pl\/wiadomosci\/wp-content\/uploads\/2026\/02\/20260415-Ogrody-Andersa-WYBIERZ-MIESZKANIE-D.jpg\" alt=\"\"  srcset=\"https:\/\/www.24zabrze.pl\/wiadomosci\/wp-content\/uploads\/2026\/02\/20260415-Ogrody-Andersa-WYBIERZ-MIESZKANIE-D.jpg 750w, https:\/\/www.24zabrze.pl\/wiadomosci\/wp-content\/uploads\/2026\/02\/20260415-Ogrody-Andersa-WYBIERZ-MIESZKANIE-D-410x109.jpg 410w\" sizes=\"(max-width: 750px) 100vw, 750px\" class=\"no-lazyload\" width=\"750\" height=\"200\"  style=\"display: inline-block; max-width: 100%; height: auto;\" \/><\/a><\/div><\/div>\n<h4>Pi\u0105tek, 26 wrze\u015bnia &#8211; Biegamy dla Zabrza<\/h4>\n<p>\u015awi\u0119to Zabrza rozpocznie si\u0119 w pi\u0105tek, 26 wrze\u015bnia. Tego dnia w Parku im. Powsta\u0144c\u00f3w \u015al\u0105skich przy ul. Czo\u0142gist\u00f3w, w godzinach od 9:00 do 12:00 odb\u0119dzie si\u0119 <strong>impreza sportowa dla dzieci i m\u0142odzie\u017cy<\/strong> pod has\u0142em &#8220;Biegamy dla Zabrza&#8221;. Miasto zaprasza do zapis\u00f3w szko\u0142y podstawowe &#8211; szczeg\u00f3\u0142owe informacje znajduj\u0105 si\u0119 tu: <a href=\"https:\/\/aktywnezabrze.pl\/biegamy-dal-zabrza\/\" target=\"_blank\" rel=\"noopener\">https:\/\/aktywnezabrze.pl\/biegamy-dal-zabrza\/<\/a>.<\/p>\n<h4>Sobota, 27 wrze\u015bnia &#8211; sporo atrakcji w Parku Dubiela<\/h4>\n<p>Kolejne wydarzenia zaplanowano na sobot\u0119, 27 wrze\u015bnia &#8211; w godzinach od 13:00 do 17:00 w Parku Miejskim przy ul. Dubiela odb\u0119dzie si\u0119 Piknik Rodzinny. B\u0119d\u0105 dmucha\u0144ce, gry i animacje dla dzieci, festiwal kolor\u00f3w, a tak\u017ce eliminator.<\/p>\n<h4>W programie przewidziano tak\u017ce:<\/h4>\n<ul>\n<li>Koncert zespo\u0142u Excess (17:00-19:00),<\/li>\n<li>Wyst\u0119py artystyczne zabrza\u0144skiej m\u0142odzie\u017cy,<\/li>\n<li>Degustacja s\u0142odko\u015bci przygotowana przez Piekarnia Ciastkarnia K\u0142os,<\/li>\n<li>Stoiska NGO \u2013 poznajcie zabrza\u0144skie organizacje pozarz\u0105dowe.<\/li>\n<\/ul>\n<h4>W trakcie pikniku, w godz. 13:00\u201317:00, odb\u0119dzie si\u0119 tak\u017ce Rodzinna Gra Miejska, organizowana w ramach \u015awiatowego Dnia Turystyki. Zapisy prowadzone b\u0119d\u0105 w miejscu wydarzenia.<\/h4>\n<p>To jednak nie koniec, bo przez ca\u0142y czas trwania pikniku mieszka\u0144cy b\u0119d\u0105 mogli wykr\u0119ca\u0107 kilometry na rowerze stacjonarnym w ramach inicjatywy <strong>\u201eKr\u0119cimy dla Zabrza\u201d. <\/strong>&#8211; <em>Je\u015bli uda si\u0119 osi\u0105gn\u0105\u0107 wyznaczony cel, Dom100.eu wesprze finansowo Zabrza\u0144sk\u0105 Fundacj\u0119. Dodatkowo ReShape przygotowa\u0142 konkurencj\u0119 sportow\u0105 z nagrodami<\/em> &#8211; informuj\u0105 organizatorzy. Akcj\u0119 przeprowadz\u0105 ReShape wraz<br \/>\nz Aktywne Zabrze.<\/p>\n<p><img loading=\"lazy\" decoding=\"async\" class=\"alignnone wp-image-114770 size-full\" src=\"https:\/\/www.24zabrze.pl\/wiadomosci\/wp-content\/uploads\/2025\/09\/swieto-miasta-zabrze.jpg\" alt=\"\" width=\"1446\" height=\"2048\" srcset=\"https:\/\/www.24zabrze.pl\/wiadomosci\/wp-content\/uploads\/2025\/09\/swieto-miasta-zabrze.jpg 1446w, https:\/\/www.24zabrze.pl\/wiadomosci\/wp-content\/uploads\/2025\/09\/swieto-miasta-zabrze-164x232.jpg 164w, https:\/\/www.24zabrze.pl\/wiadomosci\/wp-content\/uploads\/2025\/09\/swieto-miasta-zabrze-321x455.jpg 321w, https:\/\/www.24zabrze.pl\/wiadomosci\/wp-content\/uploads\/2025\/09\/swieto-miasta-zabrze-768x1088.jpg 768w, https:\/\/www.24zabrze.pl\/wiadomosci\/wp-content\/uploads\/2025\/09\/swieto-miasta-zabrze-1085x1536.jpg 1085w, https:\/\/www.24zabrze.pl\/wiadomosci\/wp-content\/uploads\/2025\/09\/swieto-miasta-zabrze-810x1147.jpg 810w, https:\/\/www.24zabrze.pl\/wiadomosci\/wp-content\/uploads\/2025\/09\/swieto-miasta-zabrze-1140x1615.jpg 1140w\" sizes=\"auto, (max-width: 1446px) 100vw, 1446px\" \/><\/p>\n<p>Tego dnia, w godzinach mi\u0119dzy 19:00 a 22:00, tak\u017ce w Parku Miejskim przy ul. Dubiela, odb\u0119dzie si\u0119 <strong>Mi\u0119dzypokoleniowa Zabawa Taneczna.<\/strong> O opraw\u0119 muzyczn\u0105 zadba DJ Witek. Z kolei w Domu Muzyki i Ta\u0144ca o godzinie 18:00 przewidziano<strong> Koncert Galowy<\/strong>. Bilety na to wydarzenie kosztuj\u0105 10 z\u0142. Wi\u0119cej na ten temat pisali\u015bmy tu:<\/p>\n<blockquote class=\"wp-embedded-content\" data-secret=\"4VDO1CpSqb\"><p><a href=\"https:\/\/www.24zabrze.pl\/wiadomosci\/koncert-galowy-z-okazji-swieta-miasta-zabrze-bilety-sa-dostepne-w-symbolicznej-cenie\/\">Koncert Galowy z okazji \u015bwi\u0119ta miasta Zabrze. Bilety s\u0105 dost\u0119pne w symbolicznej cenie<\/a><\/p><\/blockquote>\n<p><iframe loading=\"lazy\" class=\"wp-embedded-content\" sandbox=\"allow-scripts\" security=\"restricted\" style=\"position: absolute; visibility: hidden;\" title=\"&#8222;Koncert Galowy z okazji \u015bwi\u0119ta miasta Zabrze. Bilety s\u0105 dost\u0119pne w symbolicznej cenie&#8221; &#8212; 24zabrze.pl - Portal Miejski Zabrze | wiadomo\u015bci\" src=\"https:\/\/www.24zabrze.pl\/wiadomosci\/koncert-galowy-z-okazji-swieta-miasta-zabrze-bilety-sa-dostepne-w-symbolicznej-cenie\/embed\/#?secret=RRPXKyVud4#?secret=4VDO1CpSqb\" data-secret=\"4VDO1CpSqb\" width=\"600\" height=\"338\" frameborder=\"0\" marginwidth=\"0\" marginheight=\"0\" scrolling=\"no\"><\/iframe><\/p>\n<h4>Niedziela, 28 wrze\u015bnia &#8211; msza i wycieczki po dzielnicach<\/h4>\n<p>W niedziel\u0119, 28 wrze\u015bnia, o godzinie 12:15 w ko\u015bciele pw. \u015bw. Kamila przy ul. Dubiela 10 odb\u0119dzie si\u0119 uroczysta Msza \u015awi\u0119ta z okazji \u015awi\u0119ta Miasta.<\/p>\n<p>Wcze\u015bniej, bo od godziny 10:00, w kilku dzielnicach Zabrza rozpoczn\u0105 si\u0119 spacery pe\u0142ne historii, anegdot i niecodziennych odkry\u0107. Ka\u017cdy z przewodnik\u00f3w tych wycieczek przygotowa\u0142 autorsk\u0105 tras\u0119 \u2013 jedyn\u0105 w swoim rodzaju. Liczba miejsc jest ograniczona &#8211; obowi\u0105zuj\u0105 zapisy.<\/p>\n<h4>Ka\u017cda z wypraw potrwa oko\u0142o 2 godzin. Do wyboru jest 6 tras:<\/h4>\n<ul>\n<li><strong>Paw\u0142\u00f3w <\/strong>\u2013 spokojna, zielona dzielnica. Spacer pe\u0142en nostalgii i u\u015bmiechu, o tym co min\u0119\u0142o i co przed nami.<\/li>\n<li><strong>Biskupice<\/strong> \u2013 \u201eOd biskup\u00f3w krakowskich do berli\u0144skich ewangelik\u00f3w\u201d \u2013 ko\u015bcio\u0142y, cmentarze i \u015blady wielowyznaniowej historii.<\/li>\n<li><strong>Guido<\/strong> \u2013 z <strong>Dariuszem Walerja\u0144skim<\/strong>: \u015bwi\u0105tynie, kolonie robotnicze, dawna granica, piramida z g\u0142az\u00f3w lodowcowych, lwy Schadowa i \u015blady g\u00f3rnictwa z czas\u00f3w Napoleona.<\/li>\n<li><strong>\u015ar\u00f3dmie\u015bcie<\/strong> \u2013 Kino Roma \u2013 \u201eFilmow\u0105 map\u0105 Zabrza\u201d \u2013 historia kin i film\u00f3w, a w centrum uwagi najstarsze kino na G\u00f3rnym \u015al\u0105sku.<\/li>\n<li><strong>Ko\u0144czyce <\/strong>\u2013 cofniemy si\u0119 do XVIII wieku, by pozna\u0107 pocz\u0105tki osady baronostwa Wilczek i niezwyk\u0142e losy jej mieszka\u0144c\u00f3w.<\/li>\n<li><strong>Grzybowice <\/strong>\u2013 spacer po znanych i mniej znanych zak\u0105tkach tej urokliwej dzielnicy.<\/li>\n<\/ul>\n<h5>Zapisy: Punkt Informacji o Mie\u015bcie Zabrze, tel. +48 32 37 33 520, 32 271 72 76 (pn\u2013pt, godz. 9:30\u201315:00).<\/h5>\n<p><img loading=\"lazy\" decoding=\"async\" class=\"alignnone wp-image-114769 size-full\" src=\"https:\/\/www.24zabrze.pl\/wiadomosci\/wp-content\/uploads\/2025\/09\/spacery-po-zabrzu.jpg\" alt=\"\" width=\"1446\" height=\"2048\" srcset=\"https:\/\/www.24zabrze.pl\/wiadomosci\/wp-content\/uploads\/2025\/09\/spacery-po-zabrzu.jpg 1446w, https:\/\/www.24zabrze.pl\/wiadomosci\/wp-content\/uploads\/2025\/09\/spacery-po-zabrzu-164x232.jpg 164w, https:\/\/www.24zabrze.pl\/wiadomosci\/wp-content\/uploads\/2025\/09\/spacery-po-zabrzu-321x455.jpg 321w, https:\/\/www.24zabrze.pl\/wiadomosci\/wp-content\/uploads\/2025\/09\/spacery-po-zabrzu-768x1088.jpg 768w, https:\/\/www.24zabrze.pl\/wiadomosci\/wp-content\/uploads\/2025\/09\/spacery-po-zabrzu-1085x1536.jpg 1085w, https:\/\/www.24zabrze.pl\/wiadomosci\/wp-content\/uploads\/2025\/09\/spacery-po-zabrzu-810x1147.jpg 810w, https:\/\/www.24zabrze.pl\/wiadomosci\/wp-content\/uploads\/2025\/09\/spacery-po-zabrzu-1140x1615.jpg 1140w\" sizes=\"auto, (max-width: 1446px) 100vw, 1446px\" \/><\/p>\n<p>(\u017cms)\/PIoMZ<br \/>\nfot. zdj\u0119cie pogl\u0105dowe\/arch. UM Zabrze<\/p>\n","protected":false},"excerpt":{"rendered":"<p>Organizowane z okazji 103. rocznicy nadania praw miejskich \u015awi\u0119to Miasta Zabrze potrwa 3 dni. W weekend od 26 do 28 wrze\u015bnia nie zabraknie r\u00f3\u017cnego rodzaju atrakcji &#8211; od imprezy biegowej, przez rodzinny piknik, po spacery po dzielnicach. Na cz\u0119\u015b\u0107 wydarze\u0144 obowi\u0105zuj\u0105 zapisy, inne wymagaj\u0105 zakupienia wej\u015bci\u00f3wki w symbolicznej cenie, pozosta\u0142e s\u0105 otwarte dla wszystkich. Pi\u0105tek, [&hellip;]<\/p>\n","protected":false},"author":17,"featured_media":111067,"comment_status":"closed","ping_status":"closed","sticky":false,"template":"","format":"standard","meta":{"_monsterinsights_skip_tracking":false,"_monsterinsights_sitenote_active":false,"_monsterinsights_sitenote_note":"","_monsterinsights_sitenote_category":0,"footnotes":"","_links_to":"","_links_to_target":""},"categories":[11756,9,1],"tags":[12745],"class_list":["post-114765","post","type-post","status-publish","format-standard","has-post-thumbnail","hentry","category-kultura","category-stronaglowna","category-wszystko","tag-spacery-po-dzielnicach"],"_links":{"self":[{"href":"https:\/\/www.24zabrze.pl\/wiadomosci\/wp-json\/wp\/v2\/posts\/114765","targetHints":{"allow":["GET"]}}],"collection":[{"href":"https:\/\/www.24zabrze.pl\/wiadomosci\/wp-json\/wp\/v2\/posts"}],"about":[{"href":"https:\/\/www.24zabrze.pl\/wiadomosci\/wp-json\/wp\/v2\/types\/post"}],"author":[{"embeddable":true,"href":"https:\/\/www.24zabrze.pl\/wiadomosci\/wp-json\/wp\/v2\/users\/17"}],"replies":[{"embeddable":true,"href":"https:\/\/www.24zabrze.pl\/wiadomosci\/wp-json\/wp\/v2\/comments?post=114765"}],"version-history":[{"count":7,"href":"https:\/\/www.24zabrze.pl\/wiadomosci\/wp-json\/wp\/v2\/posts\/114765\/revisions"}],"predecessor-version":[{"id":114774,"href":"https:\/\/www.24zabrze.pl\/wiadomosci\/wp-json\/wp\/v2\/posts\/114765\/revisions\/114774"}],"wp:featuredmedia":[{"embeddable":true,"href":"https:\/\/www.24zabrze.pl\/wiadomosci\/wp-json\/wp\/v2\/media\/111067"}],"wp:attachment":[{"href":"https:\/\/www.24zabrze.pl\/wiadomosci\/wp-json\/wp\/v2\/media?parent=114765"}],"wp:term":[{"taxonomy":"category","embeddable":true,"href":"https:\/\/www.24zabrze.pl\/wiadomosci\/wp-json\/wp\/v2\/categories?post=114765"},{"taxonomy":"post_tag","embeddable":true,"href":"https:\/\/www.24zabrze.pl\/wiadomosci\/wp-json\/wp\/v2\/tags?post=114765"}],"curies":[{"name":"wp","href":"https:\/\/api.w.org\/{rel}","templated":true}]}}