{"id":112846,"date":"2025-03-04T19:24:13","date_gmt":"2025-03-04T18:24:13","guid":{"rendered":"https:\/\/www.24zabrze.pl\/wiadomosci\/?p=112846"},"modified":"2025-03-04T15:32:06","modified_gmt":"2025-03-04T14:32:06","slug":"na-parkingu-przy-markecie-uszkodzono-samochod-policja-opublikowala-wizerunki","status":"publish","type":"post","link":"https:\/\/www.24zabrze.pl\/wiadomosci\/na-parkingu-przy-markecie-uszkodzono-samochod-policja-opublikowala-wizerunki\/","title":{"rendered":"Na parkingu przy markecie uszkodzono samoch\u00f3d. Policja opublikowa\u0142a wizerunki"},"content":{"rendered":"<div class=\"zabrz-a6-z-nad-leadem-artykulow zabrz-entity-placement\" id=\"zabrz-2916550447\"><div class=\"zabrz-adlabel\"><span style=\"font-size: 9px\">REKLAMA<\/span><\/div><div id=\"zabrz-4145075845\" style=\"margin-bottom: 30px;margin-left: auto;margin-right: auto;text-align: center;\"><a data-no-instant=\"1\" href=\"https:\/\/dom100.eu\/\" rel=\"noopener\" class=\"a2t-link\" target=\"_blank\" aria-label=\"20260415 DOM100 D\"><img loading=\"lazy\" decoding=\"async\" src=\"https:\/\/www.24zabrze.pl\/wiadomosci\/wp-content\/uploads\/2026\/02\/20260415-DOM100-D.jpg\" alt=\"\"  srcset=\"https:\/\/www.24zabrze.pl\/wiadomosci\/wp-content\/uploads\/2026\/02\/20260415-DOM100-D.jpg 750w, https:\/\/www.24zabrze.pl\/wiadomosci\/wp-content\/uploads\/2026\/02\/20260415-DOM100-D-410x109.jpg 410w\" sizes=\"(max-width: 750px) 100vw, 750px\" class=\"no-lazyload\" width=\"750\" height=\"200\"  style=\"display: inline-block; max-width: 100%; height: auto;\" \/><\/a><\/div><\/div><h2>Tr\u00f3jka ludzi widoczna na zdj\u0119ciach opublikowanych przez zabrza\u0144sk\u0105 policj\u0119, poszukiwana jest w zwi\u0105zku z kolizj\u0105, w kt\u00f3rej sprawca odjecha\u0142 z miejsca zdarzenia. Do zdarzenia dosz\u0142o 8 lutego na parkingu przy ulicy Miel\u017cy\u0144skiego 3.<\/h2>\n<p>Post\u0119powanie wyja\u015bniaj\u0105ce w tej sprawie prowadzone jest w wydziale prewencji KMP Zabrze. Wspomnianego dnia, o godzinie 15:37 najechano na prawid\u0142owo zaparkowany samoch\u00f3d marki Kia. <\/p><div class=\"zabrz-a3-z-w-tresci-artykulow zabrz-entity-placement\" id=\"zabrz-1610274891\"><div class=\"zabrz-adlabel\"><span style=\"font-size: 9px\">REKLAMA<\/span><\/div><div id=\"zabrz-3293182730\" style=\"margin-bottom: 40px;margin-left: auto;margin-right: auto;text-align: center;\"><a data-no-instant=\"1\" href=\"https:\/\/ogrodyandersa.pl\/\" rel=\"noopener\" class=\"a2t-link\" target=\"_blank\" aria-label=\"20260415 Ogrody Andersa WYBIERZ MIESZKANIE D\"><img loading=\"lazy\" decoding=\"async\" src=\"https:\/\/www.24zabrze.pl\/wiadomosci\/wp-content\/uploads\/2026\/02\/20260415-Ogrody-Andersa-WYBIERZ-MIESZKANIE-D.jpg\" alt=\"\"  srcset=\"https:\/\/www.24zabrze.pl\/wiadomosci\/wp-content\/uploads\/2026\/02\/20260415-Ogrody-Andersa-WYBIERZ-MIESZKANIE-D.jpg 750w, https:\/\/www.24zabrze.pl\/wiadomosci\/wp-content\/uploads\/2026\/02\/20260415-Ogrody-Andersa-WYBIERZ-MIESZKANIE-D-410x109.jpg 410w\" sizes=\"(max-width: 750px) 100vw, 750px\" class=\"no-lazyload\" width=\"750\" height=\"200\"  style=\"display: inline-block; max-width: 100%; height: auto;\" \/><\/a><\/div><\/div>\n<h4>Policjanci prosz\u0119 o kontakt osoby, kt\u00f3re rozpoznaj\u0105 wizerunki os\u00f3b ujawnionych na nagraniu z monitoringu z miejsca zdarzenia.<\/h4>\n<p>&#8211; <em>Je\u017celi rozpoznaj\u0105 Pa\u0144stwo osoby na zdj\u0119ciu, prosimy o kontakt pod numerem telefonu 47 8543 200, lub z najbli\u017csz\u0105 jednostk\u0105 policji, dzwoni\u0105c pod numer 112. Gwarantujemy anonimowo\u015b\u0107<\/em> &#8211; zapewnia asp. Sebastian Bijok, oficer prasowy KMP Zabrze.<\/p>\n<p>(\u017cms)\/KMP Zabrze<br \/>\nfot. KMP Zabrze<\/p>\n<p><a href=\"https:\/\/www.24zabrze.pl\/wiadomosci\/wp-content\/uploads\/2025\/03\/uszkodzenie-samochodu-wizerunek-auta.jpg\"><img loading=\"lazy\" decoding=\"async\" src=\"https:\/\/www.24zabrze.pl\/wiadomosci\/wp-content\/uploads\/2025\/03\/uszkodzenie-samochodu-wizerunek-auta.jpg\" alt=\"\" width=\"1107\" height=\"830\" class=\"alignnone size-full wp-image-112847\" srcset=\"https:\/\/www.24zabrze.pl\/wiadomosci\/wp-content\/uploads\/2025\/03\/uszkodzenie-samochodu-wizerunek-auta.jpg 1107w, https:\/\/www.24zabrze.pl\/wiadomosci\/wp-content\/uploads\/2025\/03\/uszkodzenie-samochodu-wizerunek-auta-309x232.jpg 309w, https:\/\/www.24zabrze.pl\/wiadomosci\/wp-content\/uploads\/2025\/03\/uszkodzenie-samochodu-wizerunek-auta-607x455.jpg 607w, https:\/\/www.24zabrze.pl\/wiadomosci\/wp-content\/uploads\/2025\/03\/uszkodzenie-samochodu-wizerunek-auta-768x576.jpg 768w, https:\/\/www.24zabrze.pl\/wiadomosci\/wp-content\/uploads\/2025\/03\/uszkodzenie-samochodu-wizerunek-auta-810x607.jpg 810w\" sizes=\"auto, (max-width: 1107px) 100vw, 1107px\" \/><\/a><\/p>\n","protected":false},"excerpt":{"rendered":"<p>Tr\u00f3jka ludzi widoczna na zdj\u0119ciach opublikowanych przez zabrza\u0144sk\u0105 policj\u0119, poszukiwana jest w zwi\u0105zku z kolizj\u0105, w kt\u00f3rej sprawca odjecha\u0142 z miejsca zdarzenia. Do zdarzenia dosz\u0142o 8 lutego na parkingu przy ulicy Miel\u017cy\u0144skiego 3. Post\u0119powanie wyja\u015bniaj\u0105ce w tej sprawie prowadzone jest w wydziale prewencji KMP Zabrze. Wspomnianego dnia, o godzinie 15:37 najechano na prawid\u0142owo zaparkowany samoch\u00f3d [&hellip;]<\/p>\n","protected":false},"author":17,"featured_media":112848,"comment_status":"closed","ping_status":"closed","sticky":false,"template":"","format":"standard","meta":{"_monsterinsights_skip_tracking":false,"_monsterinsights_sitenote_active":false,"_monsterinsights_sitenote_note":"","_monsterinsights_sitenote_category":0,"footnotes":"","_links_to":"","_links_to_target":""},"categories":[5,1],"tags":[],"class_list":["post-112846","post","type-post","status-publish","format-standard","has-post-thumbnail","hentry","category-prawo","category-wszystko"],"_links":{"self":[{"href":"https:\/\/www.24zabrze.pl\/wiadomosci\/wp-json\/wp\/v2\/posts\/112846","targetHints":{"allow":["GET"]}}],"collection":[{"href":"https:\/\/www.24zabrze.pl\/wiadomosci\/wp-json\/wp\/v2\/posts"}],"about":[{"href":"https:\/\/www.24zabrze.pl\/wiadomosci\/wp-json\/wp\/v2\/types\/post"}],"author":[{"embeddable":true,"href":"https:\/\/www.24zabrze.pl\/wiadomosci\/wp-json\/wp\/v2\/users\/17"}],"replies":[{"embeddable":true,"href":"https:\/\/www.24zabrze.pl\/wiadomosci\/wp-json\/wp\/v2\/comments?post=112846"}],"version-history":[{"count":0,"href":"https:\/\/www.24zabrze.pl\/wiadomosci\/wp-json\/wp\/v2\/posts\/112846\/revisions"}],"wp:featuredmedia":[{"embeddable":true,"href":"https:\/\/www.24zabrze.pl\/wiadomosci\/wp-json\/wp\/v2\/media\/112848"}],"wp:attachment":[{"href":"https:\/\/www.24zabrze.pl\/wiadomosci\/wp-json\/wp\/v2\/media?parent=112846"}],"wp:term":[{"taxonomy":"category","embeddable":true,"href":"https:\/\/www.24zabrze.pl\/wiadomosci\/wp-json\/wp\/v2\/categories?post=112846"},{"taxonomy":"post_tag","embeddable":true,"href":"https:\/\/www.24zabrze.pl\/wiadomosci\/wp-json\/wp\/v2\/tags?post=112846"}],"curies":[{"name":"wp","href":"https:\/\/api.w.org\/{rel}","templated":true}]}}