{"id":112612,"date":"2025-02-11T14:23:28","date_gmt":"2025-02-11T13:23:28","guid":{"rendered":"https:\/\/www.24zabrze.pl\/wiadomosci\/?p=112612"},"modified":"2025-02-11T14:23:28","modified_gmt":"2025-02-11T13:23:28","slug":"rozpoczyna-sie-kwalifikacja-wojskowa-na-terenie-zabrza-co-zabrac-gdzie-sie-stawic","status":"publish","type":"post","link":"https:\/\/www.24zabrze.pl\/wiadomosci\/rozpoczyna-sie-kwalifikacja-wojskowa-na-terenie-zabrza-co-zabrac-gdzie-sie-stawic\/","title":{"rendered":"Rozpoczyna si\u0119 kwalifikacja wojskowa na terenie Zabrza. Co zabra\u0107? Gdzie si\u0119 stawi\u0107?"},"content":{"rendered":"<div class=\"zabrz-a6-z-nad-leadem-artykulow zabrz-entity-placement\" id=\"zabrz-3064162775\"><div class=\"zabrz-adlabel\"><span style=\"font-size: 9px\">REKLAMA<\/span><\/div><div id=\"zabrz-3351112655\" style=\"margin-bottom: 30px;margin-left: auto;margin-right: auto;text-align: center;\"><a data-no-instant=\"1\" href=\"https:\/\/dom100.eu\/\" rel=\"noopener\" class=\"a2t-link\" target=\"_blank\" aria-label=\"20260415 DOM100 D\"><img loading=\"lazy\" decoding=\"async\" src=\"https:\/\/www.24zabrze.pl\/wiadomosci\/wp-content\/uploads\/2026\/02\/20260415-DOM100-D.jpg\" alt=\"\"  srcset=\"https:\/\/www.24zabrze.pl\/wiadomosci\/wp-content\/uploads\/2026\/02\/20260415-DOM100-D.jpg 750w, https:\/\/www.24zabrze.pl\/wiadomosci\/wp-content\/uploads\/2026\/02\/20260415-DOM100-D-410x109.jpg 410w\" sizes=\"(max-width: 750px) 100vw, 750px\" class=\"no-lazyload\" width=\"750\" height=\"200\"  style=\"display: inline-block; max-width: 100%; height: auto;\" \/><\/a><\/div><\/div><h2>Kwalifikacja wojskowa obejmuj\u0105ca mieszka\u0144c\u00f3w Zabrza rozpocznie si\u0119 ju\u017c za kilka dni. Proces ten zostanie przeprowadzony w dniach od 17 lutego do 28 marca 2025 roku w pomieszczeniach budynku przy ulicy Wolno\u015bci 416.<\/h2>\n<p>Osoby, kt\u00f3re po raz pierwszy zosta\u0142y wezwane do kwalifikacji wojskowej powinny zabra\u0107 ze sob\u0105: dow\u00f3d osobisty lub inny dokument potwierdzaj\u0105cy to\u017csamo\u015b\u0107, wszelk\u0105 dokumentacj\u0119 medyczn\u0105 (je\u017celi tak\u0105 posiadaj\u0105), a tak\u017ce dokumenty potwierdzaj\u0105ce wykszta\u0142cenie albo za\u015bwiadczenie o kontynuacji nauki oraz posiadane kwalifikacje zawodowe. <\/p><div class=\"zabrz-a3-z-w-tresci-artykulow zabrz-entity-placement\" id=\"zabrz-1153895433\"><div class=\"zabrz-adlabel\"><span style=\"font-size: 9px\">REKLAMA<\/span><\/div><div id=\"zabrz-4185349220\" style=\"margin-bottom: 40px;margin-left: auto;margin-right: auto;text-align: center;\"><a data-no-instant=\"1\" href=\"https:\/\/ogrodyandersa.pl\/\" rel=\"noopener\" class=\"a2t-link\" target=\"_blank\" aria-label=\"20260415 Ogrody Andersa WYBIERZ MIESZKANIE D\"><img loading=\"lazy\" decoding=\"async\" src=\"https:\/\/www.24zabrze.pl\/wiadomosci\/wp-content\/uploads\/2026\/02\/20260415-Ogrody-Andersa-WYBIERZ-MIESZKANIE-D.jpg\" alt=\"\"  srcset=\"https:\/\/www.24zabrze.pl\/wiadomosci\/wp-content\/uploads\/2026\/02\/20260415-Ogrody-Andersa-WYBIERZ-MIESZKANIE-D.jpg 750w, https:\/\/www.24zabrze.pl\/wiadomosci\/wp-content\/uploads\/2026\/02\/20260415-Ogrody-Andersa-WYBIERZ-MIESZKANIE-D-410x109.jpg 410w\" sizes=\"(max-width: 750px) 100vw, 750px\" class=\"no-lazyload\" width=\"750\" height=\"200\"  style=\"display: inline-block; max-width: 100%; height: auto;\" \/><\/a><\/div><\/div>\n<p>Kto musi si\u0119 stawi\u0107? Szczeg\u00f3\u0142owo t\u0119 spraw\u0119 opisywali\u015bmy niedawno tu:<\/p>\n<blockquote class=\"wp-embedded-content\" data-secret=\"RSOtgHuAhg\"><p><a href=\"https:\/\/www.24zabrze.pl\/wiadomosci\/do-mlodych-mieszkancow-zabrza-niebawem-dotra-wezwania-musza-stawic-sie-przed-komisja-lekarska\/\">Do m\u0142odych mieszka\u0144c\u00f3w Zabrza niebawem dotr\u0105 wezwania. Musz\u0105 stawi\u0107 si\u0119 przed komisj\u0105 lekarsk\u0105<\/a><\/p><\/blockquote>\n<p><iframe loading=\"lazy\" class=\"wp-embedded-content\" sandbox=\"allow-scripts\" security=\"restricted\" style=\"position: absolute; visibility: hidden;\" title=\"&#8222;Do m\u0142odych mieszka\u0144c\u00f3w Zabrza niebawem dotr\u0105 wezwania. Musz\u0105 stawi\u0107 si\u0119 przed komisj\u0105 lekarsk\u0105&#8221; &#8212; 24zabrze.pl - Portal Miejski Zabrze | wiadomo\u015bci\" src=\"https:\/\/www.24zabrze.pl\/wiadomosci\/do-mlodych-mieszkancow-zabrza-niebawem-dotra-wezwania-musza-stawic-sie-przed-komisja-lekarska\/embed\/#?secret=SurFqGEL3K#?secret=RSOtgHuAhg\" data-secret=\"RSOtgHuAhg\" width=\"600\" height=\"338\" frameborder=\"0\" marginwidth=\"0\" marginheight=\"0\" scrolling=\"no\"><\/iframe><\/p>\n<p>Stawiaj\u0105cy si\u0119 do kwalifikacji po raz kolejny zabieraj\u0105 ze sob\u0105 dow\u00f3d osobisty lub inny dokument potwierdzaj\u0105cy to\u017csamo\u015b\u0107; dokumentacj\u0119 medyczn\u0105, dotycz\u0105c\u0105 zmian w stanie zdrowia (w tym wyniki bada\u0144 specjalistycznych przeprowadzonych w okresie ostatnich 12 miesi\u0119cy) oraz ksi\u0105\u017ceczk\u0119 wojskow\u0105 je\u015bli zosta\u0142a wydana. <\/p>\n<p>Celem kwalifikacji wojskowej jest ustalenie zdolno\u015bci do s\u0142u\u017cby wojskowej os\u00f3b podlegaj\u0105cych temu obowi\u0105zkowi oraz os\u00f3b zg\u0142aszaj\u0105cych si\u0119 w trybie ochotniczym do pe\u0142nienia s\u0142u\u017cby wojskowej, kt\u00f3re uko\u0144czy\u0142y 18 rok \u017cycia. Kwalifikacja wojskowa obejmuje swoim dzia\u0142aniem wszystkie czynno\u015bci maj\u0105ce na celu ustalenie zdolno\u015bci poborowego do s\u0142u\u017cby wojskowej.<\/p>\n<p>Wszelkie informacje mo\u017cna uzyska\u0107 pod numerem telefonu 32\/37-33-438.<\/p>\n<h4>Kto musi si\u0119 stawi\u0107?<\/h4>\n<p>Zgodnie z Rozporz\u0105dzeniem Ministra Obrony Narodowej z dnia 27 listopada 2024 r. w sprawie przeprowadzenia kwalifikacji wojskowej w 2025 r. obowi\u0105zek stawienia si\u0119 dotyczy:<\/p>\n<ul>\n<li>M\u0119\u017cczyzn urodzonych w 2006 roku.<\/li>\n<li>M\u0119\u017cczyzn urodzonych w latach 2001-2005, kt\u00f3rzy nie posiadaj\u0105 okre\u015blonej kategorii zdolno\u015bci do s\u0142u\u017cby wojskowej.<\/li>\n<li>Os\u00f3b, kt\u00f3re w latach 2023 i 2024 zosta\u0142y uznane przez powiatowe komisje lekarskie za czasowo niezdolne do s\u0142u\u017cby wojskowej ze wzgl\u0119du na stan zdrowia, je\u017celi okres tej niezdolno\u015bci up\u0142ywa przed zako\u0144czeniem kwalifikacji wojskowej.<\/li>\n<li>Kobiet urodzonych w latach 1998-2006 posiadaj\u0105cych kwalifikacje przydatne do s\u0142u\u017cby wojskowej, kt\u00f3re nie stawa\u0142y jeszcze do kwalifikacji wojskowej, oraz kobiet pobieraj\u0105cych nauk\u0119 w celu uzyskania tych kwalifikacji, kt\u00f3re w roku szkolnym lub akademickim 2024\/2025 ko\u0144cz\u0105 studia na kierunkach lub ko\u0144cz\u0105 nauk\u0119 w zawodach okre\u015blonych w przepisach.<\/li>\n<li>Os\u00f3b, kt\u00f3re uko\u0144czy\u0142y 18 lat \u017cycia i zg\u0142osi\u0142y si\u0119 ochotniczo do kwalifikacji wojskowej.<\/li>\n<li>Os\u00f3b o nieuregulowanym stosunku do s\u0142u\u017cby wojskowej do ko\u0144ca roku kalendarzowego, w kt\u00f3rym ko\u0144cz\u0105 60 lat \u017cycia, je\u017celi nie posiadaj\u0105 okre\u015blonej kategorii zdolno\u015bci do czynnej s\u0142u\u017cby wojskowej i zg\u0142osi\u0142y si\u0119 do kwalifikacji wojskowej.<\/li>\n<\/ul>\n<p>(\u017cms)\/UM Zabrze<\/p>\n","protected":false},"excerpt":{"rendered":"<p>Kwalifikacja wojskowa obejmuj\u0105ca mieszka\u0144c\u00f3w Zabrza rozpocznie si\u0119 ju\u017c za kilka dni. Proces ten zostanie przeprowadzony w dniach od 17 lutego do 28 marca 2025 roku w pomieszczeniach budynku przy ulicy Wolno\u015bci 416. Osoby, kt\u00f3re po raz pierwszy zosta\u0142y wezwane do kwalifikacji wojskowej powinny zabra\u0107 ze sob\u0105: dow\u00f3d osobisty lub inny dokument potwierdzaj\u0105cy to\u017csamo\u015b\u0107, wszelk\u0105 dokumentacj\u0119 [&hellip;]<\/p>\n","protected":false},"author":17,"featured_media":112616,"comment_status":"closed","ping_status":"closed","sticky":false,"template":"","format":"standard","meta":{"_monsterinsights_skip_tracking":false,"_monsterinsights_sitenote_active":false,"_monsterinsights_sitenote_note":"","_monsterinsights_sitenote_category":0,"footnotes":"","_links_to":"","_links_to_target":""},"categories":[5,1],"tags":[],"class_list":["post-112612","post","type-post","status-publish","format-standard","has-post-thumbnail","hentry","category-prawo","category-wszystko"],"_links":{"self":[{"href":"https:\/\/www.24zabrze.pl\/wiadomosci\/wp-json\/wp\/v2\/posts\/112612","targetHints":{"allow":["GET"]}}],"collection":[{"href":"https:\/\/www.24zabrze.pl\/wiadomosci\/wp-json\/wp\/v2\/posts"}],"about":[{"href":"https:\/\/www.24zabrze.pl\/wiadomosci\/wp-json\/wp\/v2\/types\/post"}],"author":[{"embeddable":true,"href":"https:\/\/www.24zabrze.pl\/wiadomosci\/wp-json\/wp\/v2\/users\/17"}],"replies":[{"embeddable":true,"href":"https:\/\/www.24zabrze.pl\/wiadomosci\/wp-json\/wp\/v2\/comments?post=112612"}],"version-history":[{"count":0,"href":"https:\/\/www.24zabrze.pl\/wiadomosci\/wp-json\/wp\/v2\/posts\/112612\/revisions"}],"wp:featuredmedia":[{"embeddable":true,"href":"https:\/\/www.24zabrze.pl\/wiadomosci\/wp-json\/wp\/v2\/media\/112616"}],"wp:attachment":[{"href":"https:\/\/www.24zabrze.pl\/wiadomosci\/wp-json\/wp\/v2\/media?parent=112612"}],"wp:term":[{"taxonomy":"category","embeddable":true,"href":"https:\/\/www.24zabrze.pl\/wiadomosci\/wp-json\/wp\/v2\/categories?post=112612"},{"taxonomy":"post_tag","embeddable":true,"href":"https:\/\/www.24zabrze.pl\/wiadomosci\/wp-json\/wp\/v2\/tags?post=112612"}],"curies":[{"name":"wp","href":"https:\/\/api.w.org\/{rel}","templated":true}]}}