{"id":112416,"date":"2025-01-29T13:14:27","date_gmt":"2025-01-29T12:14:27","guid":{"rendered":"https:\/\/www.24zabrze.pl\/wiadomosci\/?p=112416"},"modified":"2025-01-29T13:14:27","modified_gmt":"2025-01-29T12:14:27","slug":"musimy-byc-przygotowani-na-kazdy-scenariusz-powstanie-nowy-system-ostrzegania-i-alarmowania","status":"publish","type":"post","link":"https:\/\/www.24zabrze.pl\/wiadomosci\/musimy-byc-przygotowani-na-kazdy-scenariusz-powstanie-nowy-system-ostrzegania-i-alarmowania\/","title":{"rendered":"&#8220;Musimy by\u0107 przygotowani na ka\u017cdy scenariusz&#8221;. Powstanie nowy system ostrzegania i alarmowania"},"content":{"rendered":"<div class=\"zabrz-a6-z-nad-leadem-artykulow zabrz-entity-placement\" id=\"zabrz-3872369929\"><div class=\"zabrz-adlabel\"><span style=\"font-size: 9px\">REKLAMA<\/span><\/div><div id=\"zabrz-1187555567\" style=\"margin-bottom: 30px;margin-left: auto;margin-right: auto;text-align: center;\"><a data-no-instant=\"1\" href=\"https:\/\/dom100.eu\/\" rel=\"noopener\" class=\"a2t-link\" target=\"_blank\" aria-label=\"20260415 DOM100 D\"><img loading=\"lazy\" decoding=\"async\" src=\"https:\/\/www.24zabrze.pl\/wiadomosci\/wp-content\/uploads\/2026\/02\/20260415-DOM100-D.jpg\" alt=\"\"  srcset=\"https:\/\/www.24zabrze.pl\/wiadomosci\/wp-content\/uploads\/2026\/02\/20260415-DOM100-D.jpg 750w, https:\/\/www.24zabrze.pl\/wiadomosci\/wp-content\/uploads\/2026\/02\/20260415-DOM100-D-410x109.jpg 410w\" sizes=\"(max-width: 750px) 100vw, 750px\" class=\"no-lazyload\" width=\"750\" height=\"200\"  style=\"display: inline-block; max-width: 100%; height: auto;\" \/><\/a><\/div><\/div><h2>W Zabrzu powstanie zupe\u0142nie nowy system ostrzegania i alarmowania mieszka\u0144c\u00f3w. Podpisano w tej sprawie porozumienie tr\u00f3jstronne pomi\u0119dzy miastem, Ochotniczymi Stra\u017cami Po\u017carnymi oraz Pa\u0144stwow\u0105 Stra\u017c\u0105 Po\u017carn\u0105.<\/h2>\n<p>Celem tego przedsi\u0119wzi\u0119cia jest budowa nowoczesnego, cyfrowego systemu syren alarmowych, kt\u00f3ry obejmie ca\u0142e miasto i z czasem zast\u0105pi obecnie funkcjonuj\u0105cy system.<\/p><div class=\"zabrz-a3-z-w-tresci-artykulow zabrz-entity-placement\" id=\"zabrz-4172079329\"><div class=\"zabrz-adlabel\"><span style=\"font-size: 9px\">REKLAMA<\/span><\/div><div id=\"zabrz-709325521\" style=\"margin-bottom: 40px;margin-left: auto;margin-right: auto;text-align: center;\"><a data-no-instant=\"1\" href=\"https:\/\/ogrodyandersa.pl\/\" rel=\"noopener\" class=\"a2t-link\" target=\"_blank\" aria-label=\"20260415 Ogrody Andersa WYBIERZ MIESZKANIE D\"><img loading=\"lazy\" decoding=\"async\" src=\"https:\/\/www.24zabrze.pl\/wiadomosci\/wp-content\/uploads\/2026\/02\/20260415-Ogrody-Andersa-WYBIERZ-MIESZKANIE-D.jpg\" alt=\"\"  srcset=\"https:\/\/www.24zabrze.pl\/wiadomosci\/wp-content\/uploads\/2026\/02\/20260415-Ogrody-Andersa-WYBIERZ-MIESZKANIE-D.jpg 750w, https:\/\/www.24zabrze.pl\/wiadomosci\/wp-content\/uploads\/2026\/02\/20260415-Ogrody-Andersa-WYBIERZ-MIESZKANIE-D-410x109.jpg 410w\" sizes=\"(max-width: 750px) 100vw, 750px\" class=\"no-lazyload\" width=\"750\" height=\"200\"  style=\"display: inline-block; max-width: 100%; height: auto;\" \/><\/a><\/div><\/div>\n<p>&#8211; <em>\u017byjemy w czasach, w kt\u00f3rych musimy postawi\u0107 du\u017cy nacisk na bezpiecze\u0144stwo. Za nasz\u0105 wschodni\u0105 granic\u0105 toczy si\u0119 wojna, w wielu zak\u0105tkach \u015bwiata, tak\u017ce Europy, dochodzi do atak\u00f3w terrorystycznych. Oby\u015bmy nigdy nie musieli do\u015bwiadczy\u0107 tego z\u0142a, jednak musimy by\u0107 przygotowani na ka\u017cdy scenariusz. Szybkie, precyzyjne i zrozumia\u0142e dla mieszka\u0144c\u00f3w sygna\u0142y ostrzegawcze to podstawa, by w razie zagro\u017cenia m\u00f3c sprawnie przeprowadzi\u0107 np. akcj\u0119 ewakuacji<\/em> \u2013 zaznacza <strong>Agnieszka Rupniewska<\/strong> &#8211; Prezydent Zabrza.<\/p>\n<p>Projekt zostanie zrealizowany ze \u015brodk\u00f3w Krajowego Planu Odbudowy i Zwi\u0119kszania Odporno\u015bci (KPO) oraz Programu MSWiA \u201eOdporno\u015b\u0107 na kryzys \u2013 optymalizacja S\u0142u\u017cb Pa\u0144stwowych odpowiadaj\u0105cych za bezpiecze\u0144stwo\u201d.<\/p>\n<p>(\u017cms)\/UM Zabrze<br \/>\nfot. arch. UM Zabrze\/zdj\u0119cie pogl\u0105dowe<\/p>\n","protected":false},"excerpt":{"rendered":"<p>W Zabrzu powstanie zupe\u0142nie nowy system ostrzegania i alarmowania mieszka\u0144c\u00f3w. Podpisano w tej sprawie porozumienie tr\u00f3jstronne pomi\u0119dzy miastem, Ochotniczymi Stra\u017cami Po\u017carnymi oraz Pa\u0144stwow\u0105 Stra\u017c\u0105 Po\u017carn\u0105. Celem tego przedsi\u0119wzi\u0119cia jest budowa nowoczesnego, cyfrowego systemu syren alarmowych, kt\u00f3ry obejmie ca\u0142e miasto i z czasem zast\u0105pi obecnie funkcjonuj\u0105cy system. &#8211; \u017byjemy w czasach, w kt\u00f3rych musimy postawi\u0107 du\u017cy [&hellip;]<\/p>\n","protected":false},"author":17,"featured_media":101842,"comment_status":"closed","ping_status":"closed","sticky":false,"template":"","format":"standard","meta":{"_monsterinsights_skip_tracking":false,"_monsterinsights_sitenote_active":false,"_monsterinsights_sitenote_note":"","_monsterinsights_sitenote_category":0,"footnotes":"","_links_to":"","_links_to_target":""},"categories":[5,1],"tags":[12573],"class_list":["post-112416","post","type-post","status-publish","format-standard","has-post-thumbnail","hentry","category-prawo","category-wszystko","tag-system-ostrzegania"],"_links":{"self":[{"href":"https:\/\/www.24zabrze.pl\/wiadomosci\/wp-json\/wp\/v2\/posts\/112416","targetHints":{"allow":["GET"]}}],"collection":[{"href":"https:\/\/www.24zabrze.pl\/wiadomosci\/wp-json\/wp\/v2\/posts"}],"about":[{"href":"https:\/\/www.24zabrze.pl\/wiadomosci\/wp-json\/wp\/v2\/types\/post"}],"author":[{"embeddable":true,"href":"https:\/\/www.24zabrze.pl\/wiadomosci\/wp-json\/wp\/v2\/users\/17"}],"replies":[{"embeddable":true,"href":"https:\/\/www.24zabrze.pl\/wiadomosci\/wp-json\/wp\/v2\/comments?post=112416"}],"version-history":[{"count":6,"href":"https:\/\/www.24zabrze.pl\/wiadomosci\/wp-json\/wp\/v2\/posts\/112416\/revisions"}],"predecessor-version":[{"id":112422,"href":"https:\/\/www.24zabrze.pl\/wiadomosci\/wp-json\/wp\/v2\/posts\/112416\/revisions\/112422"}],"wp:featuredmedia":[{"embeddable":true,"href":"https:\/\/www.24zabrze.pl\/wiadomosci\/wp-json\/wp\/v2\/media\/101842"}],"wp:attachment":[{"href":"https:\/\/www.24zabrze.pl\/wiadomosci\/wp-json\/wp\/v2\/media?parent=112416"}],"wp:term":[{"taxonomy":"category","embeddable":true,"href":"https:\/\/www.24zabrze.pl\/wiadomosci\/wp-json\/wp\/v2\/categories?post=112416"},{"taxonomy":"post_tag","embeddable":true,"href":"https:\/\/www.24zabrze.pl\/wiadomosci\/wp-json\/wp\/v2\/tags?post=112416"}],"curies":[{"name":"wp","href":"https:\/\/api.w.org\/{rel}","templated":true}]}}