{"id":111423,"date":"2024-10-25T17:45:36","date_gmt":"2024-10-25T15:45:36","guid":{"rendered":"https:\/\/www.24zabrze.pl\/wiadomosci\/?p=111423"},"modified":"2024-10-25T17:45:36","modified_gmt":"2024-10-25T15:45:36","slug":"zmiana-czasu-czesc-pociagow-poczeka-na-stacjach-inne-pojada-bez-przestojow-a-komunikacja-miejska","status":"publish","type":"post","link":"https:\/\/www.24zabrze.pl\/wiadomosci\/zmiana-czasu-czesc-pociagow-poczeka-na-stacjach-inne-pojada-bez-przestojow-a-komunikacja-miejska\/","title":{"rendered":"Zmiana czasu. Cz\u0119\u015b\u0107 poci\u0105g\u00f3w poczeka na stacjach, inne pojad\u0105 bez przestoj\u00f3w. A komunikacja miejska?"},"content":{"rendered":"<div class=\"zabrz-a6-z-nad-leadem-artykulow zabrz-entity-placement\" id=\"zabrz-999211539\"><div class=\"zabrz-adlabel\"><span style=\"font-size: 9px\">REKLAMA<\/span><\/div><div id=\"zabrz-3305366534\" style=\"margin-bottom: 30px;margin-left: auto;margin-right: auto;text-align: center;\"><a data-no-instant=\"1\" href=\"https:\/\/dom100.eu\/\" rel=\"noopener\" class=\"a2t-link\" target=\"_blank\" aria-label=\"20260415 DOM100 D\"><img loading=\"lazy\" decoding=\"async\" src=\"https:\/\/www.24zabrze.pl\/wiadomosci\/wp-content\/uploads\/2026\/02\/20260415-DOM100-D.jpg\" alt=\"\"  srcset=\"https:\/\/www.24zabrze.pl\/wiadomosci\/wp-content\/uploads\/2026\/02\/20260415-DOM100-D.jpg 750w, https:\/\/www.24zabrze.pl\/wiadomosci\/wp-content\/uploads\/2026\/02\/20260415-DOM100-D-410x109.jpg 410w\" sizes=\"(max-width: 750px) 100vw, 750px\" class=\"no-lazyload\" width=\"750\" height=\"200\"  style=\"display: inline-block; max-width: 100%; height: auto;\" \/><\/a><\/div><\/div><h2>Zmiana czasu z letniego na zimowy nast\u0105pi ju\u017c w najbli\u017cszy weekend. W nocy z 26 na 27 pa\u017adziernika zegarki przestawione zostan\u0105 z godziny 3:00 na 2:00. Jak w tym czasie organizowane b\u0119dzie kursowanie poci\u0105g\u00f3w i komunikacji miejskiej?<\/h2>\n<p>Wiele os\u00f3b b\u0119dzie zadowolonych z mo\u017cliwo\u015bci wyd\u0142u\u017cenia czasu snu, jednak dla cz\u0119\u015bci pasa\u017cer\u00f3w transportu publicznego oznacza to pewne niedogodno\u015bci. Dla przyk\u0142adu poci\u0105gi Intercity b\u0119d\u0105 w tym czasie oczekiwa\u0107 na najbli\u017cszej stacji, aby utrzyma\u0107 zgodno\u015b\u0107 z planowanym rozk\u0142adem jazdy &#8211; oznacza to strat\u0119 czasu dla pasa\u017cer\u00f3w kolei. <\/p><div class=\"zabrz-a3-z-w-tresci-artykulow zabrz-entity-placement\" id=\"zabrz-2514922936\"><div class=\"zabrz-adlabel\"><span style=\"font-size: 9px\">REKLAMA<\/span><\/div><div id=\"zabrz-334007785\" style=\"margin-bottom: 40px;margin-left: auto;margin-right: auto;text-align: center;\"><a data-no-instant=\"1\" href=\"https:\/\/ogrodyandersa.pl\/\" rel=\"noopener\" class=\"a2t-link\" target=\"_blank\" aria-label=\"20260415 Ogrody Andersa WYBIERZ MIESZKANIE D\"><img loading=\"lazy\" decoding=\"async\" src=\"https:\/\/www.24zabrze.pl\/wiadomosci\/wp-content\/uploads\/2026\/02\/20260415-Ogrody-Andersa-WYBIERZ-MIESZKANIE-D.jpg\" alt=\"\"  srcset=\"https:\/\/www.24zabrze.pl\/wiadomosci\/wp-content\/uploads\/2026\/02\/20260415-Ogrody-Andersa-WYBIERZ-MIESZKANIE-D.jpg 750w, https:\/\/www.24zabrze.pl\/wiadomosci\/wp-content\/uploads\/2026\/02\/20260415-Ogrody-Andersa-WYBIERZ-MIESZKANIE-D-410x109.jpg 410w\" sizes=\"(max-width: 750px) 100vw, 750px\" class=\"no-lazyload\" width=\"750\" height=\"200\"  style=\"display: inline-block; max-width: 100%; height: auto;\" \/><\/a><\/div><\/div>\n<p>&#8211; <em>W bie\u017c\u0105cym roku zmiana wp\u0142ynie na kursowanie 12 poci\u0105g\u00f3w PKP Intercity, kt\u00f3re tej nocy b\u0119dzie organizowane wed\u0142ug specjalnego rozk\u0142adu jazdy zak\u0142adaj\u0105cego godzinny post\u00f3j. Zmiana nie spowoduje op\u00f3\u017anie\u0144, a podr\u00f3\u017cni dotr\u0105 do stacji docelowej zgodnie z planem<\/em> &#8211; informuje PKP Intercity. <\/p>\n<h4>Koleje \u015al\u0105skie &#8211; nie b\u0119dzie postoj\u00f3w<\/h4>\n<p>Jak informuje regionalny przewo\u017anik, przestawienie zegark\u00f3w z godziny 3:00 na 2:00 nie spowoduje \u017cadnych postoj\u00f3w poci\u0105g\u00f3w Kolei \u015al\u0105skich i planowo wszystkie odjad\u0105 zgodnie z rozk\u0142adem jazdy. <\/p>\n<p>Pierwszym po\u0142\u0105czeniem w rozk\u0142adzie jazdy Kolei \u015al\u0105skich po zmianie czasu b\u0119dzie poci\u0105g 40141 relacji Tarnowskie G\u00f3ry \u2013 Cz\u0119stochowa. Odjazd ze stacji pocz\u0105tkowej zaplanowano na godz. 2:12 czasu zimowego, wi\u0119c tu\u017c po przestawieniu zegark\u00f3w. Dzi\u0119ki temu pasa\u017cerowie nie b\u0119d\u0105 musieli czeka\u0107 60 minut na \u017cadnej ze stacji.<\/p>\n<p>\u2013 <em>Na d\u0142u\u017csz\u0105 podr\u00f3\u017c powinni przygotowa\u0107 si\u0119 pasa\u017cerowie poci\u0105g\u00f3w dalekobiez\u0307nych innych przewoz\u0301niko\u0301w, przy czym mitem jest, \u017ce poci\u0105gi zatrzymuj\u0105 si\u0119 o 2:01 w szczerym polu. Postoje s\u0105 zaplanowane na stacjach po\u015brednich. Na przyk\u0142ad przejazd pocia\u0328giem TLK 38170 Ustronie relacji Krak\u00f3w G\u0142\u00f3wny \u2013 Ko\u0142obrzeg z 26 na 27 pa\u017adziernika uwzgl\u0119dnia post\u00f3j na stacji Ciechan\u00f3w od 02:01 do 03:03 czasu zimowego<\/em> \u2013 mo\u0301wi <strong>Bart\u0142omiej Wnuk<\/strong>, rzecznik prasowy Kolei S\u0301la\u0328skich.<\/p>\n<h4>Jak pojedzie ZTM? Dotyczy nocnych kurs\u00f3w<\/h4>\n<p>Realizacja kurs\u00f3w w godzinach nocnych odbywa\u0107 si\u0119 b\u0119dzie wed\u0142ug nast\u0119puj\u0105cych zasad:<\/p>\n<ul>\n<li>kursy rozpoczynaj\u0105ce si\u0119 do godziny 2:00 czasu letniego oraz po godzinie 3:00 czasu zimowego zostan\u0105 wykonane zgodnie z obowi\u0105zuj\u0105cymi rozk\u0142adami jazdy,<\/li>\n<li>odjazdy nast\u0119puj\u0105ce wed\u0142ug rozk\u0142ad\u00f3w jazdy pomi\u0119dzy godzin\u0105 2:00 czasu letniego a 3:00 czasu zimowego (tj. przez 120 minut) zrealizowane zostan\u0105 wed\u0142ug czasu zimowego.<\/li>\n<\/ul>\n<h5>Zmiany godzin odjazd\u00f3w dotyczy\u0107 b\u0119d\u0105 kurs\u00f3w nocnych dla nast\u0119puj\u0105cych linii:<\/h5>\n<ul>\n<li>linie tramwajowe: <strong>1, 2, 6, 16, 20 i 21;<\/strong><\/li>\n<li>linie metropolitalne: <strong>AP, M1, M2, M3, M4, M14, M16, M19, M28, M101, M105, M109|1m109, M116;<\/strong><\/li>\n<li>linie autobusowe: <strong>146, 149, 606, 1N, 7N, 30N, 32N, 76N, 130N, 297N, 617N, 623N, 657N, 672N, 692N, 840N, 902N, 903N, 904N, 905N, 911N, A4N;<\/strong><\/li>\n<li>linie autobusowej komunikacji zast\u0119pczej: <strong>T-14.<\/strong><\/li>\n<\/ul>\n<p>Procedura zmiany czasu przeprowadzana jest na podstawie Rozporz\u0105dzenia Prezesa Rady Ministr\u00f3w z 4 marca 2022 r. dotycz\u0105cego wprowadzenia i odwo\u0142ania czasu letniego \u015brodkowoeuropejskiego w latach 2022-2026. Tradycyjnie odbywa si\u0119 ona w ostatni weekend pa\u017adziernika, w nocy z soboty na niedziel\u0119.<\/p>\n<p>(\u017cms)<\/p>\n","protected":false},"excerpt":{"rendered":"<p>Zmiana czasu z letniego na zimowy nast\u0105pi ju\u017c w najbli\u017cszy weekend. W nocy z 26 na 27 pa\u017adziernika zegarki przestawione zostan\u0105 z godziny 3:00 na 2:00. Jak w tym czasie organizowane b\u0119dzie kursowanie poci\u0105g\u00f3w i komunikacji miejskiej? Wiele os\u00f3b b\u0119dzie zadowolonych z mo\u017cliwo\u015bci wyd\u0142u\u017cenia czasu snu, jednak dla cz\u0119\u015bci pasa\u017cer\u00f3w transportu publicznego oznacza to pewne [&hellip;]<\/p>\n","protected":false},"author":17,"featured_media":111430,"comment_status":"closed","ping_status":"closed","sticky":false,"template":"","format":"standard","meta":{"_monsterinsights_skip_tracking":false,"_monsterinsights_sitenote_active":false,"_monsterinsights_sitenote_note":"","_monsterinsights_sitenote_category":0,"footnotes":"","_links_to":"","_links_to_target":""},"categories":[11756,1],"tags":[],"class_list":["post-111423","post","type-post","status-publish","format-standard","has-post-thumbnail","hentry","category-kultura","category-wszystko"],"_links":{"self":[{"href":"https:\/\/www.24zabrze.pl\/wiadomosci\/wp-json\/wp\/v2\/posts\/111423","targetHints":{"allow":["GET"]}}],"collection":[{"href":"https:\/\/www.24zabrze.pl\/wiadomosci\/wp-json\/wp\/v2\/posts"}],"about":[{"href":"https:\/\/www.24zabrze.pl\/wiadomosci\/wp-json\/wp\/v2\/types\/post"}],"author":[{"embeddable":true,"href":"https:\/\/www.24zabrze.pl\/wiadomosci\/wp-json\/wp\/v2\/users\/17"}],"replies":[{"embeddable":true,"href":"https:\/\/www.24zabrze.pl\/wiadomosci\/wp-json\/wp\/v2\/comments?post=111423"}],"version-history":[{"count":0,"href":"https:\/\/www.24zabrze.pl\/wiadomosci\/wp-json\/wp\/v2\/posts\/111423\/revisions"}],"wp:featuredmedia":[{"embeddable":true,"href":"https:\/\/www.24zabrze.pl\/wiadomosci\/wp-json\/wp\/v2\/media\/111430"}],"wp:attachment":[{"href":"https:\/\/www.24zabrze.pl\/wiadomosci\/wp-json\/wp\/v2\/media?parent=111423"}],"wp:term":[{"taxonomy":"category","embeddable":true,"href":"https:\/\/www.24zabrze.pl\/wiadomosci\/wp-json\/wp\/v2\/categories?post=111423"},{"taxonomy":"post_tag","embeddable":true,"href":"https:\/\/www.24zabrze.pl\/wiadomosci\/wp-json\/wp\/v2\/tags?post=111423"}],"curies":[{"name":"wp","href":"https:\/\/api.w.org\/{rel}","templated":true}]}}