{"id":111097,"date":"2024-10-03T14:18:11","date_gmt":"2024-10-03T12:18:11","guid":{"rendered":"https:\/\/www.24zabrze.pl\/wiadomosci\/?p=111097"},"modified":"2024-10-03T14:18:11","modified_gmt":"2024-10-03T12:18:11","slug":"prace-torowe-i-zmiany-w-kursowaniu-tramwajow-uruchomiona-zostanie-autobusowa-komunikacja-zastepcza","status":"publish","type":"post","link":"https:\/\/www.24zabrze.pl\/wiadomosci\/prace-torowe-i-zmiany-w-kursowaniu-tramwajow-uruchomiona-zostanie-autobusowa-komunikacja-zastepcza\/","title":{"rendered":"Prace torowe i zmiany w kursowaniu tramwaj\u00f3w. Uruchomiona zostanie autobusowa komunikacja zast\u0119pcza"},"content":{"rendered":"<div class=\"zabrz-a6-z-nad-leadem-artykulow zabrz-entity-placement\" id=\"zabrz-3075825577\"><div class=\"zabrz-adlabel\"><span style=\"font-size: 9px\">REKLAMA<\/span><\/div><div id=\"zabrz-1921107980\" style=\"margin-bottom: 30px;margin-left: auto;margin-right: auto;text-align: center;\"><a data-no-instant=\"1\" href=\"https:\/\/dom100.eu\/\" rel=\"noopener\" class=\"a2t-link\" target=\"_blank\" aria-label=\"20260415 DOM100 D\"><img loading=\"lazy\" decoding=\"async\" src=\"https:\/\/www.24zabrze.pl\/wiadomosci\/wp-content\/uploads\/2026\/02\/20260415-DOM100-D.jpg\" alt=\"\"  srcset=\"https:\/\/www.24zabrze.pl\/wiadomosci\/wp-content\/uploads\/2026\/02\/20260415-DOM100-D.jpg 750w, https:\/\/www.24zabrze.pl\/wiadomosci\/wp-content\/uploads\/2026\/02\/20260415-DOM100-D-410x109.jpg 410w\" sizes=\"(max-width: 750px) 100vw, 750px\" class=\"no-lazyload\" width=\"750\" height=\"200\"  style=\"display: inline-block; max-width: 100%; height: auto;\" \/><\/a><\/div><\/div><h2>Korzystacie z po\u0142\u0105cze\u0144 tramwajowych? Warto wzi\u0105\u0107 to pod uwag\u0119 &#8211; w niedziel\u0119 (6 pa\u017adziernika) ze wzgl\u0119du na prace torowe w rejonie przystanku Zabrze S\u0142owackiego, wprowadzone zostan\u0105 zmiany w komunikacji tym \u015brodkiem transportu.<\/h2>\n<p>Modyfikacji po\u0142\u0105cze\u0144 w ruchu tramwajowym nale\u017cy spodziewa\u0107 si\u0119 w godzinach od 6:30 do 21:30.<\/p><div class=\"zabrz-a3-z-w-tresci-artykulow zabrz-entity-placement\" id=\"zabrz-3208094824\"><div class=\"zabrz-adlabel\"><span style=\"font-size: 9px\">REKLAMA<\/span><\/div><div id=\"zabrz-593738461\" style=\"margin-bottom: 40px;margin-left: auto;margin-right: auto;text-align: center;\"><a data-no-instant=\"1\" href=\"https:\/\/ogrodyandersa.pl\/\" rel=\"noopener\" class=\"a2t-link\" target=\"_blank\" aria-label=\"20260415 Ogrody Andersa WYBIERZ MIESZKANIE D\"><img loading=\"lazy\" decoding=\"async\" src=\"https:\/\/www.24zabrze.pl\/wiadomosci\/wp-content\/uploads\/2026\/02\/20260415-Ogrody-Andersa-WYBIERZ-MIESZKANIE-D.jpg\" alt=\"\"  srcset=\"https:\/\/www.24zabrze.pl\/wiadomosci\/wp-content\/uploads\/2026\/02\/20260415-Ogrody-Andersa-WYBIERZ-MIESZKANIE-D.jpg 750w, https:\/\/www.24zabrze.pl\/wiadomosci\/wp-content\/uploads\/2026\/02\/20260415-Ogrody-Andersa-WYBIERZ-MIESZKANIE-D-410x109.jpg 410w\" sizes=\"(max-width: 750px) 100vw, 750px\" class=\"no-lazyload\" width=\"750\" height=\"200\"  style=\"display: inline-block; max-width: 100%; height: auto;\" \/><\/a><\/div><\/div>\n<ul>\n<li>Tramwaje linii 1 kursowa\u0107 b\u0119d\u0105 na trasie Chebzie P\u0119tla \u2013 Biskupice P\u0119tla;<\/li>\n<li>Tramwaje linii 2 kursowa\u0107 b\u0119d\u0105 na trasie Bytom Pl. Sikorskiego \u2013 Zaborze P\u0119tla;<\/li>\n<li>Tramwaje linii 4 kursowa\u0107 b\u0119d\u0105 na trasie Zaborze P\u0119tla \u2013 Biskupice P\u0119tla;<\/li>\n<li>Uruchomiona zostanie linia autobusowej komunikacji zast\u0119pczej T-4 na trasie Zabrze Pl. Wolno\u015bci \u2013 Gliwice Zajezdnia; autobusy b\u0119d\u0105 kursowa\u0107 z cz\u0119stotliwo\u015bci\u0105 co 10 min;<\/li>\n<li>Tramwaje linii 11 (w kursach o godz. 17:45 i 19:15 z przystanku Chebzie P\u0119tla) oraz linii 4 (w kursie o godz. 20:12 z przystanku Zaborze Lompy) zako\u0144cz\u0105 kursowanie na przystanku Zabrze Damrota;<\/li>\n<li>W trakcie trwania prac na przystanku Zaborze P\u0119tla zmieniona b\u0119dzie obs\u0142uga stanowisk.<\/li>\n<\/ul>\n<p>Zarz\u0105d Transportu Metropolitalnego zach\u0119ca do sprawdzania bie\u017c\u0105cych informacji, kt\u00f3re mo\u017cna znale\u017a\u0107 na stronie internetowej Transport GZM z rozk\u0142adami jazdy oraz w Systemie Dynamicznej Informacji Pasa\u017cerskiej. Pomoc\u0105 s\u0142u\u017c\u0105 r\u00f3wnie\u017c konsultanci obs\u0142uguj\u0105cy ca\u0142odobow\u0105, bezp\u0142atn\u0105 infolini\u0119 dzia\u0142aj\u0105c\u0105 pod numerem 800 16 30 30.<\/p>\n<h4>Trasa autobusowej komunikacji zast\u0119pczej T-4 w kierunku Zabrza:<\/h4>\n<p>Gliwice Zajezdnia (autobusowy) \u2013 Maciej\u00f3w Knurowska (tymczasowy na wysoko\u015bci tramwajowego) \u2013 Maciej\u00f3w Kondratowicza (autobusowy) \u2013 Zabrze S\u0142owackiego (autobusowy) \u2013 Zabrze Plac S\u0142owia\u0144ski (autobusowy) \u2013 Zabrze Damrota (autobusowy) \u2013 Zabrze Urz\u0105d Stanu Cywilnego (tramwajowy) \u2013 Zabrze Karola Miarki (tymczasowy przed przystankiem tramwajowym) \u2013 Zabrze Stalmacha (autobusowy) \u2013 Zabrze Plac Wolno\u015bci (tramwajowy w kierunku Gliwic).<\/p>\n<h4>Trasa autobusowej komunikacji zast\u0119pczej T-4 w kierunku Gliwic:<\/h4>\n<p>Zabrze Plac Wolno\u015bci (tramwajowy w kierunku Gliwic) \u2013 Zabrze Karola Miarki (tramwajowy) \u2013 Zabrze Urz\u0105d Stanu Cywilnego (tramwajowy) \u2013 Zabrze Damrota (autobusowy) \u2013 Zabrze Plac S\u0142owia\u0144ski (autobusowy) \u2013 Zabrze S\u0142owackiego (autobusowy) \u2013 Maciej\u00f3w Kondratowicza (autobusowy) \u2013 Maciej\u00f3w Knurowska (tymczasowy na wysoko\u015bci tramwajowego) \u2013 Gliwice Zajezdnia (autobusowy).<\/p>\n<h4>W trakcie trwania prac na przystanku Zaborze P\u0119tla zmieniona b\u0119dzie obs\u0142uga stanowisk:<\/h4>\n<ul>\n<li>linia tramwajowa nr 2 b\u0119dzie obs\u0142ugiwa\u0107 stanowisko 3t,<\/li>\n<li>linie tramwajowe 4 i 5 b\u0119d\u0105 obs\u0142ugiwa\u0107 stanowisko 5t.<\/li>\n<\/ul>\n<p>(\u017cms)\/Transport GZM<\/p>\n","protected":false},"excerpt":{"rendered":"<p>Korzystacie z po\u0142\u0105cze\u0144 tramwajowych? Warto wzi\u0105\u0107 to pod uwag\u0119 &#8211; w niedziel\u0119 (6 pa\u017adziernika) ze wzgl\u0119du na prace torowe w rejonie przystanku Zabrze S\u0142owackiego, wprowadzone zostan\u0105 zmiany w komunikacji tym \u015brodkiem transportu. Modyfikacji po\u0142\u0105cze\u0144 w ruchu tramwajowym nale\u017cy spodziewa\u0107 si\u0119 w godzinach od 6:30 do 21:30. Tramwaje linii 1 kursowa\u0107 b\u0119d\u0105 na trasie Chebzie P\u0119tla [&hellip;]<\/p>\n","protected":false},"author":17,"featured_media":111099,"comment_status":"closed","ping_status":"closed","sticky":false,"template":"","format":"standard","meta":{"_monsterinsights_skip_tracking":false,"_monsterinsights_sitenote_active":false,"_monsterinsights_sitenote_note":"","_monsterinsights_sitenote_category":0,"footnotes":"","_links_to":"","_links_to_target":""},"categories":[11756,1],"tags":[1482],"class_list":["post-111097","post","type-post","status-publish","format-standard","has-post-thumbnail","hentry","category-kultura","category-wszystko","tag-tramwaje"],"_links":{"self":[{"href":"https:\/\/www.24zabrze.pl\/wiadomosci\/wp-json\/wp\/v2\/posts\/111097","targetHints":{"allow":["GET"]}}],"collection":[{"href":"https:\/\/www.24zabrze.pl\/wiadomosci\/wp-json\/wp\/v2\/posts"}],"about":[{"href":"https:\/\/www.24zabrze.pl\/wiadomosci\/wp-json\/wp\/v2\/types\/post"}],"author":[{"embeddable":true,"href":"https:\/\/www.24zabrze.pl\/wiadomosci\/wp-json\/wp\/v2\/users\/17"}],"replies":[{"embeddable":true,"href":"https:\/\/www.24zabrze.pl\/wiadomosci\/wp-json\/wp\/v2\/comments?post=111097"}],"version-history":[{"count":0,"href":"https:\/\/www.24zabrze.pl\/wiadomosci\/wp-json\/wp\/v2\/posts\/111097\/revisions"}],"wp:featuredmedia":[{"embeddable":true,"href":"https:\/\/www.24zabrze.pl\/wiadomosci\/wp-json\/wp\/v2\/media\/111099"}],"wp:attachment":[{"href":"https:\/\/www.24zabrze.pl\/wiadomosci\/wp-json\/wp\/v2\/media?parent=111097"}],"wp:term":[{"taxonomy":"category","embeddable":true,"href":"https:\/\/www.24zabrze.pl\/wiadomosci\/wp-json\/wp\/v2\/categories?post=111097"},{"taxonomy":"post_tag","embeddable":true,"href":"https:\/\/www.24zabrze.pl\/wiadomosci\/wp-json\/wp\/v2\/tags?post=111097"}],"curies":[{"name":"wp","href":"https:\/\/api.w.org\/{rel}","templated":true}]}}