{"id":110435,"date":"2024-08-08T13:53:42","date_gmt":"2024-08-08T11:53:42","guid":{"rendered":"https:\/\/www.24zabrze.pl\/wiadomosci\/?p=110435"},"modified":"2024-08-08T13:55:37","modified_gmt":"2024-08-08T11:55:37","slug":"pierwszy-koncert-w-ramach-zabrze-summer-festival-wystapi-gwiazda-hip-hopowej-sceny-muzycznej","status":"publish","type":"post","link":"https:\/\/www.24zabrze.pl\/wiadomosci\/pierwszy-koncert-w-ramach-zabrze-summer-festival-wystapi-gwiazda-hip-hopowej-sceny-muzycznej\/","title":{"rendered":"Pierwszy koncert w ramach Zabrze Summer Festival. Wyst\u0105pi gwiazda hip-hopowej sceny muzycznej"},"content":{"rendered":"<div class=\"zabrz-a6-z-nad-leadem-artykulow zabrz-entity-placement\" id=\"zabrz-629164185\"><div class=\"zabrz-adlabel\"><span style=\"font-size: 9px\">REKLAMA<\/span><\/div><div id=\"zabrz-21176727\" style=\"margin-bottom: 30px;margin-left: auto;margin-right: auto;text-align: center;\"><a data-no-instant=\"1\" href=\"https:\/\/dom100.eu\/\" rel=\"noopener\" class=\"a2t-link\" target=\"_blank\" aria-label=\"20260415 DOM100 D\"><img loading=\"lazy\" decoding=\"async\" src=\"https:\/\/www.24zabrze.pl\/wiadomosci\/wp-content\/uploads\/2026\/02\/20260415-DOM100-D.jpg\" alt=\"\"  srcset=\"https:\/\/www.24zabrze.pl\/wiadomosci\/wp-content\/uploads\/2026\/02\/20260415-DOM100-D.jpg 750w, https:\/\/www.24zabrze.pl\/wiadomosci\/wp-content\/uploads\/2026\/02\/20260415-DOM100-D-410x109.jpg 410w\" sizes=\"(max-width: 750px) 100vw, 750px\" class=\"no-lazyload\" width=\"750\" height=\"200\"  style=\"display: inline-block; max-width: 100%; height: auto;\" \/><\/a><\/div><\/div><h2>Ju\u017c tylko godziny dziel\u0105 nas od startu Zabrze Summer Festival 2024. 10 sierpnia na scenie zlokalizowanej na parkingu galerii wyst\u0105pi m.in. Gibbs, kt\u00f3ry z pewno\u015bci\u0105 przyci\u0105gnie do naszego miasta rzesz\u0119 fan\u00f3w dobrej muzyki.<\/h2>\n<p>Zabrzanie oraz mieszka\u0144cy okolicznych miejscowo\u015bci czekali na ten dzie\u0144 z wyt\u0119sknieniem. Festiwal organizowany przez Centrum Handlowe Platan oraz Imprezowy Kartel z roku na rok cieszy si\u0119 coraz wi\u0119kszym zainteresowaniem. Podczas ubieg\u0142orocznej edycji pobity zosta\u0142 rekord odwiedzaj\u0105cych. Jak b\u0119dzie tym razem? <\/p><div class=\"zabrz-a3-z-w-tresci-artykulow zabrz-entity-placement\" id=\"zabrz-2926075225\"><div class=\"zabrz-adlabel\"><span style=\"font-size: 9px\">REKLAMA<\/span><\/div><div id=\"zabrz-3253656687\" style=\"margin-bottom: 40px;margin-left: auto;margin-right: auto;text-align: center;\"><a data-no-instant=\"1\" href=\"https:\/\/ogrodyandersa.pl\/\" rel=\"noopener\" class=\"a2t-link\" target=\"_blank\" aria-label=\"20260415 Ogrody Andersa WYBIERZ MIESZKANIE D\"><img loading=\"lazy\" decoding=\"async\" src=\"https:\/\/www.24zabrze.pl\/wiadomosci\/wp-content\/uploads\/2026\/02\/20260415-Ogrody-Andersa-WYBIERZ-MIESZKANIE-D.jpg\" alt=\"\"  srcset=\"https:\/\/www.24zabrze.pl\/wiadomosci\/wp-content\/uploads\/2026\/02\/20260415-Ogrody-Andersa-WYBIERZ-MIESZKANIE-D.jpg 750w, https:\/\/www.24zabrze.pl\/wiadomosci\/wp-content\/uploads\/2026\/02\/20260415-Ogrody-Andersa-WYBIERZ-MIESZKANIE-D-410x109.jpg 410w\" sizes=\"(max-width: 750px) 100vw, 750px\" class=\"no-lazyload\" width=\"750\" height=\"200\"  style=\"display: inline-block; max-width: 100%; height: auto;\" \/><\/a><\/div><\/div>\n<p><iframe loading=\"lazy\" width=\"810\" height=\"455\" src=\"https:\/\/www.youtube.com\/embed\/O8Ws9J_BtJg?si=Q869xNmEqmHuVgBN\" title=\"YouTube video player\" frameborder=\"0\" allow=\"accelerometer; autoplay; clipboard-write; encrypted-media; gyroscope; picture-in-picture; web-share\" referrerpolicy=\"strict-origin-when-cross-origin\" allowfullscreen><\/iframe><\/p>\n<h4>Kto wyst\u0105pi na scenie?<\/h4>\n<p>Zabrze Summer Festival 2024 r. wystartuje w sobot\u0119 o godzinie 16:00. Zanim na scenie pojawi si\u0119 gwiazda wieczoru, zabrza\u0144skiej publiczno\u015bci zaprezentuj\u0105 si\u0119: Lucio, Borek, S4 Studio, Fundacja Dobrzy Ludzie Fuksu, Denys oraz Beny. Wyst\u0119p Gibbsa zaplanowany jest z kolei oko\u0142o godziny 20:00.<\/p>\n<p><iframe loading=\"lazy\" src=\"https:\/\/www.facebook.com\/plugins\/post.php?href=https%3A%2F%2Fwww.facebook.com%2FSummerFestivalImprezowyKartel%2Fposts%2Fpfbid0LznATPcpFnoM6vR8zvhYbz6vE5jtSZ2uuk6sxY1EdALD3gM8TNaZAq4UskpbfWqXl&#038;show_text=true&#038;width=500\" width=\"500\" height=\"717\" style=\"border:none;overflow:hidden\" scrolling=\"no\" frameborder=\"0\" allowfullscreen=\"true\" allow=\"autoplay; clipboard-write; encrypted-media; picture-in-picture; web-share\"><\/iframe><\/p>\n<p>\u2013 <em>Cieszymy si\u0119 niezmiernie, \u017ce ponownie b\u0119dziemy na naszej platanowej scenie go\u015bci\u0107 takich artyst\u00f3w, jak Gibbs, kt\u00f3rego kariera w ostatnich miesi\u0105cach nabra\u0142a naprawd\u0119 zawrotnego tempa. Na platformie YouTube jego teledyski notuj\u0105 po kilka milion\u00f3w wy\u015bwietle\u0144. Nie dziwi nas zatem, \u017ce kiedy og\u0142osili\u015bmy kto b\u0119dzie nasz\u0105 gwiazdk\u0105 wieczoru w ramach Zabrze Summer Festival, dooko\u0142a zapanowa\u0142a swojego rodzaju euforia, mieszka\u0144cy bardzo pozytywnie przyj\u0119li t\u0119 wiadomo\u015b\u0107. Spodziewamy si\u0119 w sobot\u0119 niezwykle gor\u0105cej atmosfery<\/em> \u2013 m\u00f3wi <strong>Karolina Imiolska<\/strong>, Marketing Manager CH Platan.<\/p>\n<h4>Jak co roku, mi\u0119dzy kolejnymi wyst\u0119pami czas zabrza\u0144skiej publiczno\u015bci b\u0119d\u0105 tak\u017ce umila\u0107 DJ Chojrak oraz Max Kolankov. Imprez\u0119 poprowadz\u0105 Szymon Musialik i Gra\u017cyna Michella.<\/h4>\n<p>Zabrze Summer Festival to jednak nie tylko okazja do uczestnictwa w koncertach, ale tak\u017ce mo\u017cliwo\u015b\u0107 wzi\u0119cia udzia\u0142u w konkursach i zabawach. Po raz kolejny m\u0142odsi, ale nie tylko, b\u0119d\u0105 mogli korzysta\u0107 z miasteczka rozrywki wraz z dmucha\u0144cami. Standardowo nie zabraknie tak\u017ce bogatej strefy gastronomicznej.<\/p>\n<p>(\u017cms)\/mat. Platan<br \/>\nfot. arch. UM Zabrze\/Pawe\u0142 JaNic Janicki<\/p>\n","protected":false},"excerpt":{"rendered":"<p>Ju\u017c tylko godziny dziel\u0105 nas od startu Zabrze Summer Festival 2024. 10 sierpnia na scenie zlokalizowanej na parkingu galerii wyst\u0105pi m.in. Gibbs, kt\u00f3ry z pewno\u015bci\u0105 przyci\u0105gnie do naszego miasta rzesz\u0119 fan\u00f3w dobrej muzyki. Zabrzanie oraz mieszka\u0144cy okolicznych miejscowo\u015bci czekali na ten dzie\u0144 z wyt\u0119sknieniem. Festiwal organizowany przez Centrum Handlowe Platan oraz Imprezowy Kartel z roku [&hellip;]<\/p>\n","protected":false},"author":17,"featured_media":105102,"comment_status":"closed","ping_status":"closed","sticky":false,"template":"","format":"standard","meta":{"_monsterinsights_skip_tracking":false,"_monsterinsights_sitenote_active":false,"_monsterinsights_sitenote_note":"","_monsterinsights_sitenote_category":0,"footnotes":"","_links_to":"","_links_to_target":""},"categories":[11756,9,1],"tags":[],"class_list":["post-110435","post","type-post","status-publish","format-standard","has-post-thumbnail","hentry","category-kultura","category-stronaglowna","category-wszystko"],"_links":{"self":[{"href":"https:\/\/www.24zabrze.pl\/wiadomosci\/wp-json\/wp\/v2\/posts\/110435","targetHints":{"allow":["GET"]}}],"collection":[{"href":"https:\/\/www.24zabrze.pl\/wiadomosci\/wp-json\/wp\/v2\/posts"}],"about":[{"href":"https:\/\/www.24zabrze.pl\/wiadomosci\/wp-json\/wp\/v2\/types\/post"}],"author":[{"embeddable":true,"href":"https:\/\/www.24zabrze.pl\/wiadomosci\/wp-json\/wp\/v2\/users\/17"}],"replies":[{"embeddable":true,"href":"https:\/\/www.24zabrze.pl\/wiadomosci\/wp-json\/wp\/v2\/comments?post=110435"}],"version-history":[{"count":0,"href":"https:\/\/www.24zabrze.pl\/wiadomosci\/wp-json\/wp\/v2\/posts\/110435\/revisions"}],"wp:featuredmedia":[{"embeddable":true,"href":"https:\/\/www.24zabrze.pl\/wiadomosci\/wp-json\/wp\/v2\/media\/105102"}],"wp:attachment":[{"href":"https:\/\/www.24zabrze.pl\/wiadomosci\/wp-json\/wp\/v2\/media?parent=110435"}],"wp:term":[{"taxonomy":"category","embeddable":true,"href":"https:\/\/www.24zabrze.pl\/wiadomosci\/wp-json\/wp\/v2\/categories?post=110435"},{"taxonomy":"post_tag","embeddable":true,"href":"https:\/\/www.24zabrze.pl\/wiadomosci\/wp-json\/wp\/v2\/tags?post=110435"}],"curies":[{"name":"wp","href":"https:\/\/api.w.org\/{rel}","templated":true}]}}