{"id":109966,"date":"2024-06-26T08:22:03","date_gmt":"2024-06-26T06:22:03","guid":{"rendered":"https:\/\/www.24zabrze.pl\/wiadomosci\/?p=109966"},"modified":"2024-06-26T08:22:03","modified_gmt":"2024-06-26T06:22:03","slug":"linia-autobusowa-pojedzie-objazdem-czesc-przystankow-w-zabrzu-zostanie-wylaczona","status":"publish","type":"post","link":"https:\/\/www.24zabrze.pl\/wiadomosci\/linia-autobusowa-pojedzie-objazdem-czesc-przystankow-w-zabrzu-zostanie-wylaczona\/","title":{"rendered":"Linia autobusowa pojedzie objazdem. Cz\u0119\u015b\u0107 przystank\u00f3w w Zabrzu zostanie wy\u0142\u0105czona"},"content":{"rendered":"<div class=\"zabrz-a6-z-nad-leadem-artykulow zabrz-entity-placement\" id=\"zabrz-4263038006\"><div class=\"zabrz-adlabel\"><span style=\"font-size: 9px\">REKLAMA<\/span><\/div><div id=\"zabrz-2005830823\" style=\"margin-bottom: 30px;margin-left: auto;margin-right: auto;text-align: center;\"><a data-no-instant=\"1\" href=\"https:\/\/dom100.eu\/\" rel=\"noopener\" class=\"a2t-link\" target=\"_blank\" aria-label=\"20260415 DOM100 D\"><img loading=\"lazy\" decoding=\"async\" src=\"https:\/\/www.24zabrze.pl\/wiadomosci\/wp-content\/uploads\/2026\/02\/20260415-DOM100-D.jpg\" alt=\"\"  srcset=\"https:\/\/www.24zabrze.pl\/wiadomosci\/wp-content\/uploads\/2026\/02\/20260415-DOM100-D.jpg 750w, https:\/\/www.24zabrze.pl\/wiadomosci\/wp-content\/uploads\/2026\/02\/20260415-DOM100-D-410x109.jpg 410w\" sizes=\"(max-width: 750px) 100vw, 750px\" class=\"no-lazyload\" width=\"750\" height=\"200\"  style=\"display: inline-block; max-width: 100%; height: auto;\" \/><\/a><\/div><\/div><h2>Autobusy linii 39 kurowa\u0107 b\u0119d\u0105 po zmienionej trasie, co zwi\u0105zane jest z planowanym od 1 lipca zamkni\u0119ciem mostu w ci\u0105gu ulicy Tr\u0119backiej. Cz\u0119\u015b\u0107 przystank\u00f3w zostanie wy\u0142\u0105czona z obs\u0142ugi.<\/h2>\n<p>ZTM zach\u0119ca pasa\u017cer\u00f3w do zapoznania si\u0119 z modyfikacjami oraz sprawdzania rozk\u0142ad\u00f3w jazdy w Internecie przed wyj\u015bciem na przystanek.<\/p><div class=\"zabrz-a3-z-w-tresci-artykulow zabrz-entity-placement\" id=\"zabrz-1099376025\"><div class=\"zabrz-adlabel\"><span style=\"font-size: 9px\">REKLAMA<\/span><\/div><div id=\"zabrz-1733014618\" style=\"margin-bottom: 40px;margin-left: auto;margin-right: auto;text-align: center;\"><a data-no-instant=\"1\" href=\"https:\/\/ogrodyandersa.pl\/\" rel=\"noopener\" class=\"a2t-link\" target=\"_blank\" aria-label=\"20260415 Ogrody Andersa WYBIERZ MIESZKANIE D\"><img loading=\"lazy\" decoding=\"async\" src=\"https:\/\/www.24zabrze.pl\/wiadomosci\/wp-content\/uploads\/2026\/02\/20260415-Ogrody-Andersa-WYBIERZ-MIESZKANIE-D.jpg\" alt=\"\"  srcset=\"https:\/\/www.24zabrze.pl\/wiadomosci\/wp-content\/uploads\/2026\/02\/20260415-Ogrody-Andersa-WYBIERZ-MIESZKANIE-D.jpg 750w, https:\/\/www.24zabrze.pl\/wiadomosci\/wp-content\/uploads\/2026\/02\/20260415-Ogrody-Andersa-WYBIERZ-MIESZKANIE-D-410x109.jpg 410w\" sizes=\"(max-width: 750px) 100vw, 750px\" class=\"no-lazyload\" width=\"750\" height=\"200\"  style=\"display: inline-block; max-width: 100%; height: auto;\" \/><\/a><\/div><\/div>\n<h4>Od 1 lipca autobusy linii 39 kursowa\u0107 b\u0119d\u0105 tras\u0105 objazdow\u0105<\/h4>\n<p>Przystanki<strong> Biskupice Tr\u0119backa 01 i 02, Biskupice Zamkowa 01 i 02, Biskupice Ziemska n\u017c 01 i 02, Biskupice P\u0119tla 01 i 02,<\/strong> Ruda Sobieskiego 01 i 02 oraz Ruda Szcz\u0119\u015b\u0107 Bo\u017ce nie b\u0119d\u0105 obs\u0142ugiwane.<\/p>\n<li>Trasa w kierunku Bytomia: \u2026 \u2013 Ruda Szko\u0142a 02 \u2013 Ruda Szcz\u0119\u015b\u0107 Bo\u017ce 31 \u2013 Ruda Szko\u0142a 01 \u2013 Ruda Ko\u015bci\u00f3\u0142 02 \u2013 Ruda Os. Stare 02 \u2013 Ruda Ku\u017anica Rudzka 02 \u2013 Bobrek Szko\u0142a n\u017c 02 \u2013 \u2026.<\/li>\n<li>Trasa w kierunku Koch\u0142owic: \u2026 \u2013 Bobrek Os. Pod Brzozami 01 \u2013 Ruda Ku\u017anica Rudzka 01 \u2013 Ruda Os. Stare 01 \u2013 Ruda Ko\u015bci\u00f3\u0142 01 \u2013 Ruda Szko\u0142a 02 \u2013 Ruda Szcz\u0119\u015b\u0107 Bo\u017ce 31 \u2013 Ruda Szko\u0142a 01 \u2013 \u2026;<\/li>\n<p>Uruchomiony zostanie przystanek tymczasowy Ruda Szcz\u0119\u015b\u0107 Bo\u017ce 31 zlokalizowany na ul. Torowej, ok. 70 metr\u00f3w przed skrzy\u017cowaniem z ul. Szcz\u0119\u015b\u0107 Bo\u017ce.<\/p>\n<p>&#8211; <em>Zach\u0119camy do sprawdzania bie\u017c\u0105cych informacji, kt\u00f3re mo\u017cna znale\u017a\u0107 na stronie internetowej Transport GZM z rozk\u0142adami jazdy oraz w Systemie Dynamicznej Informacji Pasa\u017cerskiej. Pomoc\u0105 s\u0142u\u017c\u0105 r\u00f3wnie\u017c konsultanci obs\u0142uguj\u0105cy ca\u0142odobow\u0105, bezp\u0142atn\u0105 infolini\u0119 dzia\u0142aj\u0105c\u0105 pod numerem 800 16 30 30<\/em> &#8211; przypomina organizator transportu.<\/p>\n<p>Wi\u0119cej na temat zamkni\u0119cia mostu w ci\u0105gu ulicy Tr\u0119backiej pisali\u015bmy tu:<\/p>\n<blockquote class=\"wp-embedded-content\" data-secret=\"G6YsZDFxOd\"><p><a href=\"https:\/\/www.24zabrze.pl\/wiadomosci\/most-w-ciagu-ulicy-trebackiej-w-zabrzu-zostanie-zamkniety-roboty-budowlane-maja-potrwac-5-miesiecy\/\">Most w ci\u0105gu ulicy Tr\u0119backiej w Zabrzu zostanie zamkni\u0119ty. Roboty budowlane maj\u0105 potrwa\u0107 5 miesi\u0119cy<\/a><\/p><\/blockquote>\n<p><iframe loading=\"lazy\" class=\"wp-embedded-content\" sandbox=\"allow-scripts\" security=\"restricted\" style=\"position: absolute; clip: rect(1px, 1px, 1px, 1px);\" title=\"&#8222;Most w ci\u0105gu ulicy Tr\u0119backiej w Zabrzu zostanie zamkni\u0119ty. Roboty budowlane maj\u0105 potrwa\u0107 5 miesi\u0119cy&#8221; &#8212; 24zabrze.pl - Portal Miejski Zabrze | wiadomo\u015bci\" src=\"https:\/\/www.24zabrze.pl\/wiadomosci\/most-w-ciagu-ulicy-trebackiej-w-zabrzu-zostanie-zamkniety-roboty-budowlane-maja-potrwac-5-miesiecy\/embed\/#?secret=9f31dw1d6Q#?secret=G6YsZDFxOd\" data-secret=\"G6YsZDFxOd\" width=\"600\" height=\"338\" frameborder=\"0\" marginwidth=\"0\" marginheight=\"0\" scrolling=\"no\"><\/iframe><\/p>\n<p>(\u017cms)\/Transport GZM<br \/>\nfot. ZTM Info<\/p>\n","protected":false},"excerpt":{"rendered":"<p>Autobusy linii 39 kurowa\u0107 b\u0119d\u0105 po zmienionej trasie, co zwi\u0105zane jest z planowanym od 1 lipca zamkni\u0119ciem mostu w ci\u0105gu ulicy Tr\u0119backiej. Cz\u0119\u015b\u0107 przystank\u00f3w zostanie wy\u0142\u0105czona z obs\u0142ugi. ZTM zach\u0119ca pasa\u017cer\u00f3w do zapoznania si\u0119 z modyfikacjami oraz sprawdzania rozk\u0142ad\u00f3w jazdy w Internecie przed wyj\u015bciem na przystanek. Od 1 lipca autobusy linii 39 kursowa\u0107 b\u0119d\u0105 tras\u0105 [&hellip;]<\/p>\n","protected":false},"author":17,"featured_media":109969,"comment_status":"closed","ping_status":"closed","sticky":false,"template":"","format":"standard","meta":{"_monsterinsights_skip_tracking":false,"_monsterinsights_sitenote_active":false,"_monsterinsights_sitenote_note":"","_monsterinsights_sitenote_category":0,"footnotes":"","_links_to":"","_links_to_target":""},"categories":[11756,1],"tags":[],"class_list":["post-109966","post","type-post","status-publish","format-standard","has-post-thumbnail","hentry","category-kultura","category-wszystko"],"_links":{"self":[{"href":"https:\/\/www.24zabrze.pl\/wiadomosci\/wp-json\/wp\/v2\/posts\/109966","targetHints":{"allow":["GET"]}}],"collection":[{"href":"https:\/\/www.24zabrze.pl\/wiadomosci\/wp-json\/wp\/v2\/posts"}],"about":[{"href":"https:\/\/www.24zabrze.pl\/wiadomosci\/wp-json\/wp\/v2\/types\/post"}],"author":[{"embeddable":true,"href":"https:\/\/www.24zabrze.pl\/wiadomosci\/wp-json\/wp\/v2\/users\/17"}],"replies":[{"embeddable":true,"href":"https:\/\/www.24zabrze.pl\/wiadomosci\/wp-json\/wp\/v2\/comments?post=109966"}],"version-history":[{"count":0,"href":"https:\/\/www.24zabrze.pl\/wiadomosci\/wp-json\/wp\/v2\/posts\/109966\/revisions"}],"wp:featuredmedia":[{"embeddable":true,"href":"https:\/\/www.24zabrze.pl\/wiadomosci\/wp-json\/wp\/v2\/media\/109969"}],"wp:attachment":[{"href":"https:\/\/www.24zabrze.pl\/wiadomosci\/wp-json\/wp\/v2\/media?parent=109966"}],"wp:term":[{"taxonomy":"category","embeddable":true,"href":"https:\/\/www.24zabrze.pl\/wiadomosci\/wp-json\/wp\/v2\/categories?post=109966"},{"taxonomy":"post_tag","embeddable":true,"href":"https:\/\/www.24zabrze.pl\/wiadomosci\/wp-json\/wp\/v2\/tags?post=109966"}],"curies":[{"name":"wp","href":"https:\/\/api.w.org\/{rel}","templated":true}]}}