{"id":109870,"date":"2024-06-19T14:57:44","date_gmt":"2024-06-19T12:57:44","guid":{"rendered":"https:\/\/www.24zabrze.pl\/wiadomosci\/?p=109870"},"modified":"2024-06-19T14:57:44","modified_gmt":"2024-06-19T12:57:44","slug":"specjalne-linie-kapieliskowe-i-zmienione-rozklady-jazdy-komunikacja-miejska-w-wakacje","status":"publish","type":"post","link":"https:\/\/www.24zabrze.pl\/wiadomosci\/specjalne-linie-kapieliskowe-i-zmienione-rozklady-jazdy-komunikacja-miejska-w-wakacje\/","title":{"rendered":"Specjalne linie k\u0105pieliskowe i zmienione rozk\u0142ady jazdy. Komunikacja miejska w wakacje"},"content":{"rendered":"<div class=\"zabrz-a6-z-nad-leadem-artykulow zabrz-entity-placement\" id=\"zabrz-3658922347\"><div class=\"zabrz-adlabel\"><span style=\"font-size: 9px\">REKLAMA<\/span><\/div><div id=\"zabrz-741188923\" style=\"margin-bottom: 30px;margin-left: auto;margin-right: auto;text-align: center;\"><a data-no-instant=\"1\" href=\"https:\/\/dom100.eu\/\" rel=\"noopener\" class=\"a2t-link\" target=\"_blank\" aria-label=\"20260415 DOM100 D\"><img loading=\"lazy\" decoding=\"async\" src=\"https:\/\/www.24zabrze.pl\/wiadomosci\/wp-content\/uploads\/2026\/02\/20260415-DOM100-D.jpg\" alt=\"\"  srcset=\"https:\/\/www.24zabrze.pl\/wiadomosci\/wp-content\/uploads\/2026\/02\/20260415-DOM100-D.jpg 750w, https:\/\/www.24zabrze.pl\/wiadomosci\/wp-content\/uploads\/2026\/02\/20260415-DOM100-D-410x109.jpg 410w\" sizes=\"(max-width: 750px) 100vw, 750px\" class=\"no-lazyload\" width=\"750\" height=\"200\"  style=\"display: inline-block; max-width: 100%; height: auto;\" \/><\/a><\/div><\/div><h2>Linia autobusowa 659 od soboty wozi\u0107 b\u0119dzie osoby, kt\u00f3re chc\u0105 skorzysta\u0107 z wypoczynku na terenie K\u0105pieliska Le\u015bnego w Zabrzu. Z kolei do o\u015brodka wypoczynkowego w gliwickich Czechowicach dojecha\u0107 mo\u017cna z Centrum Przesiadkowego w tym mie\u015bcie lini\u0105 650.<\/h2>\n<p>&nbsp;<br \/>\nOrganizator transportu przypomina przy okazji, \u017ce po zako\u0144czeniu roku szkolnego obowi\u0105zywa\u0107 b\u0119d\u0105 zmienione, wakacyjne rozk\u0142ady jazdy (od soboty, 22 czerwca).<\/p><div class=\"zabrz-a3-z-w-tresci-artykulow zabrz-entity-placement\" id=\"zabrz-3710425010\"><div class=\"zabrz-adlabel\"><span style=\"font-size: 9px\">REKLAMA<\/span><\/div><div id=\"zabrz-272025568\" style=\"margin-bottom: 40px;margin-left: auto;margin-right: auto;text-align: center;\"><a data-no-instant=\"1\" href=\"https:\/\/ogrodyandersa.pl\/\" rel=\"noopener\" class=\"a2t-link\" target=\"_blank\" aria-label=\"20260415 Ogrody Andersa WYBIERZ MIESZKANIE D\"><img loading=\"lazy\" decoding=\"async\" src=\"https:\/\/www.24zabrze.pl\/wiadomosci\/wp-content\/uploads\/2026\/02\/20260415-Ogrody-Andersa-WYBIERZ-MIESZKANIE-D.jpg\" alt=\"\"  srcset=\"https:\/\/www.24zabrze.pl\/wiadomosci\/wp-content\/uploads\/2026\/02\/20260415-Ogrody-Andersa-WYBIERZ-MIESZKANIE-D.jpg 750w, https:\/\/www.24zabrze.pl\/wiadomosci\/wp-content\/uploads\/2026\/02\/20260415-Ogrody-Andersa-WYBIERZ-MIESZKANIE-D-410x109.jpg 410w\" sizes=\"(max-width: 750px) 100vw, 750px\" class=\"no-lazyload\" width=\"750\" height=\"200\"  style=\"display: inline-block; max-width: 100%; height: auto;\" \/><\/a><\/div><\/div>\n<h4>W celu u\u0142atwienia dojazd\u00f3w w rejon k\u0105pielisk oraz o\u015brodk\u00f3w rekreacyjnych wprowadzone zostan\u0105 zmiany w funkcjonowaniu komunikacji autobusowej:<\/h4>\n<ul>\n<li>linia 650 zapewni codzienny dojazd do Jeziora Czechowice w Gliwicach;<\/li>\n<li>linia 659 zapewni codzienny dojazd do K\u0105pieliska Maciej\u00f3w w Zabrzu. <\/li>\n<\/ul>\n<p>Opr\u00f3cz wakacyjnej linii do do k\u0105pieliska w Zabrzu Maciejowie mo\u017cna dojecha\u0107 z Centrum Przesiadkowego w Gliwicach lin\u0105 250. Natomiast do OW Czechowice mo\u017cna dosta\u0107 si\u0119 autobusami nr M105 oraz 71 (te\u017c z CP w Gliwicach). <a href=\"https:\/\/rj.metropoliaztm.pl\/\" rel=\"noopener\" target=\"_blank\"> Szczeg\u00f3\u0142owe informacje mo\u017cna znale\u017a\u0107 na stronie ZTM. <\/a><\/p>\n<p>(\u017cms)<\/p>\n","protected":false},"excerpt":{"rendered":"<p>Linia autobusowa 659 od soboty wozi\u0107 b\u0119dzie osoby, kt\u00f3re chc\u0105 skorzysta\u0107 z wypoczynku na terenie K\u0105pieliska Le\u015bnego w Zabrzu. Z kolei do o\u015brodka wypoczynkowego w gliwickich Czechowicach dojecha\u0107 mo\u017cna z Centrum Przesiadkowego w tym mie\u015bcie lini\u0105 650. &nbsp; Organizator transportu przypomina przy okazji, \u017ce po zako\u0144czeniu roku szkolnego obowi\u0105zywa\u0107 b\u0119d\u0105 zmienione, wakacyjne rozk\u0142ady jazdy (od [&hellip;]<\/p>\n","protected":false},"author":17,"featured_media":94451,"comment_status":"closed","ping_status":"closed","sticky":false,"template":"","format":"standard","meta":{"_monsterinsights_skip_tracking":false,"_monsterinsights_sitenote_active":false,"_monsterinsights_sitenote_note":"","_monsterinsights_sitenote_category":0,"footnotes":"","_links_to":"","_links_to_target":""},"categories":[11756,1],"tags":[12365],"class_list":["post-109870","post","type-post","status-publish","format-standard","has-post-thumbnail","hentry","category-kultura","category-wszystko","tag-linie-kapieliskowe"],"_links":{"self":[{"href":"https:\/\/www.24zabrze.pl\/wiadomosci\/wp-json\/wp\/v2\/posts\/109870","targetHints":{"allow":["GET"]}}],"collection":[{"href":"https:\/\/www.24zabrze.pl\/wiadomosci\/wp-json\/wp\/v2\/posts"}],"about":[{"href":"https:\/\/www.24zabrze.pl\/wiadomosci\/wp-json\/wp\/v2\/types\/post"}],"author":[{"embeddable":true,"href":"https:\/\/www.24zabrze.pl\/wiadomosci\/wp-json\/wp\/v2\/users\/17"}],"replies":[{"embeddable":true,"href":"https:\/\/www.24zabrze.pl\/wiadomosci\/wp-json\/wp\/v2\/comments?post=109870"}],"version-history":[{"count":0,"href":"https:\/\/www.24zabrze.pl\/wiadomosci\/wp-json\/wp\/v2\/posts\/109870\/revisions"}],"wp:featuredmedia":[{"embeddable":true,"href":"https:\/\/www.24zabrze.pl\/wiadomosci\/wp-json\/wp\/v2\/media\/94451"}],"wp:attachment":[{"href":"https:\/\/www.24zabrze.pl\/wiadomosci\/wp-json\/wp\/v2\/media?parent=109870"}],"wp:term":[{"taxonomy":"category","embeddable":true,"href":"https:\/\/www.24zabrze.pl\/wiadomosci\/wp-json\/wp\/v2\/categories?post=109870"},{"taxonomy":"post_tag","embeddable":true,"href":"https:\/\/www.24zabrze.pl\/wiadomosci\/wp-json\/wp\/v2\/tags?post=109870"}],"curies":[{"name":"wp","href":"https:\/\/api.w.org\/{rel}","templated":true}]}}