{"id":109739,"date":"2024-06-16T10:59:03","date_gmt":"2024-06-16T08:59:03","guid":{"rendered":"https:\/\/www.24zabrze.pl\/wiadomosci\/?p=109739"},"modified":"2024-06-10T12:11:48","modified_gmt":"2024-06-10T10:11:48","slug":"slaskie-swieto-rowerzysty-kolumna-jednosladow-wyruszy-z-parku-sl-przejedzie-takze-przez-zabrze","status":"publish","type":"post","link":"https:\/\/www.24zabrze.pl\/wiadomosci\/slaskie-swieto-rowerzysty-kolumna-jednosladow-wyruszy-z-parku-sl-przejedzie-takze-przez-zabrze\/","title":{"rendered":"\u015al\u0105skie \u015awi\u0119to Rowerzysty. Kolumna jedno\u015blad\u00f3w wyruszy z Parku \u015al\u0105skiego, przejedzie ulicami Zabrza"},"content":{"rendered":"<div class=\"zabrz-a6-z-nad-leadem-artykulow zabrz-entity-placement\" id=\"zabrz-2046796604\"><div class=\"zabrz-adlabel\"><span style=\"font-size: 9px\">REKLAMA<\/span><\/div><div id=\"zabrz-2648504491\" style=\"margin-bottom: 30px;margin-left: auto;margin-right: auto;text-align: center;\"><a data-no-instant=\"1\" href=\"https:\/\/dom100.eu\/\" rel=\"noopener\" class=\"a2t-link\" target=\"_blank\" aria-label=\"20260415 DOM100 D\"><img loading=\"lazy\" decoding=\"async\" src=\"https:\/\/www.24zabrze.pl\/wiadomosci\/wp-content\/uploads\/2026\/02\/20260415-DOM100-D.jpg\" alt=\"\"  srcset=\"https:\/\/www.24zabrze.pl\/wiadomosci\/wp-content\/uploads\/2026\/02\/20260415-DOM100-D.jpg 750w, https:\/\/www.24zabrze.pl\/wiadomosci\/wp-content\/uploads\/2026\/02\/20260415-DOM100-D-410x109.jpg 410w\" sizes=\"(max-width: 750px) 100vw, 750px\" class=\"no-lazyload\" width=\"750\" height=\"200\"  style=\"display: inline-block; max-width: 100%; height: auto;\" \/><\/a><\/div><\/div><h2>Spod rze\u017aby &#8220;Pelikany&#8221; w Parku \u015al\u0105skim, przez ulice Chorzowa, Bytomia i Zabrza na gliwicki Rynek &#8211; to plan przejazdu kolumny \u015bl\u0105skich rowerzyst\u00f3w, kt\u00f3ry odb\u0119dzie si\u0119 w niedziel\u0119, 23 czerwca.<\/h2>\n<p>&nbsp;<\/p>\n<p>\u015al\u0105skie \u015awi\u0119to Rowerzysty to najwi\u0119ksza niesportowa impreza w naszym regionie, kt\u00f3rej celem jest promowanie ruchu rowerowego jako doskona\u0142ego \u015brodka transportu, a tak\u017ce integracja \u015brodowiska cyklist\u00f3w. <\/p><div class=\"zabrz-a3-z-w-tresci-artykulow zabrz-entity-placement\" id=\"zabrz-2970549948\"><div class=\"zabrz-adlabel\"><span style=\"font-size: 9px\">REKLAMA<\/span><\/div><div id=\"zabrz-23237645\" style=\"margin-bottom: 40px;margin-left: auto;margin-right: auto;text-align: center;\"><a data-no-instant=\"1\" href=\"https:\/\/ogrodyandersa.pl\/\" rel=\"noopener\" class=\"a2t-link\" target=\"_blank\" aria-label=\"20260415 Ogrody Andersa WYBIERZ MIESZKANIE D\"><img loading=\"lazy\" decoding=\"async\" src=\"https:\/\/www.24zabrze.pl\/wiadomosci\/wp-content\/uploads\/2026\/02\/20260415-Ogrody-Andersa-WYBIERZ-MIESZKANIE-D.jpg\" alt=\"\"  srcset=\"https:\/\/www.24zabrze.pl\/wiadomosci\/wp-content\/uploads\/2026\/02\/20260415-Ogrody-Andersa-WYBIERZ-MIESZKANIE-D.jpg 750w, https:\/\/www.24zabrze.pl\/wiadomosci\/wp-content\/uploads\/2026\/02\/20260415-Ogrody-Andersa-WYBIERZ-MIESZKANIE-D-410x109.jpg 410w\" sizes=\"(max-width: 750px) 100vw, 750px\" class=\"no-lazyload\" width=\"750\" height=\"200\"  style=\"display: inline-block; max-width: 100%; height: auto;\" \/><\/a><\/div><\/div>\n<p><a href=\"https:\/\/www.24zabrze.pl\/wiadomosci\/wp-content\/uploads\/2024\/06\/slaskie-swieto-rowerzysty-Zabrze.jpg\"><img loading=\"lazy\" decoding=\"async\" src=\"https:\/\/www.24zabrze.pl\/wiadomosci\/wp-content\/uploads\/2024\/06\/slaskie-swieto-rowerzysty-Zabrze.jpg\" alt=\"\" width=\"810\" height=\"301\" class=\"alignnone size-full wp-image-109744\" srcset=\"https:\/\/www.24zabrze.pl\/wiadomosci\/wp-content\/uploads\/2024\/06\/slaskie-swieto-rowerzysty-Zabrze.jpg 810w, https:\/\/www.24zabrze.pl\/wiadomosci\/wp-content\/uploads\/2024\/06\/slaskie-swieto-rowerzysty-Zabrze-410x152.jpg 410w, https:\/\/www.24zabrze.pl\/wiadomosci\/wp-content\/uploads\/2024\/06\/slaskie-swieto-rowerzysty-Zabrze-768x285.jpg 768w\" sizes=\"auto, (max-width: 810px) 100vw, 810px\" \/><\/a><\/p>\n<p>Dla niekt\u00f3rych u\u017cytkownik\u00f3w jedno\u015bladu jest to jedna z nielicznych okazji, kiedy decyduj\u0105 si\u0119 na jazd\u0119 ulic\u0105, gdy\u017c z obawy o w\u0142asne bezpiecze\u0144stwo wybieraj\u0105 na co dzie\u0144 nielegaln\u0105 jazd\u0119 chodnikiem, bo system tras rowerowych wci\u0105\u017c nie jest sp\u00f3jny w g\u00f3rno\u015bl\u0105skich miastach.<\/p>\n<p><a href=\"https:\/\/www.24gliwice.pl\/wiadomosci\/wp-content\/uploads\/2024\/06\/slaskie-swieto-rowerzysty7.jpg\"><img loading=\"lazy\" decoding=\"async\" src=\"https:\/\/www.24gliwice.pl\/wiadomosci\/wp-content\/uploads\/2024\/06\/slaskie-swieto-rowerzysty7.jpg\" alt=\"\" width=\"810\" height=\"608\" class=\"alignnone size-full wp-image-237170\" \/><\/a><\/p>\n<p>&#8211; <em>W Polsce rower wci\u0105\u017c g\u0142\u00f3wnie kojarzony jest ze sportem. Tymczasem \u015bwiatowe i europejskie miasta o najwy\u017cszej jako\u015bci \u017cycia mieszka\u0144c\u00f3w to te, kt\u00f3re mocno postawi\u0142y na transport rowerowy. Chcemy popularyzowa\u0107 ide\u0119 miasta dla ludzi, w kt\u00f3rym mo\u017cna wygodnie i szybko si\u0119 przemieszcza\u0107, ha\u0142as nie przekracza dopuszczalnych norm, mo\u017cna aktywnie wypocz\u0105\u0107 oddychaj\u0105c czystym powietrzem, a dzieci mog\u0105 samodzielnie i bezpiecznie dosta\u0107 si\u0119 do szko\u0142y. W\u0142a\u015bnie dlatego promujemy rower jako istotny element ekologicznego i zr\u00f3wnowa\u017conego transportu<\/em> &#8211; m\u00f3wi\u0105 organizatorzy. <\/p>\n<blockquote><p><em>Liczba u\u017cytkownik\u00f3w rower\u00f3w na G\u00f3rnym \u015al\u0105sku stale ro\u015bnie, a \u015awi\u0119to Rowerzysty to doskona\u0142a okazja, by zamanifestowa\u0107 obecno\u015b\u0107 na drogach, upomnie\u0107 si\u0119 o swoje prawa i zwr\u00f3ci\u0107 uwag\u0119 w\u0142adz miast oraz innych u\u017cytkownik\u00f3w ruchu drogowego na potrzeby rowerzyst\u00f3w i sprawy bezpiecze\u0144stwa<\/em> <\/p><\/blockquote>\n<p>&#8211; dodaj\u0105. \u015al\u0105skie \u015awi\u0119to Rowerzysty jest wsp\u00f3ln\u0105 inicjatyw\u0105 kilku organizacji rowerowych z konurbacji g\u00f3rno\u015bl\u0105skiej, a pierwsza edycja mia\u0142a miejsce w 2018 roku.<\/p>\n<p><a href=\"https:\/\/www.24gliwice.pl\/wiadomosci\/wp-content\/uploads\/2024\/06\/slaskie-swieto-rowerzysty6.jpg\"><img loading=\"lazy\" decoding=\"async\" src=\"https:\/\/www.24gliwice.pl\/wiadomosci\/wp-content\/uploads\/2024\/06\/slaskie-swieto-rowerzysty6.jpg\" alt=\"\" width=\"810\" height=\"608\" class=\"alignnone size-full wp-image-237169\" \/><\/a><\/p>\n<p>Uwaga kierowcy: w zwi\u0105zku z imprez\u0105 mog\u0105 wyst\u0119powa\u0107 chwilowe utrudnienia w ruchu na trasie przejazdu. Na terenie Zabrza przewidywane s\u0105 w godzinach 12:55-14:15. Kolumna rowerzyst\u00f3w wjedzie do naszego miasta z bytomskiej ulicy Stara Cynkownia i porusza\u0107 si\u0119 b\u0119dzie ulicami: <strong>Bytomsk\u0105, prof. Zbigniewa Religi, Powsta\u0144c\u00f3w \u015al\u0105skich do placu Wolno\u015bci<\/strong>, sk\u0105d o 13:55 ma wyruszy\u0107 w dalsz\u0105 drog\u0119 ulic\u0105 <strong>Wolno\u015bci <\/strong>do granicy z Gliwicami. <\/p>\n<p><a href=\"https:\/\/www.24gliwice.pl\/wiadomosci\/wp-content\/uploads\/2024\/06\/slaskie-swieto-rowerzysty5.jpg\"><img loading=\"lazy\" decoding=\"async\" src=\"https:\/\/www.24gliwice.pl\/wiadomosci\/wp-content\/uploads\/2024\/06\/slaskie-swieto-rowerzysty5.jpg\" alt=\"\" width=\"810\" height=\"575\" class=\"alignnone size-full wp-image-237168\" \/><\/a><\/p>\n<h4>Planowane czasy odjazd\u00f3w \u015a\u015aR:<\/h4>\n<p>    \u2022 11.00: Park \u015al\u0105ski \u2013 Pelikany,<br \/>\n    \u2022 12.20: Bytom \u2013 Park Miejski,<br \/>\n    \u2022 13.55: Zabrze \u2013 plac Wolno\u015bci.<\/p>\n<p><a href=\"https:\/\/www.24gliwice.pl\/wiadomosci\/wp-content\/uploads\/2024\/06\/slaskie-swieto-rowerzysty4.jpg\"><img loading=\"lazy\" decoding=\"async\" src=\"https:\/\/www.24gliwice.pl\/wiadomosci\/wp-content\/uploads\/2024\/06\/slaskie-swieto-rowerzysty4.jpg\" alt=\"\" width=\"810\" height=\"608\" class=\"alignnone size-full wp-image-237167\" \/><\/a><\/p>\n<h4>Utrudnienia dla kierowc\u00f3w na terenie poszczeg\u00f3lnych miast przewidywane s\u0105 w godzinach:<\/h4>\n<p>    \u2022 Chorz\u00f3w: 11.00-11.45,<br \/>\n    \u2022 Bytom: 11:45-12:55,<br \/>\n    \u2022 Zabrze: 12:55-14:15,<br \/>\n    \u2022 Gliwice: 14:15-14:50.<\/p>\n<p><a href=\"https:\/\/ridewithgps.com\/routes\/43354356\" rel=\"noopener\" target=\"_blank\">Ca\u0142a trasa przejazdu znajduje si\u0119 pod linkiem<\/a> oraz poni\u017cej.<\/p>\n<p><iframe src=\"https:\/\/ridewithgps.com\/embeds?type=route&#038;id=43354356&#038;sampleGraph=true\" style=\"width: 1px; min-width: 100%; height: 700px; border: none;\" scrolling=\"no\"><\/iframe><\/p>\n<p>Wydarzenie w serwisie<a href=\"https:\/\/www.facebook.com\/events\/1602685527161703\" rel=\"noopener\" target=\"_blank\"> facebook.com znajdziecie tutaj.<\/a><\/p>\n<p>(\u017cms)\/mat. organizatora<\/p>\n<p><a href=\"https:\/\/www.24gliwice.pl\/wiadomosci\/wp-content\/uploads\/2024\/06\/slaskie-swieto-rowerzysty3.jpg\"><img loading=\"lazy\" decoding=\"async\" src=\"https:\/\/www.24gliwice.pl\/wiadomosci\/wp-content\/uploads\/2024\/06\/slaskie-swieto-rowerzysty3.jpg\" alt=\"\" width=\"810\" height=\"612\" class=\"alignnone size-full wp-image-237166\" \/><\/a><\/p>\n","protected":false},"excerpt":{"rendered":"<p>Spod rze\u017aby &#8220;Pelikany&#8221; w Parku \u015al\u0105skim, przez ulice Chorzowa, Bytomia i Zabrza na gliwicki Rynek &#8211; to plan przejazdu kolumny \u015bl\u0105skich rowerzyst\u00f3w, kt\u00f3ry odb\u0119dzie si\u0119 w niedziel\u0119, 23 czerwca. &nbsp; \u015al\u0105skie \u015awi\u0119to Rowerzysty to najwi\u0119ksza niesportowa impreza w naszym regionie, kt\u00f3rej celem jest promowanie ruchu rowerowego jako doskona\u0142ego \u015brodka transportu, a tak\u017ce integracja \u015brodowiska cyklist\u00f3w. [&hellip;]<\/p>\n","protected":false},"author":17,"featured_media":109745,"comment_status":"closed","ping_status":"closed","sticky":false,"template":"","format":"standard","meta":{"_monsterinsights_skip_tracking":false,"_monsterinsights_sitenote_active":false,"_monsterinsights_sitenote_note":"","_monsterinsights_sitenote_category":0,"footnotes":"","_links_to":"","_links_to_target":""},"categories":[11756,9,1],"tags":[],"class_list":["post-109739","post","type-post","status-publish","format-standard","has-post-thumbnail","hentry","category-kultura","category-stronaglowna","category-wszystko"],"_links":{"self":[{"href":"https:\/\/www.24zabrze.pl\/wiadomosci\/wp-json\/wp\/v2\/posts\/109739","targetHints":{"allow":["GET"]}}],"collection":[{"href":"https:\/\/www.24zabrze.pl\/wiadomosci\/wp-json\/wp\/v2\/posts"}],"about":[{"href":"https:\/\/www.24zabrze.pl\/wiadomosci\/wp-json\/wp\/v2\/types\/post"}],"author":[{"embeddable":true,"href":"https:\/\/www.24zabrze.pl\/wiadomosci\/wp-json\/wp\/v2\/users\/17"}],"replies":[{"embeddable":true,"href":"https:\/\/www.24zabrze.pl\/wiadomosci\/wp-json\/wp\/v2\/comments?post=109739"}],"version-history":[{"count":0,"href":"https:\/\/www.24zabrze.pl\/wiadomosci\/wp-json\/wp\/v2\/posts\/109739\/revisions"}],"wp:featuredmedia":[{"embeddable":true,"href":"https:\/\/www.24zabrze.pl\/wiadomosci\/wp-json\/wp\/v2\/media\/109745"}],"wp:attachment":[{"href":"https:\/\/www.24zabrze.pl\/wiadomosci\/wp-json\/wp\/v2\/media?parent=109739"}],"wp:term":[{"taxonomy":"category","embeddable":true,"href":"https:\/\/www.24zabrze.pl\/wiadomosci\/wp-json\/wp\/v2\/categories?post=109739"},{"taxonomy":"post_tag","embeddable":true,"href":"https:\/\/www.24zabrze.pl\/wiadomosci\/wp-json\/wp\/v2\/tags?post=109739"}],"curies":[{"name":"wp","href":"https:\/\/api.w.org\/{rel}","templated":true}]}}