{"id":109689,"date":"2024-06-06T15:27:18","date_gmt":"2024-06-06T13:27:18","guid":{"rendered":"https:\/\/www.24zabrze.pl\/wiadomosci\/?p=109689"},"modified":"2024-06-06T15:27:18","modified_gmt":"2024-06-06T13:27:18","slug":"powstal-pierwszy-ogrod-spoleczny-w-zabrzu-oberiba-ma-sprzyjac-integracji-mieszkancow","status":"publish","type":"post","link":"https:\/\/www.24zabrze.pl\/wiadomosci\/powstal-pierwszy-ogrod-spoleczny-w-zabrzu-oberiba-ma-sprzyjac-integracji-mieszkancow\/","title":{"rendered":"Powsta\u0142 pierwszy ogr\u00f3d spo\u0142eczny w Zabrzu. &#8220;Oberiba&#8221; ma sprzyja\u0107 integracji mieszka\u0144c\u00f3w"},"content":{"rendered":"<div class=\"zabrz-a6-z-nad-leadem-artykulow zabrz-entity-placement\" id=\"zabrz-1484078308\"><div class=\"zabrz-adlabel\"><span style=\"font-size: 9px\">REKLAMA<\/span><\/div><div id=\"zabrz-674310742\" style=\"margin-bottom: 30px;margin-left: auto;margin-right: auto;text-align: center;\"><a data-no-instant=\"1\" href=\"https:\/\/dom100.eu\/\" rel=\"noopener\" class=\"a2t-link\" target=\"_blank\" aria-label=\"20260415 DOM100 D\"><img loading=\"lazy\" decoding=\"async\" src=\"https:\/\/www.24zabrze.pl\/wiadomosci\/wp-content\/uploads\/2026\/02\/20260415-DOM100-D.jpg\" alt=\"\"  srcset=\"https:\/\/www.24zabrze.pl\/wiadomosci\/wp-content\/uploads\/2026\/02\/20260415-DOM100-D.jpg 750w, https:\/\/www.24zabrze.pl\/wiadomosci\/wp-content\/uploads\/2026\/02\/20260415-DOM100-D-410x109.jpg 410w\" sizes=\"(max-width: 750px) 100vw, 750px\" class=\"no-lazyload\" width=\"750\" height=\"200\"  style=\"display: inline-block; max-width: 100%; height: auto;\" \/><\/a><\/div><\/div><h2>W Rokitnicy, niedaleko ko\u015bcio\u0142a parafialnego pw. Naj\u015bwi\u0119tszego Serca Pana Jezusa w Zabrzu, powsta\u0142 pierwszy w naszym mie\u015bcie ogr\u00f3d spo\u0142eczny. \u201eOberiba\u201d, bo tak nazwali go spo\u0142ecznicy, to inicjatywa mieszka\u0144c\u00f3w Rokitnicy.<\/h2>\n<p>Zabrzanie z tej cz\u0119\u015bci miasta, wraz ze Stowarzyszeniem Kartel Kulturalny oraz Rad\u0105 Dzielnicy Rokitnica zaadaptowali zielony teren, aby stworzy\u0107 ogr\u00f3d, kt\u00f3ry b\u0119dzie integrowa\u0107 &#8211; nie tylko mi\u0142o\u015bnik\u00f3w zielonego szale\u0144stwa.<\/p><div class=\"zabrz-a3-z-w-tresci-artykulow zabrz-entity-placement\" id=\"zabrz-2268462916\"><div class=\"zabrz-adlabel\"><span style=\"font-size: 9px\">REKLAMA<\/span><\/div><div id=\"zabrz-98167865\" style=\"margin-bottom: 40px;margin-left: auto;margin-right: auto;text-align: center;\"><a data-no-instant=\"1\" href=\"https:\/\/ogrodyandersa.pl\/\" rel=\"noopener\" class=\"a2t-link\" target=\"_blank\" aria-label=\"20260415 Ogrody Andersa WYBIERZ MIESZKANIE D\"><img loading=\"lazy\" decoding=\"async\" src=\"https:\/\/www.24zabrze.pl\/wiadomosci\/wp-content\/uploads\/2026\/02\/20260415-Ogrody-Andersa-WYBIERZ-MIESZKANIE-D.jpg\" alt=\"\"  srcset=\"https:\/\/www.24zabrze.pl\/wiadomosci\/wp-content\/uploads\/2026\/02\/20260415-Ogrody-Andersa-WYBIERZ-MIESZKANIE-D.jpg 750w, https:\/\/www.24zabrze.pl\/wiadomosci\/wp-content\/uploads\/2026\/02\/20260415-Ogrody-Andersa-WYBIERZ-MIESZKANIE-D-410x109.jpg 410w\" sizes=\"(max-width: 750px) 100vw, 750px\" class=\"no-lazyload\" width=\"750\" height=\"200\"  style=\"display: inline-block; max-width: 100%; height: auto;\" \/><\/a><\/div><\/div>\n<h4>W Oberibie ka\u017cdy amator ogrodnictwa mo\u017ce nauczy\u0107 si\u0119 m.in.: jak sadzi\u0107 i dba\u0107 o ro\u015bliny czy te\u017c jak za\u0142o\u017cy\u0107 sw\u00f3j przydomowy kompostownik. <\/h4>\n<p>Na profilu zabrza\u0144skiego ogrodu mo\u017cna zapisa\u0107 si\u0119 tak\u017ce na szereg inicjatyw, kt\u00f3re s\u0105 organizowane z my\u015bl\u0105 o integracji spo\u0142eczno\u015bci lokalnej. Ju\u017c 12 czerwca o godzinie 17:00 odb\u0119d\u0105 si\u0119 tu Cho! Warsztaty \/ Malowanie kamyczk\u00f3w, kt\u00f3re poprowadzi <strong>Bronis\u0142aw \u017bak.<\/strong><\/p>\n<p><a href=\"https:\/\/www.24zabrze.pl\/wiadomosci\/wp-content\/uploads\/2024\/06\/oberiba3.jpg\"><img loading=\"lazy\" decoding=\"async\" src=\"https:\/\/www.24zabrze.pl\/wiadomosci\/wp-content\/uploads\/2024\/06\/oberiba3.jpg\" alt=\"\" width=\"810\" height=\"810\" class=\"alignnone size-full wp-image-109693\" srcset=\"https:\/\/www.24zabrze.pl\/wiadomosci\/wp-content\/uploads\/2024\/06\/oberiba3.jpg 810w, https:\/\/www.24zabrze.pl\/wiadomosci\/wp-content\/uploads\/2024\/06\/oberiba3-232x232.jpg 232w, https:\/\/www.24zabrze.pl\/wiadomosci\/wp-content\/uploads\/2024\/06\/oberiba3-455x455.jpg 455w, https:\/\/www.24zabrze.pl\/wiadomosci\/wp-content\/uploads\/2024\/06\/oberiba3-90x90.jpg 90w, https:\/\/www.24zabrze.pl\/wiadomosci\/wp-content\/uploads\/2024\/06\/oberiba3-768x768.jpg 768w\" sizes=\"auto, (max-width: 810px) 100vw, 810px\" \/><\/a><\/p>\n<p>Spo\u0142eczny ogr\u00f3d to tak\u017ce mo\u017cliwo\u015b\u0107 uprawiania swojego kawa\u0142ka zieleni przez osoby, kt\u00f3re nie posiadaj\u0105 swojego ogr\u00f3dka na terenie miejskich ogrod\u00f3w dzia\u0142kowych zlokalizowanych w naszym mie\u015bcie.<\/p>\n<h4>Czym s\u0105 ogrody spo\u0142eczne?<\/h4>\n<p>Ogrody spo\u0142eczne to tereny zielone, kt\u00f3re s\u0105 wsp\u00f3lnie piel\u0119gnowane przez mieszka\u0144c\u00f3w danego osiedla lub spo\u0142eczno\u015bci. Cz\u0119sto powstaj\u0105 na nieu\u017cytkach lub zaniedbanych terenach, kt\u00f3rym mieszka\u0144cy nadaj\u0105 nowe \u017cycie. W ogrodach spo\u0142ecznych mo\u017cna sadzi\u0107 warzywa, owoce, kwiaty, zio\u0142a, a tak\u017ce tworzy\u0107 strefy relaksu z \u0142awkami, sto\u0142ami i hamakami.<\/p>\n<h4>Pe\u0142ni\u0105 one nie tylko funkcj\u0119 zielonych p\u0142uc w dzielnicy, to tak\u017ce rewitalizacja przestrzeni i edukacja ekologiczna.<\/h4>\n<p>A mimo post\u0119puj\u0105cej urbanizacji ch\u0119\u0107 zak\u0142adania ogrod\u00f3w spo\u0142ecznych pokazuje, \u017ce coraz wi\u0119cej os\u00f3b chce uprawia\u0107 ziemi\u0119 tam, gdzie mieszka. Odchodzi przekonanie, \u017ce prowadzenie warzywnego czy zio\u0142owego ogr\u00f3dka jest mo\u017cliwe tylko na terenach wiejskich. O tym, \u017ce \u017cycie w mie\u015bcie nie musi oznacza\u0107 oddalenia od natury, udowodnili w\u0142a\u015bnie spo\u0142ecznicy z Rokitnicy.<\/p>\n<p><a href=\"https:\/\/www.24zabrze.pl\/wiadomosci\/wp-content\/uploads\/2024\/06\/oberiba2.jpg\"><img loading=\"lazy\" decoding=\"async\" src=\"https:\/\/www.24zabrze.pl\/wiadomosci\/wp-content\/uploads\/2024\/06\/oberiba2.jpg\" alt=\"\" width=\"794\" height=\"810\" class=\"alignnone size-full wp-image-109692\" srcset=\"https:\/\/www.24zabrze.pl\/wiadomosci\/wp-content\/uploads\/2024\/06\/oberiba2.jpg 794w, https:\/\/www.24zabrze.pl\/wiadomosci\/wp-content\/uploads\/2024\/06\/oberiba2-227x232.jpg 227w, https:\/\/www.24zabrze.pl\/wiadomosci\/wp-content\/uploads\/2024\/06\/oberiba2-446x455.jpg 446w, https:\/\/www.24zabrze.pl\/wiadomosci\/wp-content\/uploads\/2024\/06\/oberiba2-768x783.jpg 768w\" sizes=\"auto, (max-width: 794px) 100vw, 794px\" \/><\/a><\/p>\n<p>(\u017cms)\/UM Zabrze<br \/>\nfot. FB\/Oberiba \u2013 Rokitnicki Ogr\u00f3d Spo\u0142eczny (za UM Zabrze)<\/p>\n","protected":false},"excerpt":{"rendered":"<p>W Rokitnicy, niedaleko ko\u015bcio\u0142a parafialnego pw. Naj\u015bwi\u0119tszego Serca Pana Jezusa w Zabrzu, powsta\u0142 pierwszy w naszym mie\u015bcie ogr\u00f3d spo\u0142eczny. \u201eOberiba\u201d, bo tak nazwali go spo\u0142ecznicy, to inicjatywa mieszka\u0144c\u00f3w Rokitnicy. Zabrzanie z tej cz\u0119\u015bci miasta, wraz ze Stowarzyszeniem Kartel Kulturalny oraz Rad\u0105 Dzielnicy Rokitnica zaadaptowali zielony teren, aby stworzy\u0107 ogr\u00f3d, kt\u00f3ry b\u0119dzie integrowa\u0107 &#8211; nie tylko [&hellip;]<\/p>\n","protected":false},"author":17,"featured_media":109691,"comment_status":"closed","ping_status":"closed","sticky":false,"template":"","format":"standard","meta":{"_monsterinsights_skip_tracking":false,"_monsterinsights_sitenote_active":false,"_monsterinsights_sitenote_note":"","_monsterinsights_sitenote_category":0,"footnotes":"","_links_to":"","_links_to_target":""},"categories":[11756,9,1],"tags":[],"class_list":["post-109689","post","type-post","status-publish","format-standard","has-post-thumbnail","hentry","category-kultura","category-stronaglowna","category-wszystko"],"_links":{"self":[{"href":"https:\/\/www.24zabrze.pl\/wiadomosci\/wp-json\/wp\/v2\/posts\/109689","targetHints":{"allow":["GET"]}}],"collection":[{"href":"https:\/\/www.24zabrze.pl\/wiadomosci\/wp-json\/wp\/v2\/posts"}],"about":[{"href":"https:\/\/www.24zabrze.pl\/wiadomosci\/wp-json\/wp\/v2\/types\/post"}],"author":[{"embeddable":true,"href":"https:\/\/www.24zabrze.pl\/wiadomosci\/wp-json\/wp\/v2\/users\/17"}],"replies":[{"embeddable":true,"href":"https:\/\/www.24zabrze.pl\/wiadomosci\/wp-json\/wp\/v2\/comments?post=109689"}],"version-history":[{"count":0,"href":"https:\/\/www.24zabrze.pl\/wiadomosci\/wp-json\/wp\/v2\/posts\/109689\/revisions"}],"wp:featuredmedia":[{"embeddable":true,"href":"https:\/\/www.24zabrze.pl\/wiadomosci\/wp-json\/wp\/v2\/media\/109691"}],"wp:attachment":[{"href":"https:\/\/www.24zabrze.pl\/wiadomosci\/wp-json\/wp\/v2\/media?parent=109689"}],"wp:term":[{"taxonomy":"category","embeddable":true,"href":"https:\/\/www.24zabrze.pl\/wiadomosci\/wp-json\/wp\/v2\/categories?post=109689"},{"taxonomy":"post_tag","embeddable":true,"href":"https:\/\/www.24zabrze.pl\/wiadomosci\/wp-json\/wp\/v2\/tags?post=109689"}],"curies":[{"name":"wp","href":"https:\/\/api.w.org\/{rel}","templated":true}]}}