{"id":109611,"date":"2024-06-02T06:54:55","date_gmt":"2024-06-02T04:54:55","guid":{"rendered":"https:\/\/www.24zabrze.pl\/wiadomosci\/?p=109611"},"modified":"2024-05-31T18:09:06","modified_gmt":"2024-05-31T16:09:06","slug":"rozpoczela-sie-rewitalizacja-dwoch-budynkow-w-zespole-zabudowan-dawnej-kopalni-ludwik","status":"publish","type":"post","link":"https:\/\/www.24zabrze.pl\/wiadomosci\/rozpoczela-sie-rewitalizacja-dwoch-budynkow-w-zespole-zabudowan-dawnej-kopalni-ludwik\/","title":{"rendered":"Rozpocz\u0119\u0142a si\u0119 rewitalizacja dw\u00f3ch budynk\u00f3w w zespole zabudowa\u0144 dawnej kopalni &#8220;Ludwik&#8221;"},"content":{"rendered":"<div class=\"zabrz-a6-z-nad-leadem-artykulow zabrz-entity-placement\" id=\"zabrz-1650127395\"><div class=\"zabrz-adlabel\"><span style=\"font-size: 9px\">REKLAMA<\/span><\/div><div id=\"zabrz-2514312931\" style=\"margin-bottom: 30px;margin-left: auto;margin-right: auto;text-align: center;\"><a data-no-instant=\"1\" href=\"https:\/\/dom100.eu\/\" rel=\"noopener\" class=\"a2t-link\" target=\"_blank\" aria-label=\"20260415 DOM100 D\"><img loading=\"lazy\" decoding=\"async\" src=\"https:\/\/www.24zabrze.pl\/wiadomosci\/wp-content\/uploads\/2026\/02\/20260415-DOM100-D.jpg\" alt=\"\"  srcset=\"https:\/\/www.24zabrze.pl\/wiadomosci\/wp-content\/uploads\/2026\/02\/20260415-DOM100-D.jpg 750w, https:\/\/www.24zabrze.pl\/wiadomosci\/wp-content\/uploads\/2026\/02\/20260415-DOM100-D-410x109.jpg 410w\" sizes=\"(max-width: 750px) 100vw, 750px\" class=\"no-lazyload\" width=\"750\" height=\"200\"  style=\"display: inline-block; max-width: 100%; height: auto;\" \/><\/a><\/div><\/div><h2>Rozpocz\u0119\u0142y si\u0119 prace remontowo-konserwatorskie w dw\u00f3ch budynkach wpisanych do rejestru zabytk\u00f3w, wchodz\u0105cych w sk\u0142ad zabudowy dawnej kopalni &#8220;Ludwik\u201d przy ul. Hagera 43. Chodzi o budynek, w kt\u00f3rym mie\u015bci\u0142a si\u0119 przed laty szatnia i \u0142a\u017ania z przewi\u0105zk\u0105 oraz hal\u0119 warsztatu \u015blusarskiego z ku\u017ani\u0105.<\/h2>\n<p>Zadanie, kt\u00f3re koordynuje Zesp\u00f3\u0142 Miejskiego Konserwatora Zabytk\u00f3w w Zabrzu, jest dotowane z bud\u017cetu Miasta Zabrze.<\/p><div class=\"zabrz-a3-z-w-tresci-artykulow zabrz-entity-placement\" id=\"zabrz-1896858157\"><div class=\"zabrz-adlabel\"><span style=\"font-size: 9px\">REKLAMA<\/span><\/div><div id=\"zabrz-2852694756\" style=\"margin-bottom: 40px;margin-left: auto;margin-right: auto;text-align: center;\"><a data-no-instant=\"1\" href=\"https:\/\/ogrodyandersa.pl\/\" rel=\"noopener\" class=\"a2t-link\" target=\"_blank\" aria-label=\"20260415 Ogrody Andersa WYBIERZ MIESZKANIE D\"><img loading=\"lazy\" decoding=\"async\" src=\"https:\/\/www.24zabrze.pl\/wiadomosci\/wp-content\/uploads\/2026\/02\/20260415-Ogrody-Andersa-WYBIERZ-MIESZKANIE-D.jpg\" alt=\"\"  srcset=\"https:\/\/www.24zabrze.pl\/wiadomosci\/wp-content\/uploads\/2026\/02\/20260415-Ogrody-Andersa-WYBIERZ-MIESZKANIE-D.jpg 750w, https:\/\/www.24zabrze.pl\/wiadomosci\/wp-content\/uploads\/2026\/02\/20260415-Ogrody-Andersa-WYBIERZ-MIESZKANIE-D-410x109.jpg 410w\" sizes=\"(max-width: 750px) 100vw, 750px\" class=\"no-lazyload\" width=\"750\" height=\"200\"  style=\"display: inline-block; max-width: 100%; height: auto;\" \/><\/a><\/div><\/div>\n<p><a href=\"https:\/\/www.24zabrze.pl\/wiadomosci\/wp-content\/uploads\/2024\/05\/kopalnia-ludwik3.jpg\"><img loading=\"lazy\" decoding=\"async\" class=\"alignnone  wp-image-109616\" src=\"https:\/\/www.24zabrze.pl\/wiadomosci\/wp-content\/uploads\/2024\/05\/kopalnia-ludwik3.jpg\" alt=\"\" width=\"1036\" height=\"778\" srcset=\"https:\/\/www.24zabrze.pl\/wiadomosci\/wp-content\/uploads\/2024\/05\/kopalnia-ludwik3.jpg 810w, https:\/\/www.24zabrze.pl\/wiadomosci\/wp-content\/uploads\/2024\/05\/kopalnia-ludwik3-309x232.jpg 309w, https:\/\/www.24zabrze.pl\/wiadomosci\/wp-content\/uploads\/2024\/05\/kopalnia-ludwik3-606x455.jpg 606w, https:\/\/www.24zabrze.pl\/wiadomosci\/wp-content\/uploads\/2024\/05\/kopalnia-ludwik3-768x576.jpg 768w\" sizes=\"auto, (max-width: 1036px) 100vw, 1036px\" \/><\/a><\/p>\n<p>Zesp\u00f3\u0142 dawnej kopalni &#8220;Ludwik&#8221; sk\u0142ada si\u0119 z zabudowy dawnego zak\u0142adu g\u00f3rniczego. Jego pocz\u0105tki si\u0119gaj\u0105 lat 50. XIX wieku, a do eksploatacji pok\u0142ad\u00f3w g\u00f3rniczych przyst\u0105piono w 1873 roku. Rozbudowa kopalni obejmuj\u0105ca kompleks powierzchni trwa\u0142a od lat 70. XIX wieku. Najwi\u0119ksza modernizacja zak\u0142adu by\u0142a przeprowadzona na pocz\u0105tku XX wieku.<\/p>\n<h4>Zesp\u00f3\u0142 zabudowa\u0144 pochodz\u0105cy z lat 1910\u20131918 utworzy\u0142 najbardziej charakterystyczn\u0105 cz\u0119\u015b\u0107 kopalni &#8220;Ludwik&#8221;, wyra\u017anie wyr\u00f3\u017cniaj\u0105c\u0105 si\u0119 pod wzgl\u0119dem architektonicznym.<\/h4>\n<p>Obejmuje on nast\u0119puj\u0105ce budynki: cechowni\u0119-\u0142a\u017anie-szatni, biurowiec, \u0142a\u017ani\u0119 i szatni\u0119, maszynowni\u0119 szybu &#8220;Konrad&#8221; i hal\u0119 warsztatu \u015blusarskiego z ku\u017ani\u0105. Wydobycie w kopalni \u201eLudwik\u201d trwa\u0142o do 1991 roku, kiedy to po zasypaniu g\u0142\u00f3wnych szyb\u00f3w, zosta\u0142a wy\u0142\u0105czona z eksploatacji.<\/p>\n<p><a href=\"https:\/\/www.24zabrze.pl\/wiadomosci\/wp-content\/uploads\/2024\/05\/kopalnia-ludwik4.jpg\"><img loading=\"lazy\" decoding=\"async\" class=\"alignnone  wp-image-109617\" src=\"https:\/\/www.24zabrze.pl\/wiadomosci\/wp-content\/uploads\/2024\/05\/kopalnia-ludwik4.jpg\" alt=\"\" width=\"1067\" height=\"697\" srcset=\"https:\/\/www.24zabrze.pl\/wiadomosci\/wp-content\/uploads\/2024\/05\/kopalnia-ludwik4.jpg 810w, https:\/\/www.24zabrze.pl\/wiadomosci\/wp-content\/uploads\/2024\/05\/kopalnia-ludwik4-355x232.jpg 355w, https:\/\/www.24zabrze.pl\/wiadomosci\/wp-content\/uploads\/2024\/05\/kopalnia-ludwik4-697x455.jpg 697w, https:\/\/www.24zabrze.pl\/wiadomosci\/wp-content\/uploads\/2024\/05\/kopalnia-ludwik4-768x502.jpg 768w\" sizes=\"auto, (max-width: 1067px) 100vw, 1067px\" \/><\/a><\/p>\n<p>W 1992 roku wi\u0119ksza cz\u0119\u015b\u0107 zespo\u0142u dawnej kopalni \u201eLudwik\u201d zosta\u0142a wydzier\u017cawiona Przedsi\u0119biorstwu G\u00f3rniczemu DEMEX sp. z o.o., kt\u00f3re od 1999 roku jest w\u0142a\u015bcicielem tej nieruchomo\u015bci i u\u017cytkownikiem wieczystym gruntu. Od tego czasu Sp\u00f3\u0142ka starannie przeprowadza rewitalizacj\u0119 ca\u0142ego Kompleksu: zachowuj\u0105c niepowtarzalny charakter dawnej przemys\u0142owej architektury modernizuje i adaptuje go do nowych wsp\u00f3\u0142czesnych funkcji. I tak, gdy kiedy\u015b by\u0142 tu zak\u0142ad wydobywczy, tak dzisiaj jest to miejsce t\u0119tni\u0105ce przedsi\u0119biorczo\u015bci\u0105.<\/p>\n<h4>W 2006 roku, decyzj\u0105 \u015al\u0105skiego Wojew\u00f3dzkiego Konserwatora Zabytk\u00f3w, zesp\u00f3\u0142 zabudowy Kopalni \u201eLudwik\u201d zosta\u0142 wpisany do rejestru zabytk\u00f3w \u201eA\u201d wojew\u00f3dztwa \u015bl\u0105skiego \u2013 pod numerem A\/204\/06.<\/h4>\n<p>Od 2008 roku \u201eKompleks Markowni\u201d, dzier\u017cawiony jest przez Stowarzyszenie Kopalnia Sztuki. W budynku znajduj\u0105 si\u0119 dwie sale: koncertowa oraz odbioru sztuki, ka\u017cda o powierzchni ok 450 m\u00b2 w kt\u00f3rych odbywaj\u0105 si\u0119 imprezy (koncerty, wyk\u0142ady, imprezy taneczne, itp.).<\/p>\n<p><a href=\"https:\/\/www.24zabrze.pl\/wiadomosci\/wp-content\/uploads\/2024\/05\/kopalnia-ludwik-fot-kompleks-ludwik.jpg\"><img loading=\"lazy\" decoding=\"async\" class=\"alignnone  wp-image-109614\" src=\"https:\/\/www.24zabrze.pl\/wiadomosci\/wp-content\/uploads\/2024\/05\/kopalnia-ludwik-fot-kompleks-ludwik.jpg\" alt=\"\" width=\"1044\" height=\"701\" srcset=\"https:\/\/www.24zabrze.pl\/wiadomosci\/wp-content\/uploads\/2024\/05\/kopalnia-ludwik-fot-kompleks-ludwik.jpg 600w, https:\/\/www.24zabrze.pl\/wiadomosci\/wp-content\/uploads\/2024\/05\/kopalnia-ludwik-fot-kompleks-ludwik-345x232.jpg 345w\" sizes=\"auto, (max-width: 1044px) 100vw, 1044px\" \/><\/a><\/p>\n<p>Budynki dawnej kopalni stanowi\u0105 \u015bwiadectwo minionej epoki ilustruj\u0105c walory architektury przemys\u0142owej z pocz\u0105tku XX wieku. Kompleks \u201eLudwik\u201d wpisuje si\u0119 w grup\u0119 zabytk\u00f3w Zabrza zwi\u0105zanych z g\u00f3rnictwem, kt\u00f3rych zachowanie ma warto\u015b\u0107 historyczn\u0105 i artystyczn\u0105.<\/p>\n<p>(\u017cms)\/UM Zabrze<br \/>\nfot. UM Zabrze<\/p>\n","protected":false},"excerpt":{"rendered":"<p>Rozpocz\u0119\u0142y si\u0119 prace remontowo-konserwatorskie w dw\u00f3ch budynkach wpisanych do rejestru zabytk\u00f3w, wchodz\u0105cych w sk\u0142ad zabudowy dawnej kopalni &#8220;Ludwik\u201d przy ul. Hagera 43. Chodzi o budynek, w kt\u00f3rym mie\u015bci\u0142a si\u0119 przed laty szatnia i \u0142a\u017ania z przewi\u0105zk\u0105 oraz hal\u0119 warsztatu \u015blusarskiego z ku\u017ani\u0105. Zadanie, kt\u00f3re koordynuje Zesp\u00f3\u0142 Miejskiego Konserwatora Zabytk\u00f3w w Zabrzu, jest dotowane z bud\u017cetu [&hellip;]<\/p>\n","protected":false},"author":17,"featured_media":109615,"comment_status":"closed","ping_status":"closed","sticky":false,"template":"","format":"standard","meta":{"_monsterinsights_skip_tracking":false,"_monsterinsights_sitenote_active":false,"_monsterinsights_sitenote_note":"","_monsterinsights_sitenote_category":0,"footnotes":"","_links_to":"","_links_to_target":""},"categories":[9,1],"tags":[],"class_list":["post-109611","post","type-post","status-publish","format-standard","has-post-thumbnail","hentry","category-stronaglowna","category-wszystko"],"_links":{"self":[{"href":"https:\/\/www.24zabrze.pl\/wiadomosci\/wp-json\/wp\/v2\/posts\/109611","targetHints":{"allow":["GET"]}}],"collection":[{"href":"https:\/\/www.24zabrze.pl\/wiadomosci\/wp-json\/wp\/v2\/posts"}],"about":[{"href":"https:\/\/www.24zabrze.pl\/wiadomosci\/wp-json\/wp\/v2\/types\/post"}],"author":[{"embeddable":true,"href":"https:\/\/www.24zabrze.pl\/wiadomosci\/wp-json\/wp\/v2\/users\/17"}],"replies":[{"embeddable":true,"href":"https:\/\/www.24zabrze.pl\/wiadomosci\/wp-json\/wp\/v2\/comments?post=109611"}],"version-history":[{"count":0,"href":"https:\/\/www.24zabrze.pl\/wiadomosci\/wp-json\/wp\/v2\/posts\/109611\/revisions"}],"wp:featuredmedia":[{"embeddable":true,"href":"https:\/\/www.24zabrze.pl\/wiadomosci\/wp-json\/wp\/v2\/media\/109615"}],"wp:attachment":[{"href":"https:\/\/www.24zabrze.pl\/wiadomosci\/wp-json\/wp\/v2\/media?parent=109611"}],"wp:term":[{"taxonomy":"category","embeddable":true,"href":"https:\/\/www.24zabrze.pl\/wiadomosci\/wp-json\/wp\/v2\/categories?post=109611"},{"taxonomy":"post_tag","embeddable":true,"href":"https:\/\/www.24zabrze.pl\/wiadomosci\/wp-json\/wp\/v2\/tags?post=109611"}],"curies":[{"name":"wp","href":"https:\/\/api.w.org\/{rel}","templated":true}]}}