{"id":108940,"date":"2024-04-02T09:53:34","date_gmt":"2024-04-02T07:53:34","guid":{"rendered":"https:\/\/www.24zabrze.pl\/wiadomosci\/?p=108940"},"modified":"2024-04-02T13:22:12","modified_gmt":"2024-04-02T11:22:12","slug":"tragiczny-wypadek-na-wezle-zabrze-zachod-bus-uderzyl-w-bariery-nie-zyje-2-mezczyzn","status":"publish","type":"post","link":"https:\/\/www.24zabrze.pl\/wiadomosci\/tragiczny-wypadek-na-wezle-zabrze-zachod-bus-uderzyl-w-bariery-nie-zyje-2-mezczyzn\/","title":{"rendered":"Tragiczny wypadek na w\u0119\u017ale Zabrze-Zach\u00f3d. Bus uderzy\u0142 w bariery, nie \u017cyje 2 m\u0119\u017cczyzn"},"content":{"rendered":"<div class=\"zabrz-a6-z-nad-leadem-artykulow zabrz-entity-placement\" id=\"zabrz-3195912364\"><div class=\"zabrz-adlabel\"><span style=\"font-size: 9px\">REKLAMA<\/span><\/div><div id=\"zabrz-2403928077\" style=\"margin-bottom: 30px;margin-left: auto;margin-right: auto;text-align: center;\"><a data-no-instant=\"1\" href=\"https:\/\/dom100.eu\/\" rel=\"noopener\" class=\"a2t-link\" target=\"_blank\" aria-label=\"20260415 DOM100 D\"><img loading=\"lazy\" decoding=\"async\" src=\"https:\/\/www.24zabrze.pl\/wiadomosci\/wp-content\/uploads\/2026\/02\/20260415-DOM100-D.jpg\" alt=\"\"  srcset=\"https:\/\/www.24zabrze.pl\/wiadomosci\/wp-content\/uploads\/2026\/02\/20260415-DOM100-D.jpg 750w, https:\/\/www.24zabrze.pl\/wiadomosci\/wp-content\/uploads\/2026\/02\/20260415-DOM100-D-410x109.jpg 410w\" sizes=\"(max-width: 750px) 100vw, 750px\" class=\"no-lazyload\" width=\"750\" height=\"200\"  style=\"display: inline-block; max-width: 100%; height: auto;\" \/><\/a><\/div><\/div><h2>Na zje\u017adzie z autostrady A1 dosz\u0142o do tragicznego wypadku. Z niewyja\u015bnionych przyczyn bus uderzy\u0142 w bariery energoch\u0142onne, w wyniku czego dwie osoby zgin\u0119\u0142y.<\/h2>\n<p><iframe loading=\"lazy\" src=\"https:\/\/www.facebook.com\/plugins\/video.php?height=316&#038;href=https%3A%2F%2Fwww.facebook.com%2FSlaskaKWP%2Fvideos%2F959361065848369%2F&#038;show_text=false&#038;width=560&#038;t=0\" width=\"560\" height=\"316\" style=\"border:none;overflow:hidden\" scrolling=\"no\" frameborder=\"0\" allowfullscreen=\"true\" allow=\"autoplay; clipboard-write; encrypted-media; picture-in-picture; web-share\" allowFullScreen=\"true\"><\/iframe><\/p>\n<p>Zdarzenie mia\u0142o miejsce oko\u0142o 6:00 rano we wtorek, 2 kwietnia, w Czekanowie, na w\u0119\u017ale Zabrze-Zach\u00f3d.<\/p><div class=\"zabrz-a3-z-w-tresci-artykulow zabrz-entity-placement\" id=\"zabrz-2992532713\"><div class=\"zabrz-adlabel\"><span style=\"font-size: 9px\">REKLAMA<\/span><\/div><div id=\"zabrz-3267561248\" style=\"margin-bottom: 40px;margin-left: auto;margin-right: auto;text-align: center;\"><a data-no-instant=\"1\" href=\"https:\/\/ogrodyandersa.pl\/\" rel=\"noopener\" class=\"a2t-link\" target=\"_blank\" aria-label=\"20260415 Ogrody Andersa WYBIERZ MIESZKANIE D\"><img loading=\"lazy\" decoding=\"async\" src=\"https:\/\/www.24zabrze.pl\/wiadomosci\/wp-content\/uploads\/2026\/02\/20260415-Ogrody-Andersa-WYBIERZ-MIESZKANIE-D.jpg\" alt=\"\"  srcset=\"https:\/\/www.24zabrze.pl\/wiadomosci\/wp-content\/uploads\/2026\/02\/20260415-Ogrody-Andersa-WYBIERZ-MIESZKANIE-D.jpg 750w, https:\/\/www.24zabrze.pl\/wiadomosci\/wp-content\/uploads\/2026\/02\/20260415-Ogrody-Andersa-WYBIERZ-MIESZKANIE-D-410x109.jpg 410w\" sizes=\"(max-width: 750px) 100vw, 750px\" class=\"no-lazyload\" width=\"750\" height=\"200\"  style=\"display: inline-block; max-width: 100%; height: auto;\" \/><\/a><\/div><\/div>\n<p>&#8211; <em>Pojazdem podr\u00f3\u017cowa\u0142o 7 m\u0119\u017cczyzn. Niestety 2 z nich ponios\u0142o \u015bmier\u0107 na miejscu, a pozostali trafili do szpitali. W chwili obecnej na miejscu pracuj\u0105 s\u0142u\u017cby pod nadzorem prokuratora. Zjazd z autostrady jest ca\u0142kowicie zablokowany, a utrudnienia w tym miejscu mog\u0105 potrwa\u0107 nawet kilka godzin<\/em> &#8211; informuje \u015al\u0105ska Policja. <\/p>\n<p><a href=\"https:\/\/www.24zabrze.pl\/wiadomosci\/wp-content\/uploads\/2024\/04\/tragiczny-wypadek.jpg\"><img loading=\"lazy\" decoding=\"async\" src=\"https:\/\/www.24zabrze.pl\/wiadomosci\/wp-content\/uploads\/2024\/04\/tragiczny-wypadek.jpg\" alt=\"\" width=\"810\" height=\"456\" class=\"alignnone size-full wp-image-108943\" srcset=\"https:\/\/www.24zabrze.pl\/wiadomosci\/wp-content\/uploads\/2024\/04\/tragiczny-wypadek.jpg 810w, https:\/\/www.24zabrze.pl\/wiadomosci\/wp-content\/uploads\/2024\/04\/tragiczny-wypadek-410x232.jpg 410w, https:\/\/www.24zabrze.pl\/wiadomosci\/wp-content\/uploads\/2024\/04\/tragiczny-wypadek-808x455.jpg 808w, https:\/\/www.24zabrze.pl\/wiadomosci\/wp-content\/uploads\/2024\/04\/tragiczny-wypadek-768x432.jpg 768w\" sizes=\"auto, (max-width: 810px) 100vw, 810px\" \/><\/a><\/p>\n<p>Ruch pojazd\u00f3w na pasach autostrady A1 w kierunku \u0141odzi odbywa si\u0119 bez utrudnie\u0144. <\/p>\n<p>Policja przypomina, \u017ce z uwagi na pogod\u0119 na drogach s\u0105 trudne warunki i apeluje do kierowc\u00f3w o rozs\u0105dek i ograniczenie pr\u0119dko\u015bci.<\/p>\n<p>(\u017cms)\/\u015al\u0105ska Policja<br \/>\nfot. \u015al\u0105ska Policja<\/p>\n<p><a href=\"https:\/\/www.24zabrze.pl\/wiadomosci\/wp-content\/uploads\/2024\/04\/tragiczny-wypadek3.jpg\"><img loading=\"lazy\" decoding=\"async\" src=\"https:\/\/www.24zabrze.pl\/wiadomosci\/wp-content\/uploads\/2024\/04\/tragiczny-wypadek3.jpg\" alt=\"\" width=\"810\" height=\"608\" class=\"alignnone size-full wp-image-108945\" srcset=\"https:\/\/www.24zabrze.pl\/wiadomosci\/wp-content\/uploads\/2024\/04\/tragiczny-wypadek3.jpg 810w, https:\/\/www.24zabrze.pl\/wiadomosci\/wp-content\/uploads\/2024\/04\/tragiczny-wypadek3-309x232.jpg 309w, https:\/\/www.24zabrze.pl\/wiadomosci\/wp-content\/uploads\/2024\/04\/tragiczny-wypadek3-606x455.jpg 606w, https:\/\/www.24zabrze.pl\/wiadomosci\/wp-content\/uploads\/2024\/04\/tragiczny-wypadek3-768x576.jpg 768w\" sizes=\"auto, (max-width: 810px) 100vw, 810px\" \/><\/a><\/p>\n<p><a href=\"https:\/\/www.24zabrze.pl\/wiadomosci\/wp-content\/uploads\/2024\/04\/tragiczny-wypadek2.jpg\"><img loading=\"lazy\" decoding=\"async\" src=\"https:\/\/www.24zabrze.pl\/wiadomosci\/wp-content\/uploads\/2024\/04\/tragiczny-wypadek2.jpg\" alt=\"\" width=\"810\" height=\"608\" class=\"alignnone size-full wp-image-108944\" srcset=\"https:\/\/www.24zabrze.pl\/wiadomosci\/wp-content\/uploads\/2024\/04\/tragiczny-wypadek2.jpg 810w, https:\/\/www.24zabrze.pl\/wiadomosci\/wp-content\/uploads\/2024\/04\/tragiczny-wypadek2-309x232.jpg 309w, https:\/\/www.24zabrze.pl\/wiadomosci\/wp-content\/uploads\/2024\/04\/tragiczny-wypadek2-606x455.jpg 606w, https:\/\/www.24zabrze.pl\/wiadomosci\/wp-content\/uploads\/2024\/04\/tragiczny-wypadek2-768x576.jpg 768w\" sizes=\"auto, (max-width: 810px) 100vw, 810px\" \/><\/a><\/p>\n","protected":false},"excerpt":{"rendered":"<p>Na zje\u017adzie z autostrady A1 dosz\u0142o do tragicznego wypadku. Z niewyja\u015bnionych przyczyn bus uderzy\u0142 w bariery energoch\u0142onne, w wyniku czego dwie osoby zgin\u0119\u0142y. Zdarzenie mia\u0142o miejsce oko\u0142o 6:00 rano we wtorek, 2 kwietnia, w Czekanowie, na w\u0119\u017ale Zabrze-Zach\u00f3d. &#8211; Pojazdem podr\u00f3\u017cowa\u0142o 7 m\u0119\u017cczyzn. Niestety 2 z nich ponios\u0142o \u015bmier\u0107 na miejscu, a pozostali trafili do [&hellip;]<\/p>\n","protected":false},"author":17,"featured_media":108946,"comment_status":"closed","ping_status":"closed","sticky":false,"template":"","format":"standard","meta":{"_monsterinsights_skip_tracking":false,"_monsterinsights_sitenote_active":false,"_monsterinsights_sitenote_note":"","_monsterinsights_sitenote_category":0,"footnotes":"","_links_to":"","_links_to_target":""},"categories":[5,1],"tags":[],"class_list":["post-108940","post","type-post","status-publish","format-standard","has-post-thumbnail","hentry","category-prawo","category-wszystko"],"_links":{"self":[{"href":"https:\/\/www.24zabrze.pl\/wiadomosci\/wp-json\/wp\/v2\/posts\/108940","targetHints":{"allow":["GET"]}}],"collection":[{"href":"https:\/\/www.24zabrze.pl\/wiadomosci\/wp-json\/wp\/v2\/posts"}],"about":[{"href":"https:\/\/www.24zabrze.pl\/wiadomosci\/wp-json\/wp\/v2\/types\/post"}],"author":[{"embeddable":true,"href":"https:\/\/www.24zabrze.pl\/wiadomosci\/wp-json\/wp\/v2\/users\/17"}],"replies":[{"embeddable":true,"href":"https:\/\/www.24zabrze.pl\/wiadomosci\/wp-json\/wp\/v2\/comments?post=108940"}],"version-history":[{"count":0,"href":"https:\/\/www.24zabrze.pl\/wiadomosci\/wp-json\/wp\/v2\/posts\/108940\/revisions"}],"wp:featuredmedia":[{"embeddable":true,"href":"https:\/\/www.24zabrze.pl\/wiadomosci\/wp-json\/wp\/v2\/media\/108946"}],"wp:attachment":[{"href":"https:\/\/www.24zabrze.pl\/wiadomosci\/wp-json\/wp\/v2\/media?parent=108940"}],"wp:term":[{"taxonomy":"category","embeddable":true,"href":"https:\/\/www.24zabrze.pl\/wiadomosci\/wp-json\/wp\/v2\/categories?post=108940"},{"taxonomy":"post_tag","embeddable":true,"href":"https:\/\/www.24zabrze.pl\/wiadomosci\/wp-json\/wp\/v2\/tags?post=108940"}],"curies":[{"name":"wp","href":"https:\/\/api.w.org\/{rel}","templated":true}]}}