{"id":108924,"date":"2024-03-29T13:35:09","date_gmt":"2024-03-29T12:35:09","guid":{"rendered":"https:\/\/www.24zabrze.pl\/wiadomosci\/?p=108924"},"modified":"2024-03-29T13:35:09","modified_gmt":"2024-03-29T12:35:09","slug":"dni-papieskie-w-zabrzu-bedzie-msza-spotkania-i-wystawy-w-multikinie-bezplatne-seanse-filmowe","status":"publish","type":"post","link":"https:\/\/www.24zabrze.pl\/wiadomosci\/dni-papieskie-w-zabrzu-bedzie-msza-spotkania-i-wystawy-w-multikinie-bezplatne-seanse-filmowe\/","title":{"rendered":"Dni Papieskie w Zabrzu. B\u0119dzie msza, spotkania i wystawy, w Multikinie bezp\u0142atne seanse filmowe"},"content":{"rendered":"<div class=\"zabrz-a6-z-nad-leadem-artykulow zabrz-entity-placement\" id=\"zabrz-3466916901\"><div class=\"zabrz-adlabel\"><span style=\"font-size: 9px\">REKLAMA<\/span><\/div><div id=\"zabrz-600157387\" style=\"margin-bottom: 30px;margin-left: auto;margin-right: auto;text-align: center;\"><a data-no-instant=\"1\" href=\"https:\/\/dom100.eu\/\" rel=\"noopener\" class=\"a2t-link\" target=\"_blank\" aria-label=\"20260415 DOM100 D\"><img loading=\"lazy\" decoding=\"async\" src=\"https:\/\/www.24zabrze.pl\/wiadomosci\/wp-content\/uploads\/2026\/02\/20260415-DOM100-D.jpg\" alt=\"\"  srcset=\"https:\/\/www.24zabrze.pl\/wiadomosci\/wp-content\/uploads\/2026\/02\/20260415-DOM100-D.jpg 750w, https:\/\/www.24zabrze.pl\/wiadomosci\/wp-content\/uploads\/2026\/02\/20260415-DOM100-D-410x109.jpg 410w\" sizes=\"(max-width: 750px) 100vw, 750px\" class=\"no-lazyload\" width=\"750\" height=\"200\"  style=\"display: inline-block; max-width: 100%; height: auto;\" \/><\/a><\/div><\/div><h2>Przed nami 18. edycja Dni Papieskich w Zabrzu. Tegoroczne obchody rozpoczn\u0105 si\u0119 we wtorek, 2 kwietnia, w ko\u015bciele pw. \u015bw. Wojciecha. W planie s\u0105 wystawy, bezp\u0142atne seanse filmowe, a tak\u017ce spotkania.<\/h2>\n<p>We wtorek, 2 kwietnia, o godzinie 21:00 odprawione zostanie nabo\u017ce\u0144stwo pod Krzy\u017cem Papieskim po\u0142\u0105czone z modlitw\u0105 r\u00f3\u017ca\u0144cow\u0105 w 19. rocznic\u0119 \u015bmierci \u015bw. Jana Paw\u0142a II. Tego dnia otwarta zostanie tak\u017ce okoliczno\u015bciowa wystawa prasowa \u201eA przecie\u017c nie ca\u0142y umieram\u201d, prezentuj\u0105ca wycinki prasowe dotycz\u0105ce informacji, jakie ukaza\u0142y si\u0119 po \u015bmierci \u015bw. Jana Paw\u0142a II. Wystawa potrwa do 8 kwietnia.<\/p><div class=\"zabrz-a3-z-w-tresci-artykulow zabrz-entity-placement\" id=\"zabrz-216943577\"><div class=\"zabrz-adlabel\"><span style=\"font-size: 9px\">REKLAMA<\/span><\/div><div id=\"zabrz-2907356232\" style=\"margin-bottom: 40px;margin-left: auto;margin-right: auto;text-align: center;\"><a data-no-instant=\"1\" href=\"https:\/\/ogrodyandersa.pl\/\" rel=\"noopener\" class=\"a2t-link\" target=\"_blank\" aria-label=\"20260415 Ogrody Andersa WYBIERZ MIESZKANIE D\"><img loading=\"lazy\" decoding=\"async\" src=\"https:\/\/www.24zabrze.pl\/wiadomosci\/wp-content\/uploads\/2026\/02\/20260415-Ogrody-Andersa-WYBIERZ-MIESZKANIE-D.jpg\" alt=\"\"  srcset=\"https:\/\/www.24zabrze.pl\/wiadomosci\/wp-content\/uploads\/2026\/02\/20260415-Ogrody-Andersa-WYBIERZ-MIESZKANIE-D.jpg 750w, https:\/\/www.24zabrze.pl\/wiadomosci\/wp-content\/uploads\/2026\/02\/20260415-Ogrody-Andersa-WYBIERZ-MIESZKANIE-D-410x109.jpg 410w\" sizes=\"(max-width: 750px) 100vw, 750px\" class=\"no-lazyload\" width=\"750\" height=\"200\"  style=\"display: inline-block; max-width: 100%; height: auto;\" \/><\/a><\/div><\/div>\n<p>\u201eKrem\u00f3wki tak, nauka tak. Kawiarenka z oknem na \u015bwiat: Wymagajmy od siebie, cho\u0107by inni\u2026\u201d \u2013 to tytu\u0142 spotkania, kt\u00f3re w ramach XVIII Dni Papieskich odb\u0119dzie si\u0119 w \u015brod\u0119, 3 kwietnia, o godzinie 17:00, w Teatrze Nowym. W dyskusji udzia\u0142 wezm\u0105 m.in.: <strong>red. Szymon Babuchowski, ks. Piotr Brz\u0105kalik oraz prof. Tomasz Szczepa\u0144ski.<\/strong><\/p>\n<h4>W czwartek, 4 kwietnia, w Czytelni G\u0142\u00f3wnej MBP w Zabrzu (ul. Wyzwolenia 4), o godzinie 12:00 odb\u0119dzie si\u0119 otwarcie wystawy ksi\u0105\u017cek, kt\u00f3rych autorem, b\u0105d\u017a bohaterem jest Jan Pawe\u0142 II.<\/h4>\n<p>5 kwietnia, w Multikinie, b\u0119d\u0105 wy\u015bwietlane \u201eFilmy z przes\u0142aniem\u201d. Pierwszy z nich \u2013 \u201eNiebo nie mo\u017ce czeka\u0107\u201d \u2013 zostanie wy\u015bwietlony o godzinie 16:00. O godzinie 18:00 b\u0119dzie mo\u017cna zobaczy\u0107 film pt. \u201eOpiekun\u201d. Seanse s\u0105 bezp\u0142atne \u2013 bilety mo\u017cna odebra\u0107 w Centrum Organizacji Samorz\u0105dowych przy ul. Brodzi\u0144skiego 4.<\/p>\n<p>Kolejnego dnia, 6 kwietnia, COP na swoim profilu na portalu Facebook oraz na Youtube b\u0119dzie publikowa\u0107 cytaty, aforyzmy i sentencje \u015bw. Jana Paw\u0142a II. Start o godzinie 10:00.<\/p>\n<p>Zako\u0144czenie obchod\u00f3w XVIII Dni Papieskich nast\u0105pi 8 kwietnia, o godzinie 10:00, w siedzibie Centrum Organizacji Pozarz\u0105dowych wydarzeniem pn. \u201cKa\u017cdy ma swoje Westerplatte\u201d, podczas kt\u00f3rego uczestnicy podziel\u0105 si\u0119 osobistymi historiami na temat spotkania z Janem Paw\u0142em II.<\/p>\n<p>Szczeg\u00f3\u0142owe informacje znajduj\u0105 si\u0119 na plakacie.<\/p>\n<p>(\u017cms)\/UM Zabrze<br \/>\nfot. Pawe\u0142 JaNic Janicki\/UM Zabrze<\/p>\n<p><a href=\"https:\/\/www.24zabrze.pl\/wiadomosci\/wp-content\/uploads\/2024\/03\/dni-papieskie.jpg\"><img loading=\"lazy\" decoding=\"async\" class=\"alignnone  wp-image-108928\" src=\"https:\/\/www.24zabrze.pl\/wiadomosci\/wp-content\/uploads\/2024\/03\/dni-papieskie.jpg\" alt=\"\" width=\"1140\" height=\"1612\" srcset=\"https:\/\/www.24zabrze.pl\/wiadomosci\/wp-content\/uploads\/2024\/03\/dni-papieskie.jpg 573w, https:\/\/www.24zabrze.pl\/wiadomosci\/wp-content\/uploads\/2024\/03\/dni-papieskie-164x232.jpg 164w, https:\/\/www.24zabrze.pl\/wiadomosci\/wp-content\/uploads\/2024\/03\/dni-papieskie-322x455.jpg 322w\" sizes=\"auto, (max-width: 1140px) 100vw, 1140px\" \/><\/a><\/p>\n","protected":false},"excerpt":{"rendered":"<p>Przed nami 18. edycja Dni Papieskich w Zabrzu. Tegoroczne obchody rozpoczn\u0105 si\u0119 we wtorek, 2 kwietnia, w ko\u015bciele pw. \u015bw. Wojciecha. W planie s\u0105 wystawy, bezp\u0142atne seanse filmowe, a tak\u017ce spotkania. We wtorek, 2 kwietnia, o godzinie 21:00 odprawione zostanie nabo\u017ce\u0144stwo pod Krzy\u017cem Papieskim po\u0142\u0105czone z modlitw\u0105 r\u00f3\u017ca\u0144cow\u0105 w 19. rocznic\u0119 \u015bmierci \u015bw. Jana Paw\u0142a [&hellip;]<\/p>\n","protected":false},"author":17,"featured_media":108927,"comment_status":"closed","ping_status":"closed","sticky":false,"template":"","format":"standard","meta":{"_monsterinsights_skip_tracking":false,"_monsterinsights_sitenote_active":false,"_monsterinsights_sitenote_note":"","_monsterinsights_sitenote_category":0,"footnotes":"","_links_to":"","_links_to_target":""},"categories":[11756,9,1],"tags":[12280],"class_list":["post-108924","post","type-post","status-publish","format-standard","has-post-thumbnail","hentry","category-kultura","category-stronaglowna","category-wszystko","tag-jan-pawel-ii"],"_links":{"self":[{"href":"https:\/\/www.24zabrze.pl\/wiadomosci\/wp-json\/wp\/v2\/posts\/108924","targetHints":{"allow":["GET"]}}],"collection":[{"href":"https:\/\/www.24zabrze.pl\/wiadomosci\/wp-json\/wp\/v2\/posts"}],"about":[{"href":"https:\/\/www.24zabrze.pl\/wiadomosci\/wp-json\/wp\/v2\/types\/post"}],"author":[{"embeddable":true,"href":"https:\/\/www.24zabrze.pl\/wiadomosci\/wp-json\/wp\/v2\/users\/17"}],"replies":[{"embeddable":true,"href":"https:\/\/www.24zabrze.pl\/wiadomosci\/wp-json\/wp\/v2\/comments?post=108924"}],"version-history":[{"count":0,"href":"https:\/\/www.24zabrze.pl\/wiadomosci\/wp-json\/wp\/v2\/posts\/108924\/revisions"}],"wp:featuredmedia":[{"embeddable":true,"href":"https:\/\/www.24zabrze.pl\/wiadomosci\/wp-json\/wp\/v2\/media\/108927"}],"wp:attachment":[{"href":"https:\/\/www.24zabrze.pl\/wiadomosci\/wp-json\/wp\/v2\/media?parent=108924"}],"wp:term":[{"taxonomy":"category","embeddable":true,"href":"https:\/\/www.24zabrze.pl\/wiadomosci\/wp-json\/wp\/v2\/categories?post=108924"},{"taxonomy":"post_tag","embeddable":true,"href":"https:\/\/www.24zabrze.pl\/wiadomosci\/wp-json\/wp\/v2\/tags?post=108924"}],"curies":[{"name":"wp","href":"https:\/\/api.w.org\/{rel}","templated":true}]}}