{"id":108917,"date":"2024-03-29T13:24:06","date_gmt":"2024-03-29T12:24:06","guid":{"rendered":"https:\/\/www.24zabrze.pl\/wiadomosci\/?p=108917"},"modified":"2024-03-29T13:24:06","modified_gmt":"2024-03-29T12:24:06","slug":"poszukiwany-do-odbycia-kary-wpadl-bo-kradl-prad-trafil-juz-do-zakladu-karnego","status":"publish","type":"post","link":"https:\/\/www.24zabrze.pl\/wiadomosci\/poszukiwany-do-odbycia-kary-wpadl-bo-kradl-prad-trafil-juz-do-zakladu-karnego\/","title":{"rendered":"Poszukiwany do odbycia kary wpad\u0142, bo krad\u0142&#8230; pr\u0105d. Trafi\u0142 ju\u017c do zak\u0142adu karnego"},"content":{"rendered":"<div class=\"zabrz-a6-z-nad-leadem-artykulow zabrz-entity-placement\" id=\"zabrz-1959257019\"><div class=\"zabrz-adlabel\"><span style=\"font-size: 9px\">REKLAMA<\/span><\/div><div id=\"zabrz-367862338\" style=\"margin-bottom: 30px;margin-left: auto;margin-right: auto;text-align: center;\"><a data-no-instant=\"1\" href=\"https:\/\/dom100.eu\/\" rel=\"noopener\" class=\"a2t-link\" target=\"_blank\" aria-label=\"20260415 DOM100 D\"><img loading=\"lazy\" decoding=\"async\" src=\"https:\/\/www.24zabrze.pl\/wiadomosci\/wp-content\/uploads\/2026\/02\/20260415-DOM100-D.jpg\" alt=\"\"  srcset=\"https:\/\/www.24zabrze.pl\/wiadomosci\/wp-content\/uploads\/2026\/02\/20260415-DOM100-D.jpg 750w, https:\/\/www.24zabrze.pl\/wiadomosci\/wp-content\/uploads\/2026\/02\/20260415-DOM100-D-410x109.jpg 410w\" sizes=\"(max-width: 750px) 100vw, 750px\" class=\"no-lazyload\" width=\"750\" height=\"200\"  style=\"display: inline-block; max-width: 100%; height: auto;\" \/><\/a><\/div><\/div><h2>Nie jest to pierwszy przypadek kradzie\u017cy pr\u0105du w Zabrzu, ani pierwszy taki, w kt\u00f3rym przest\u0119pstwa dopuszcza si\u0119 osoba poszukiwana przez wymiar sprawiedliwo\u015bci. Tym razem pod\u0142\u0105czenie omijaj\u0105ce licznik wykryto przy ulicy Pi\u0142sudskiego, gdzie w mieszkaniu ukrywa\u0142 si\u0119 42-latek z wyrokiem.<\/h2>\n<p>Poprzednio m\u0119\u017cczyzna poszukiwany do odbycia kary wpad\u0142 przy ulicy Po\u015bpiecha, kiedy to po od\u0142\u0105czeniu nielegalnego \u017ar\u00f3d\u0142a energii, m\u0119\u017cczyzna wyszed\u0142 na korytarz sprawdzi\u0107, dlaczego nie ma pr\u0105du &#8211; pisali\u015bmy o tym tu:<\/p><div class=\"zabrz-a3-z-w-tresci-artykulow zabrz-entity-placement\" id=\"zabrz-4039565175\"><div class=\"zabrz-adlabel\"><span style=\"font-size: 9px\">REKLAMA<\/span><\/div><div id=\"zabrz-860213895\" style=\"margin-bottom: 40px;margin-left: auto;margin-right: auto;text-align: center;\"><a data-no-instant=\"1\" href=\"https:\/\/ogrodyandersa.pl\/\" rel=\"noopener\" class=\"a2t-link\" target=\"_blank\" aria-label=\"20260415 Ogrody Andersa WYBIERZ MIESZKANIE D\"><img loading=\"lazy\" decoding=\"async\" src=\"https:\/\/www.24zabrze.pl\/wiadomosci\/wp-content\/uploads\/2026\/02\/20260415-Ogrody-Andersa-WYBIERZ-MIESZKANIE-D.jpg\" alt=\"\"  srcset=\"https:\/\/www.24zabrze.pl\/wiadomosci\/wp-content\/uploads\/2026\/02\/20260415-Ogrody-Andersa-WYBIERZ-MIESZKANIE-D.jpg 750w, https:\/\/www.24zabrze.pl\/wiadomosci\/wp-content\/uploads\/2026\/02\/20260415-Ogrody-Andersa-WYBIERZ-MIESZKANIE-D-410x109.jpg 410w\" sizes=\"(max-width: 750px) 100vw, 750px\" class=\"no-lazyload\" width=\"750\" height=\"200\"  style=\"display: inline-block; max-width: 100%; height: auto;\" \/><\/a><\/div><\/div>\n<blockquote class=\"wp-embedded-content\" data-secret=\"9k7UOQs7Q9\"><p><a href=\"https:\/\/www.24zabrze.pl\/wiadomosci\/byl-poszukiwany-kradl-energie-elektryczna-wyszedl-na-korytarz-sprawdzic-dlaczego-nie-ma-pradu\/\">By\u0142 poszukiwany, krad\u0142 energi\u0119 elektryczn\u0105. &#8222;Wyszed\u0142 na korytarz sprawdzi\u0107, dlaczego nie ma pr\u0105du&#8221;<\/a><\/p><\/blockquote>\n<p><iframe loading=\"lazy\" class=\"wp-embedded-content\" sandbox=\"allow-scripts\" security=\"restricted\" style=\"position: absolute; clip: rect(1px, 1px, 1px, 1px);\" title=\"&#8222;By\u0142 poszukiwany, krad\u0142 energi\u0119 elektryczn\u0105. &#8222;Wyszed\u0142 na korytarz sprawdzi\u0107, dlaczego nie ma pr\u0105du&#8221;&#8221; &#8212; 24zabrze.pl - Portal Miejski Zabrze | wiadomo\u015bci\" src=\"https:\/\/www.24zabrze.pl\/wiadomosci\/byl-poszukiwany-kradl-energie-elektryczna-wyszedl-na-korytarz-sprawdzic-dlaczego-nie-ma-pradu\/embed\/#?secret=xEn4dF8Vtv#?secret=9k7UOQs7Q9\" data-secret=\"9k7UOQs7Q9\" width=\"600\" height=\"338\" frameborder=\"0\" marginwidth=\"0\" marginheight=\"0\" scrolling=\"no\"><\/iframe><\/p>\n<p>Najnowszego zatrzymania w czwartek dokonali dzielnicowi z II komisariatu, do kt\u00f3rych dotar\u0142a informacja o mo\u017cliwo\u015bci kradzie\u017cy pr\u0105du w jednym z mieszka\u0144 przy ulicy Pi\u0142sudskiego. Policjanci skontrolowali wskazane mieszkanie, w kt\u00f3rym zastali 42-latka.<\/p>\n<blockquote><p><em>Mundurowi, prowadz\u0105c ogl\u0119dziny ujawnili, \u017ce w domu nie ma licznika energii elektrycznej, a na zabezpieczeniu g\u0142\u00f3wnym przy\u0142\u0105cza pr\u0105du zerwane s\u0105 plomby. Wykonane by\u0142o tak\u017ce prowizoryczne przy\u0142\u0105cze, dzi\u0119ki kt\u00f3remu w mieszkaniu nielegalnie pobierana by\u0142a energia elektryczna<\/em><\/p><\/blockquote>\n<p>&#8211; relacjonuje m\u0142. asp. <strong>Sebastian Bijok,<\/strong> oficer prasowy KMP Zabrze. <\/p>\n<p>&#8211; <em>W trakcie czynno\u015bci okaza\u0142o si\u0119 r\u00f3wnie\u017c, \u017ce 42-latek jest poszukiwany. M\u0119\u017cczyzna zosta\u0142 zatrzymany i przetransportowany do zabrza\u0144skiej komendy. Zgodnie z nakazem s\u0105du 42-latek zosta\u0142 przewieziony do zak\u0142adu karnego w celu odbycia kary 6 miesi\u0119cy pozbawienia wolno\u015bci. Dodatkowo za kradzie\u017c energii elektrycznej grozi mu kara pozbawienia wolno\u015bci do 5 lat<\/em> &#8211; dodaje Bijok. <\/p>\n<p>(\u017cms)\/KMP Zabrze<br \/>\nfot. KMP Zabrze<\/p>\n","protected":false},"excerpt":{"rendered":"<p>Nie jest to pierwszy przypadek kradzie\u017cy pr\u0105du w Zabrzu, ani pierwszy taki, w kt\u00f3rym przest\u0119pstwa dopuszcza si\u0119 osoba poszukiwana przez wymiar sprawiedliwo\u015bci. Tym razem pod\u0142\u0105czenie omijaj\u0105ce licznik wykryto przy ulicy Pi\u0142sudskiego, gdzie w mieszkaniu ukrywa\u0142 si\u0119 42-latek z wyrokiem. Poprzednio m\u0119\u017cczyzna poszukiwany do odbycia kary wpad\u0142 przy ulicy Po\u015bpiecha, kiedy to po od\u0142\u0105czeniu nielegalnego \u017ar\u00f3d\u0142a [&hellip;]<\/p>\n","protected":false},"author":17,"featured_media":108923,"comment_status":"closed","ping_status":"closed","sticky":false,"template":"","format":"standard","meta":{"_monsterinsights_skip_tracking":false,"_monsterinsights_sitenote_active":false,"_monsterinsights_sitenote_note":"","_monsterinsights_sitenote_category":0,"footnotes":"","_links_to":"","_links_to_target":""},"categories":[5,1],"tags":[],"class_list":["post-108917","post","type-post","status-publish","format-standard","has-post-thumbnail","hentry","category-prawo","category-wszystko"],"_links":{"self":[{"href":"https:\/\/www.24zabrze.pl\/wiadomosci\/wp-json\/wp\/v2\/posts\/108917","targetHints":{"allow":["GET"]}}],"collection":[{"href":"https:\/\/www.24zabrze.pl\/wiadomosci\/wp-json\/wp\/v2\/posts"}],"about":[{"href":"https:\/\/www.24zabrze.pl\/wiadomosci\/wp-json\/wp\/v2\/types\/post"}],"author":[{"embeddable":true,"href":"https:\/\/www.24zabrze.pl\/wiadomosci\/wp-json\/wp\/v2\/users\/17"}],"replies":[{"embeddable":true,"href":"https:\/\/www.24zabrze.pl\/wiadomosci\/wp-json\/wp\/v2\/comments?post=108917"}],"version-history":[{"count":0,"href":"https:\/\/www.24zabrze.pl\/wiadomosci\/wp-json\/wp\/v2\/posts\/108917\/revisions"}],"wp:featuredmedia":[{"embeddable":true,"href":"https:\/\/www.24zabrze.pl\/wiadomosci\/wp-json\/wp\/v2\/media\/108923"}],"wp:attachment":[{"href":"https:\/\/www.24zabrze.pl\/wiadomosci\/wp-json\/wp\/v2\/media?parent=108917"}],"wp:term":[{"taxonomy":"category","embeddable":true,"href":"https:\/\/www.24zabrze.pl\/wiadomosci\/wp-json\/wp\/v2\/categories?post=108917"},{"taxonomy":"post_tag","embeddable":true,"href":"https:\/\/www.24zabrze.pl\/wiadomosci\/wp-json\/wp\/v2\/tags?post=108917"}],"curies":[{"name":"wp","href":"https:\/\/api.w.org\/{rel}","templated":true}]}}