{"id":107548,"date":"2024-01-05T17:28:42","date_gmt":"2024-01-05T16:28:42","guid":{"rendered":"https:\/\/www.24zabrze.pl\/wiadomosci\/?p=107548"},"modified":"2024-01-05T17:28:42","modified_gmt":"2024-01-05T16:28:42","slug":"koncerty-atrakcje-dla-dzieci-i-laserowy-pokaz-32-final-wielkiej-orkiestry-swiatecznej-pomocy-w-zabrzu","status":"publish","type":"post","link":"https:\/\/www.24zabrze.pl\/wiadomosci\/koncerty-atrakcje-dla-dzieci-i-laserowy-pokaz-32-final-wielkiej-orkiestry-swiatecznej-pomocy-w-zabrzu\/","title":{"rendered":"Koncerty, atrakcje dla dzieci i laserowy pokaz. 32. fina\u0142 Wielkiej Orkiestry \u015awi\u0105tecznej Pomocy w Zabrzu"},"content":{"rendered":"<div class=\"zabrz-a6-z-nad-leadem-artykulow zabrz-entity-placement\" id=\"zabrz-2117276030\"><div class=\"zabrz-adlabel\"><span style=\"font-size: 9px\">REKLAMA<\/span><\/div><div id=\"zabrz-1678254755\" style=\"margin-bottom: 30px;margin-left: auto;margin-right: auto;text-align: center;\"><a data-no-instant=\"1\" href=\"https:\/\/dom100.eu\/\" rel=\"noopener\" class=\"a2t-link\" target=\"_blank\" aria-label=\"20260415 DOM100 D\"><img loading=\"lazy\" decoding=\"async\" src=\"https:\/\/www.24zabrze.pl\/wiadomosci\/wp-content\/uploads\/2026\/02\/20260415-DOM100-D.jpg\" alt=\"\"  srcset=\"https:\/\/www.24zabrze.pl\/wiadomosci\/wp-content\/uploads\/2026\/02\/20260415-DOM100-D.jpg 750w, https:\/\/www.24zabrze.pl\/wiadomosci\/wp-content\/uploads\/2026\/02\/20260415-DOM100-D-410x109.jpg 410w\" sizes=\"(max-width: 750px) 100vw, 750px\" class=\"no-lazyload\" width=\"750\" height=\"200\"  style=\"display: inline-block; max-width: 100%; height: auto;\" \/><\/a><\/div><\/div><h2>Fina\u0142 Wielkiej Orkiestry \u015awi\u0105tecznej Pomocy odb\u0119dzie si\u0119 w tym roku 28 stycznia. W r\u00f3\u017cnych polskich miastach, w tym w Zabrzu, trwaj\u0105 przygotowania do tego wyj\u0105tkowego wydarzenia. Wiadomo ju\u017c, \u017ce podczas imprezy wyst\u0105pi Ch\u00f3r Resonans con tutti. Kto jeszcze? Dowiemy si\u0119 w miar\u0119 zbli\u017cania si\u0119 terminu fina\u0142u.<\/h2>\n<p>Tym razem Orkiestrze towarzyszy\u0107 b\u0119dzie motto: \u201eTu wszystko gra OK!\u201d, a celem zbi\u00f3rki s\u0105 fundusze na zakup sprz\u0119tu do diagnozowania oraz monitorowania i rehabilitacji chor\u00f3b p\u0142uc pacjent\u00f3w na oddzia\u0142ach pulmonologicznych dla dzieci i doros\u0142ych.<\/p><div class=\"zabrz-a3-z-w-tresci-artykulow zabrz-entity-placement\" id=\"zabrz-2795143176\"><div class=\"zabrz-adlabel\"><span style=\"font-size: 9px\">REKLAMA<\/span><\/div><div id=\"zabrz-3420928820\" style=\"margin-bottom: 40px;margin-left: auto;margin-right: auto;text-align: center;\"><a data-no-instant=\"1\" href=\"https:\/\/ogrodyandersa.pl\/\" rel=\"noopener\" class=\"a2t-link\" target=\"_blank\" aria-label=\"20260415 Ogrody Andersa WYBIERZ MIESZKANIE D\"><img loading=\"lazy\" decoding=\"async\" src=\"https:\/\/www.24zabrze.pl\/wiadomosci\/wp-content\/uploads\/2026\/02\/20260415-Ogrody-Andersa-WYBIERZ-MIESZKANIE-D.jpg\" alt=\"\"  srcset=\"https:\/\/www.24zabrze.pl\/wiadomosci\/wp-content\/uploads\/2026\/02\/20260415-Ogrody-Andersa-WYBIERZ-MIESZKANIE-D.jpg 750w, https:\/\/www.24zabrze.pl\/wiadomosci\/wp-content\/uploads\/2026\/02\/20260415-Ogrody-Andersa-WYBIERZ-MIESZKANIE-D-410x109.jpg 410w\" sizes=\"(max-width: 750px) 100vw, 750px\" class=\"no-lazyload\" width=\"750\" height=\"200\"  style=\"display: inline-block; max-width: 100%; height: auto;\" \/><\/a><\/div><\/div>\n<h4>\u015arodki zebrane w czasie zbi\u00f3rki 28 stycznia zostan\u0105 przekazane na zakup urz\u0105dze\u0144 do diagnostyki obrazowej, diagnostyki czynno\u015bciowej, diagnostyki endoskopowej, rehabilitacji oraz torakochirgurgii.<\/h4>\n<p>Fina\u0142 Wielkiej Orkiestry \u015awi\u0105tecznej Pomocy to jednodniowe wydarzenie, kt\u00f3re jest organizowane od 1993 roku. Poszczeg\u00f3lnym edycjom zbi\u00f3rki towarzysz\u0105 dodatkowe akcje \u2013 w tym mi\u0119dzy innymi koncerty, pokazy artystyczne oraz aukcje internetowe. Nie inaczej b\u0119dzie w naszym mie\u015bcie.<\/p>\n<p><a href=\"https:\/\/www.24zabrze.pl\/wiadomosci\/wp-content\/uploads\/2024\/01\/final-wosp-zabrze.jpg\"><img loading=\"lazy\" decoding=\"async\" src=\"https:\/\/www.24zabrze.pl\/wiadomosci\/wp-content\/uploads\/2024\/01\/final-wosp-zabrze.jpg\" alt=\"\" width=\"810\" height=\"457\" class=\"alignnone size-full wp-image-107552\" srcset=\"https:\/\/www.24zabrze.pl\/wiadomosci\/wp-content\/uploads\/2024\/01\/final-wosp-zabrze.jpg 810w, https:\/\/www.24zabrze.pl\/wiadomosci\/wp-content\/uploads\/2024\/01\/final-wosp-zabrze-410x232.jpg 410w, https:\/\/www.24zabrze.pl\/wiadomosci\/wp-content\/uploads\/2024\/01\/final-wosp-zabrze-806x455.jpg 806w, https:\/\/www.24zabrze.pl\/wiadomosci\/wp-content\/uploads\/2024\/01\/final-wosp-zabrze-768x433.jpg 768w\" sizes=\"auto, (max-width: 810px) 100vw, 810px\" \/><\/a><\/p>\n<p>Zabrza\u0144ski Sztab Wielkiej Orkiestry \u015awi\u0105tecznej Pomocy dzia\u0142aj\u0105cy przy Stowarzyszeniu \u201eWielka Flota Zjednoczonych Si\u0142\u201d serdecznie zaprasza na 32. Fina\u0142 WO\u015aP 28 stycznia, od godziny 12:00 do godziny 22.00, na teren Zabrza\u0144skiego Centrum Handlowego Platan. Najm\u0142odsi mieszka\u0144cy naszego miasta odb\u0119d\u0105 przygod\u0119 pt.: \u201eWO\u015aP dla Dzieci \u2013 Dzieci dla WO\u015aP\u201d. Na uczestnik\u00f3w czeka fantastyczna zabawa, du\u017co emocji oraz niespodzianek. <\/p>\n<h4>W planie<\/h4>\n<ul>\nA. Strefa muzyczna<br \/>\nB. Strefa lokalnego r\u0119kodzie\u0142a<br \/>\nC. Strefa WO\u015aP:<br \/>\n\u2022 Mini sklep z gad\u017cetami 32 Fina\u0142u WO\u015aP<br \/>\n\u2022 Baloniada WO\u015aP \u2013 balony z logo 32 Fina\u0142u WO\u015aP<br \/>\nD. Strefa malucha:<br \/>\nE. Strefa gier wielkoformatowych<br \/>\nF. Strefa Warsztatowa dla ka\u017cdego co\u015b dobrego<br \/>\nG. Mini Park dmucha\u0144c\u00f3w<br \/>\nH. Mali detektywi w akcji &#8211; Pok\u00f3j zagadek<br \/>\nI. Fotobudka 360<br \/>\nJ. Zaczarowany \u015bwiat baniek<br \/>\nK. Wioska wiking\u00f3w<br \/>\nL. Strefa Chill-u WO\u015aP-owego<br \/>\nM. Urodzinowy tort WO\u015aP dla wszystkich go\u015bci<br \/>\nN. \u015awiate\u0142ko do nieba \u2013 laserowy pokaz (Teatr ognia NAM-TARA)<br \/>\nO. Muzyka na \u017cywo &#8211; Koncert Fina\u0142owy<\/ul>\n<div id=\"attachment_92548\" style=\"width: 820px\" class=\"wp-caption alignnone\"><a href=\"https:\/\/www.24zabrze.pl\/wiadomosci\/wp-content\/uploads\/2021\/01\/wosp-teatr-ognia.jpg\"><img loading=\"lazy\" decoding=\"async\" aria-describedby=\"caption-attachment-92548\" src=\"https:\/\/www.24zabrze.pl\/wiadomosci\/wp-content\/uploads\/2021\/01\/wosp-teatr-ognia.jpg\" alt=\"\" width=\"810\" height=\"455\" class=\"size-full wp-image-92548\" srcset=\"https:\/\/www.24zabrze.pl\/wiadomosci\/wp-content\/uploads\/2021\/01\/wosp-teatr-ognia.jpg 810w, https:\/\/www.24zabrze.pl\/wiadomosci\/wp-content\/uploads\/2021\/01\/wosp-teatr-ognia-410x230.jpg 410w, https:\/\/www.24zabrze.pl\/wiadomosci\/wp-content\/uploads\/2021\/01\/wosp-teatr-ognia-768x431.jpg 768w\" sizes=\"auto, (max-width: 810px) 100vw, 810px\" \/><\/a><p id=\"caption-attachment-92548\" class=\"wp-caption-text\">fot. zdj\u0119cie pogl\u0105dowe\/WO\u015aP Zabrze<\/p><\/div>\n<p>Zaplanowano te\u017c VIII Zabrza\u0144ski Bieg Orkiestrowy &#8211; &#8220;Bieg dla WO\u015aP&#8221;, Kt\u00f3ry odb\u0119dzie si\u0119 27 stycznia 2024. Wi\u0119cej informacji w<a href=\"https:\/\/www.facebook.com\/events\/332344642572847\/\" rel=\"noopener\" target=\"_blank\"> wydarzeniu w serwisie facebook.com. <\/a><\/p>\n<p><iframe loading=\"lazy\" src=\"https:\/\/www.facebook.com\/plugins\/post.php?href=https%3A%2F%2Fwww.facebook.com%2FSztabWOSPZabrze%2Fposts%2Fpfbid02RqmGkitBokzJECH3g2SxvVckj4Gek8FqjBfNQDAhVq34mj8nHiAJFGf4zrVAh8Xil&#038;show_text=true&#038;width=500\" width=\"500\" height=\"326\" style=\"border:none;overflow:hidden\" scrolling=\"no\" frameborder=\"0\" allowfullscreen=\"true\" allow=\"autoplay; clipboard-write; encrypted-media; picture-in-picture; web-share\"><\/iframe><\/p>\n<p>Szczeg\u00f3\u0142y b\u0119d\u0105 pojawia\u0107 si\u0119 w <a href=\"https:\/\/www.facebook.com\/events\/347415067841825\/?locale=pl_PL\" rel=\"noopener\" target=\"_blank\"> wydarzeniu<\/a> oraz na stronie Sztabu WO\u015aP Zabrze. W pi\u0105tek organizatorzy zabrza\u0144skiej ods\u0142ony tego wydarzenia poinformowali, \u017ce w cz\u0119\u015bci muzycznej fina\u0142u o godzinie 19:00 wyst\u0105pi Zabrza\u0144ski Ch\u00f3r M\u0142odzie\u017cowy &#8220;Resonans con tutti&#8221; im. N.G. Kroczka. <\/p>\n<p><a href=\"https:\/\/eskarbonka.wosp.org.pl\/nusopisijy?fbclid=IwAR1yAKpt8EkZt-s0j6Mrb7wS7dxibiN1q17CDD0qL9BmQjI7LNsDvxS_4x4\" rel=\"noopener\" target=\"_blank\">Ju\u017c teraz mo\u017cna wesprze\u0107 zbi\u00f3rk\u0119 na WO\u015aP wp\u0142acaj\u0105c do wirtualnej skarbonki Stowarzyszenia Wielka Flota Zjednoczonych Si\u0142. <\/a><\/p>\n<p>(\u017cms)\/UM Zabrze<br \/>\nfot. archiwum Sztab WO\u015aP Zabrze (FB)<\/p>\n","protected":false},"excerpt":{"rendered":"<p>Fina\u0142 Wielkiej Orkiestry \u015awi\u0105tecznej Pomocy odb\u0119dzie si\u0119 w tym roku 28 stycznia. W r\u00f3\u017cnych polskich miastach, w tym w Zabrzu, trwaj\u0105 przygotowania do tego wyj\u0105tkowego wydarzenia. Wiadomo ju\u017c, \u017ce podczas imprezy wyst\u0105pi Ch\u00f3r Resonans con tutti. Kto jeszcze? Dowiemy si\u0119 w miar\u0119 zbli\u017cania si\u0119 terminu fina\u0142u. Tym razem Orkiestrze towarzyszy\u0107 b\u0119dzie motto: \u201eTu wszystko gra [&hellip;]<\/p>\n","protected":false},"author":17,"featured_media":84759,"comment_status":"closed","ping_status":"closed","sticky":false,"template":"","format":"standard","meta":{"_monsterinsights_skip_tracking":false,"_monsterinsights_sitenote_active":false,"_monsterinsights_sitenote_note":"","_monsterinsights_sitenote_category":0,"footnotes":"","_links_to":"","_links_to_target":""},"categories":[11756,9,1],"tags":[],"class_list":["post-107548","post","type-post","status-publish","format-standard","has-post-thumbnail","hentry","category-kultura","category-stronaglowna","category-wszystko"],"_links":{"self":[{"href":"https:\/\/www.24zabrze.pl\/wiadomosci\/wp-json\/wp\/v2\/posts\/107548","targetHints":{"allow":["GET"]}}],"collection":[{"href":"https:\/\/www.24zabrze.pl\/wiadomosci\/wp-json\/wp\/v2\/posts"}],"about":[{"href":"https:\/\/www.24zabrze.pl\/wiadomosci\/wp-json\/wp\/v2\/types\/post"}],"author":[{"embeddable":true,"href":"https:\/\/www.24zabrze.pl\/wiadomosci\/wp-json\/wp\/v2\/users\/17"}],"replies":[{"embeddable":true,"href":"https:\/\/www.24zabrze.pl\/wiadomosci\/wp-json\/wp\/v2\/comments?post=107548"}],"version-history":[{"count":4,"href":"https:\/\/www.24zabrze.pl\/wiadomosci\/wp-json\/wp\/v2\/posts\/107548\/revisions"}],"predecessor-version":[{"id":107554,"href":"https:\/\/www.24zabrze.pl\/wiadomosci\/wp-json\/wp\/v2\/posts\/107548\/revisions\/107554"}],"wp:featuredmedia":[{"embeddable":true,"href":"https:\/\/www.24zabrze.pl\/wiadomosci\/wp-json\/wp\/v2\/media\/84759"}],"wp:attachment":[{"href":"https:\/\/www.24zabrze.pl\/wiadomosci\/wp-json\/wp\/v2\/media?parent=107548"}],"wp:term":[{"taxonomy":"category","embeddable":true,"href":"https:\/\/www.24zabrze.pl\/wiadomosci\/wp-json\/wp\/v2\/categories?post=107548"},{"taxonomy":"post_tag","embeddable":true,"href":"https:\/\/www.24zabrze.pl\/wiadomosci\/wp-json\/wp\/v2\/tags?post=107548"}],"curies":[{"name":"wp","href":"https:\/\/api.w.org\/{rel}","templated":true}]}}