{"id":107530,"date":"2024-01-04T10:48:23","date_gmt":"2024-01-04T09:48:23","guid":{"rendered":"https:\/\/www.24zabrze.pl\/wiadomosci\/?p=107530"},"modified":"2024-01-04T10:50:41","modified_gmt":"2024-01-04T09:50:41","slug":"orszak-trzech-kroli-2024-w-zabrzu-kolorowe-strumienie-wiernych-wyrusza-z-roznych-lokalizacji","status":"publish","type":"post","link":"https:\/\/www.24zabrze.pl\/wiadomosci\/orszak-trzech-kroli-2024-w-zabrzu-kolorowe-strumienie-wiernych-wyrusza-z-roznych-lokalizacji\/","title":{"rendered":"Orszak Trzech Kr\u00f3li 2024 w Zabrzu. Kolorowe strumienie wiernych wyrusz\u0105 z r\u00f3\u017cnych lokalizacji"},"content":{"rendered":"<div class=\"zabrz-a6-z-nad-leadem-artykulow zabrz-entity-placement\" id=\"zabrz-127519636\"><div class=\"zabrz-adlabel\"><span style=\"font-size: 9px\">REKLAMA<\/span><\/div><div id=\"zabrz-4259007729\" style=\"margin-bottom: 30px;margin-left: auto;margin-right: auto;text-align: center;\"><a data-no-instant=\"1\" href=\"https:\/\/dom100.eu\/\" rel=\"noopener\" class=\"a2t-link\" target=\"_blank\" aria-label=\"20260415 DOM100 D\"><img loading=\"lazy\" decoding=\"async\" src=\"https:\/\/www.24zabrze.pl\/wiadomosci\/wp-content\/uploads\/2026\/02\/20260415-DOM100-D.jpg\" alt=\"\"  srcset=\"https:\/\/www.24zabrze.pl\/wiadomosci\/wp-content\/uploads\/2026\/02\/20260415-DOM100-D.jpg 750w, https:\/\/www.24zabrze.pl\/wiadomosci\/wp-content\/uploads\/2026\/02\/20260415-DOM100-D-410x109.jpg 410w\" sizes=\"(max-width: 750px) 100vw, 750px\" class=\"no-lazyload\" width=\"750\" height=\"200\"  style=\"display: inline-block; max-width: 100%; height: auto;\" \/><\/a><\/div><\/div><h2>Orszak Trzech Kr\u00f3li w tym roku odb\u0119dzie si\u0119 w sobot\u0119, 6 stycznia. Wydarzeniu b\u0119dzie towarzyszy\u0142o has\u0142o \u201eW jase\u0142kach le\u017cy!\u201d. Tego dnia kolorowa parada przejdzie tak\u017ce ulicami naszego miasta.<\/h2>\n<p>W Zabrzu Orszak b\u0119dzie podzielony na trzy strumienie, kt\u00f3re wyrusz\u0105 z trzech r\u00f3\u017cnych miejsc, aby po\u0142\u0105czy\u0107 si\u0119 w jedn\u0105 wielobarwn\u0105 grup\u0119 na placu przed ko\u015bcio\u0142em pw. \u015bw. Anny.<\/p><div class=\"zabrz-a3-z-w-tresci-artykulow zabrz-entity-placement\" id=\"zabrz-3445532287\"><div class=\"zabrz-adlabel\"><span style=\"font-size: 9px\">REKLAMA<\/span><\/div><div id=\"zabrz-2128106524\" style=\"margin-bottom: 40px;margin-left: auto;margin-right: auto;text-align: center;\"><a data-no-instant=\"1\" href=\"https:\/\/ogrodyandersa.pl\/\" rel=\"noopener\" class=\"a2t-link\" target=\"_blank\" aria-label=\"20260415 Ogrody Andersa WYBIERZ MIESZKANIE D\"><img loading=\"lazy\" decoding=\"async\" src=\"https:\/\/www.24zabrze.pl\/wiadomosci\/wp-content\/uploads\/2026\/02\/20260415-Ogrody-Andersa-WYBIERZ-MIESZKANIE-D.jpg\" alt=\"\"  srcset=\"https:\/\/www.24zabrze.pl\/wiadomosci\/wp-content\/uploads\/2026\/02\/20260415-Ogrody-Andersa-WYBIERZ-MIESZKANIE-D.jpg 750w, https:\/\/www.24zabrze.pl\/wiadomosci\/wp-content\/uploads\/2026\/02\/20260415-Ogrody-Andersa-WYBIERZ-MIESZKANIE-D-410x109.jpg 410w\" sizes=\"(max-width: 750px) 100vw, 750px\" class=\"no-lazyload\" width=\"750\" height=\"200\"  style=\"display: inline-block; max-width: 100%; height: auto;\" \/><\/a><\/div><\/div>\n<h5>Grupa \u017c\u00f3\u0142ta wyruszy sprzed Hali Pogo\u0144, grupa czerwona \u2013 sprzed ko\u015bcio\u0142a pw. \u015bw. Kamila, a grupa niebieska \u2013 sprzed ko\u015bcio\u0142a pw. \u015bw. J\u00f3zefa. Orszak rozpocznie si\u0119 r\u00f3wnocze\u015bnie o godzinie 14:00 dla wszystkich grup.<\/h5>\n<p>Orszak Trzech Kr\u00f3li to przedstawienie Jase\u0142ek wystawiane w przestrzeni publicznej \u2013 na ulicach wiosek, miast i miasteczek w Polsce oraz zagranic\u0105. Jest to inicjatywa dzia\u0142ania lokalnej wsp\u00f3lnoty. Rodziny, szko\u0142y, nauczyciele, s\u0105siedzi, lokalni w\u0142odarze \u2013 zwykli ludzie tworz\u0105 to niezwyk\u0142e wydarzenie.<\/p>\n<p>Organizatorzy zach\u0119caj\u0105, by uczestnicy Orszaku byli ubrani w kolorowe stroje, w zale\u017cno\u015bci od koloru grupy, do kt\u00f3rej do\u0142\u0105cz\u0105, czy te\u017c posiadali jakie\u015b inne elementy w tym kolorze. Kolorystyka poszczeg\u00f3lnych strumieni symbolizuje Trzech Kr\u00f3li i r\u00f3\u017cne kontynenty. Kolor czerwony to strumie\u0144 europejski, kolor niebieski \u2013 afryka\u0144ski, a kolor \u017c\u00f3\u0142ty \u2013 azjatycki.<\/p>\n<p>(\u017cms)\/UM Zabrze<br \/>\nfot. UM Zabrze<\/p>\n<p><a href=\"https:\/\/www.24zabrze.pl\/wiadomosci\/wp-content\/uploads\/2024\/01\/OTK-plakat-Zabrze-694x1024-1.jpg\"><img loading=\"lazy\" decoding=\"async\" class=\"alignnone  wp-image-107534\" src=\"https:\/\/www.24zabrze.pl\/wiadomosci\/wp-content\/uploads\/2024\/01\/OTK-plakat-Zabrze-694x1024-1.jpg\" alt=\"\" width=\"986\" height=\"1455\" srcset=\"https:\/\/www.24zabrze.pl\/wiadomosci\/wp-content\/uploads\/2024\/01\/OTK-plakat-Zabrze-694x1024-1.jpg 549w, https:\/\/www.24zabrze.pl\/wiadomosci\/wp-content\/uploads\/2024\/01\/OTK-plakat-Zabrze-694x1024-1-157x232.jpg 157w, https:\/\/www.24zabrze.pl\/wiadomosci\/wp-content\/uploads\/2024\/01\/OTK-plakat-Zabrze-694x1024-1-308x455.jpg 308w\" sizes=\"auto, (max-width: 986px) 100vw, 986px\" \/><\/a><\/p>\n","protected":false},"excerpt":{"rendered":"<p>Orszak Trzech Kr\u00f3li w tym roku odb\u0119dzie si\u0119 w sobot\u0119, 6 stycznia. Wydarzeniu b\u0119dzie towarzyszy\u0142o has\u0142o \u201eW jase\u0142kach le\u017cy!\u201d. Tego dnia kolorowa parada przejdzie tak\u017ce ulicami naszego miasta. W Zabrzu Orszak b\u0119dzie podzielony na trzy strumienie, kt\u00f3re wyrusz\u0105 z trzech r\u00f3\u017cnych miejsc, aby po\u0142\u0105czy\u0107 si\u0119 w jedn\u0105 wielobarwn\u0105 grup\u0119 na placu przed ko\u015bcio\u0142em pw. \u015bw. [&hellip;]<\/p>\n","protected":false},"author":17,"featured_media":84693,"comment_status":"closed","ping_status":"closed","sticky":false,"template":"","format":"standard","meta":{"_monsterinsights_skip_tracking":false,"_monsterinsights_sitenote_active":false,"_monsterinsights_sitenote_note":"","_monsterinsights_sitenote_category":0,"footnotes":"","_links_to":"","_links_to_target":""},"categories":[11756,1],"tags":[],"class_list":["post-107530","post","type-post","status-publish","format-standard","has-post-thumbnail","hentry","category-kultura","category-wszystko"],"_links":{"self":[{"href":"https:\/\/www.24zabrze.pl\/wiadomosci\/wp-json\/wp\/v2\/posts\/107530","targetHints":{"allow":["GET"]}}],"collection":[{"href":"https:\/\/www.24zabrze.pl\/wiadomosci\/wp-json\/wp\/v2\/posts"}],"about":[{"href":"https:\/\/www.24zabrze.pl\/wiadomosci\/wp-json\/wp\/v2\/types\/post"}],"author":[{"embeddable":true,"href":"https:\/\/www.24zabrze.pl\/wiadomosci\/wp-json\/wp\/v2\/users\/17"}],"replies":[{"embeddable":true,"href":"https:\/\/www.24zabrze.pl\/wiadomosci\/wp-json\/wp\/v2\/comments?post=107530"}],"version-history":[{"count":5,"href":"https:\/\/www.24zabrze.pl\/wiadomosci\/wp-json\/wp\/v2\/posts\/107530\/revisions"}],"predecessor-version":[{"id":107536,"href":"https:\/\/www.24zabrze.pl\/wiadomosci\/wp-json\/wp\/v2\/posts\/107530\/revisions\/107536"}],"wp:featuredmedia":[{"embeddable":true,"href":"https:\/\/www.24zabrze.pl\/wiadomosci\/wp-json\/wp\/v2\/media\/84693"}],"wp:attachment":[{"href":"https:\/\/www.24zabrze.pl\/wiadomosci\/wp-json\/wp\/v2\/media?parent=107530"}],"wp:term":[{"taxonomy":"category","embeddable":true,"href":"https:\/\/www.24zabrze.pl\/wiadomosci\/wp-json\/wp\/v2\/categories?post=107530"},{"taxonomy":"post_tag","embeddable":true,"href":"https:\/\/www.24zabrze.pl\/wiadomosci\/wp-json\/wp\/v2\/tags?post=107530"}],"curies":[{"name":"wp","href":"https:\/\/api.w.org\/{rel}","templated":true}]}}