{"id":107151,"date":"2023-12-04T12:42:11","date_gmt":"2023-12-04T11:42:11","guid":{"rendered":"https:\/\/www.24zabrze.pl\/wiadomosci\/?p=107151"},"modified":"2023-12-04T12:42:11","modified_gmt":"2023-12-04T11:42:11","slug":"bezplatne-polkolonie-dla-dzieci-mieszkajacych-w-zabrzu-warto-sie-pospieszyc-ruszyly-zapisy","status":"publish","type":"post","link":"https:\/\/www.24zabrze.pl\/wiadomosci\/bezplatne-polkolonie-dla-dzieci-mieszkajacych-w-zabrzu-warto-sie-pospieszyc-ruszyly-zapisy\/","title":{"rendered":"Bezp\u0142atne p\u00f3\u0142kolonie dla dzieci mieszkaj\u0105cych w Zabrzu. Warto si\u0119 pospieszy\u0107 &#8211; ruszy\u0142y zapisy"},"content":{"rendered":"<div class=\"zabrz-a6-z-nad-leadem-artykulow zabrz-entity-placement\" id=\"zabrz-4118105068\"><div class=\"zabrz-adlabel\"><span style=\"font-size: 9px\">REKLAMA<\/span><\/div><div id=\"zabrz-3556834495\" style=\"margin-bottom: 30px;margin-left: auto;margin-right: auto;text-align: center;\"><a data-no-instant=\"1\" href=\"https:\/\/dom100.eu\/\" rel=\"noopener\" class=\"a2t-link\" target=\"_blank\" aria-label=\"20260415 DOM100 D\"><img loading=\"lazy\" decoding=\"async\" src=\"https:\/\/www.24zabrze.pl\/wiadomosci\/wp-content\/uploads\/2026\/02\/20260415-DOM100-D.jpg\" alt=\"\"  srcset=\"https:\/\/www.24zabrze.pl\/wiadomosci\/wp-content\/uploads\/2026\/02\/20260415-DOM100-D.jpg 750w, https:\/\/www.24zabrze.pl\/wiadomosci\/wp-content\/uploads\/2026\/02\/20260415-DOM100-D-410x109.jpg 410w\" sizes=\"(max-width: 750px) 100vw, 750px\" class=\"no-lazyload\" width=\"750\" height=\"200\"  style=\"display: inline-block; max-width: 100%; height: auto;\" \/><\/a><\/div><\/div><h2>Ferie zimowe w mie\u015bcie te\u017c mog\u0105 by\u0107 ciekawe i pe\u0142ne przyg\u00f3d. Udowodni to Centrum Rozwoju Rodziny w Zabrzu, kt\u00f3re zaprasza dzieci z naszego miasta do udzia\u0142u w p\u00f3\u0142koloniach. Instytucja przygotowa\u0142a dwa turnusy pn. \u201eZdobywamy swoje szczyty\u201d.<\/h2>\n<p>Nab\u00f3r uczestnik\u00f3w rozpocz\u0105\u0142 si\u0119 w poniedzia\u0142ek, 4 grudnia, i trwa do pi\u0105tku, 8 grudnia.<br \/>\nW p\u00f3\u0142koloniach mog\u0105 wzi\u0105\u0107 udzia\u0142 dzieci ucz\u0119szczaj\u0105ce do I-V klasy szko\u0142y podstawowej w Zabrzu i s\u0105 zameldowane na terenie Miasta Zabrze. Nab\u00f3r na oba turnusy projektu prowadzony jest w Centrum Rozwoju Rodziny w godzinach 7:30-15:30 oraz drog\u0105 mailow\u0105 na adres: <a href=\"mailto:zapisy@crr.miastozabrze.pl\" target=\"_blank\" rel=\"noopener\">zapisy@crr.miastozabrze.pl<\/a>.<\/p><div class=\"zabrz-a3-z-w-tresci-artykulow zabrz-entity-placement\" id=\"zabrz-1719179776\"><div class=\"zabrz-adlabel\"><span style=\"font-size: 9px\">REKLAMA<\/span><\/div><div id=\"zabrz-654650986\" style=\"margin-bottom: 40px;margin-left: auto;margin-right: auto;text-align: center;\"><a data-no-instant=\"1\" href=\"https:\/\/ogrodyandersa.pl\/\" rel=\"noopener\" class=\"a2t-link\" target=\"_blank\" aria-label=\"20260415 Ogrody Andersa WYBIERZ MIESZKANIE D\"><img loading=\"lazy\" decoding=\"async\" src=\"https:\/\/www.24zabrze.pl\/wiadomosci\/wp-content\/uploads\/2026\/02\/20260415-Ogrody-Andersa-WYBIERZ-MIESZKANIE-D.jpg\" alt=\"\"  srcset=\"https:\/\/www.24zabrze.pl\/wiadomosci\/wp-content\/uploads\/2026\/02\/20260415-Ogrody-Andersa-WYBIERZ-MIESZKANIE-D.jpg 750w, https:\/\/www.24zabrze.pl\/wiadomosci\/wp-content\/uploads\/2026\/02\/20260415-Ogrody-Andersa-WYBIERZ-MIESZKANIE-D-410x109.jpg 410w\" sizes=\"(max-width: 750px) 100vw, 750px\" class=\"no-lazyload\" width=\"750\" height=\"200\"  style=\"display: inline-block; max-width: 100%; height: auto;\" \/><\/a><\/div><\/div>\n<h4>Uczestnictwo w zaj\u0119ciach \u201eZdobywamy swoje szczyty\u201d jest bezp\u0142atne.<\/h4>\n<p>G\u0142\u00f3wnym miejscem realizacji projektu b\u0119dzie budynek by\u0142ego kina \u201eEnergetyk\u201d przy ul. Wolno\u015bci 416, ale dzieci w trakcie p\u00f3\u0142kolonii b\u0119d\u0105 przemieszcza\u0142y si\u0119 do r\u00f3\u017cnych miejsc na terenie Zabrza, zgodnie z harmonogramem ka\u017cdej grupy.<\/p>\n<p>W obu turnusach we\u017amie udzia\u0142 80 uczestnik\u00f3w. Dzieci b\u0119d\u0105 sp\u0119dza\u0142y czas w ciekawych miejscach w Zabrzu. Istot\u0105 przedsi\u0119wzi\u0119cia jest przedstawienie najm\u0142odszym mieszka\u0144com Zabrza jako ciekawego miejsca, w kt\u00f3rym mo\u017cna rozwija\u0107 swoje zainteresowania i pasje.<\/p>\n<h4>Regulamin naboru, dok\u0142adne zasady, warunki i tryb rekrutacji, a tak\u017ce wymagane dokumenty znajd\u0105 Pa\u0144stwo na stronie <a href=\"https:\/\/crr.miastozabrze.pl\/\" rel=\"noopener\" target=\"_blank\">Centrum Rozwoju Rodziny w Zabrzu.<\/a><\/h4>\n<p>Przedsi\u0119wzi\u0119cie pn. \u201e Zdobywamy swoje szczyty\u201d odbywa si\u0119 w ramach projektu \u201eMiasto Przestrzeni\u0105 Rozwoju\u201d ze \u015brodk\u00f3w Norweskiego Mechanizmu Finansowego na lata 2014-2021.<\/p>\n<p>(\u017cms)\/UM Zabrze<br \/>\nfot. px<\/p>\n<p><a href=\"https:\/\/www.24zabrze.pl\/wiadomosci\/wp-content\/uploads\/2023\/12\/bezplatne-polkolonie-Plakat-Ferie.jpg\"><img loading=\"lazy\" decoding=\"async\" class=\"alignnone  wp-image-107153\" src=\"https:\/\/www.24zabrze.pl\/wiadomosci\/wp-content\/uploads\/2023\/12\/bezplatne-polkolonie-Plakat-Ferie.jpg\" alt=\"\" width=\"1115\" height=\"1576\" srcset=\"https:\/\/www.24zabrze.pl\/wiadomosci\/wp-content\/uploads\/2023\/12\/bezplatne-polkolonie-Plakat-Ferie.jpg 573w, https:\/\/www.24zabrze.pl\/wiadomosci\/wp-content\/uploads\/2023\/12\/bezplatne-polkolonie-Plakat-Ferie-164x232.jpg 164w, https:\/\/www.24zabrze.pl\/wiadomosci\/wp-content\/uploads\/2023\/12\/bezplatne-polkolonie-Plakat-Ferie-322x455.jpg 322w\" sizes=\"auto, (max-width: 1115px) 100vw, 1115px\" \/><\/a><\/p>\n","protected":false},"excerpt":{"rendered":"<p>Ferie zimowe w mie\u015bcie te\u017c mog\u0105 by\u0107 ciekawe i pe\u0142ne przyg\u00f3d. Udowodni to Centrum Rozwoju Rodziny w Zabrzu, kt\u00f3re zaprasza dzieci z naszego miasta do udzia\u0142u w p\u00f3\u0142koloniach. Instytucja przygotowa\u0142a dwa turnusy pn. \u201eZdobywamy swoje szczyty\u201d. Nab\u00f3r uczestnik\u00f3w rozpocz\u0105\u0142 si\u0119 w poniedzia\u0142ek, 4 grudnia, i trwa do pi\u0105tku, 8 grudnia. W p\u00f3\u0142koloniach mog\u0105 wzi\u0105\u0107 udzia\u0142 [&hellip;]<\/p>\n","protected":false},"author":17,"featured_media":107154,"comment_status":"closed","ping_status":"closed","sticky":false,"template":"","format":"standard","meta":{"_monsterinsights_skip_tracking":false,"_monsterinsights_sitenote_active":false,"_monsterinsights_sitenote_note":"","_monsterinsights_sitenote_category":0,"footnotes":"","_links_to":"","_links_to_target":""},"categories":[11756,9,1],"tags":[],"class_list":["post-107151","post","type-post","status-publish","format-standard","has-post-thumbnail","hentry","category-kultura","category-stronaglowna","category-wszystko"],"_links":{"self":[{"href":"https:\/\/www.24zabrze.pl\/wiadomosci\/wp-json\/wp\/v2\/posts\/107151","targetHints":{"allow":["GET"]}}],"collection":[{"href":"https:\/\/www.24zabrze.pl\/wiadomosci\/wp-json\/wp\/v2\/posts"}],"about":[{"href":"https:\/\/www.24zabrze.pl\/wiadomosci\/wp-json\/wp\/v2\/types\/post"}],"author":[{"embeddable":true,"href":"https:\/\/www.24zabrze.pl\/wiadomosci\/wp-json\/wp\/v2\/users\/17"}],"replies":[{"embeddable":true,"href":"https:\/\/www.24zabrze.pl\/wiadomosci\/wp-json\/wp\/v2\/comments?post=107151"}],"version-history":[{"count":0,"href":"https:\/\/www.24zabrze.pl\/wiadomosci\/wp-json\/wp\/v2\/posts\/107151\/revisions"}],"wp:featuredmedia":[{"embeddable":true,"href":"https:\/\/www.24zabrze.pl\/wiadomosci\/wp-json\/wp\/v2\/media\/107154"}],"wp:attachment":[{"href":"https:\/\/www.24zabrze.pl\/wiadomosci\/wp-json\/wp\/v2\/media?parent=107151"}],"wp:term":[{"taxonomy":"category","embeddable":true,"href":"https:\/\/www.24zabrze.pl\/wiadomosci\/wp-json\/wp\/v2\/categories?post=107151"},{"taxonomy":"post_tag","embeddable":true,"href":"https:\/\/www.24zabrze.pl\/wiadomosci\/wp-json\/wp\/v2\/tags?post=107151"}],"curies":[{"name":"wp","href":"https:\/\/api.w.org\/{rel}","templated":true}]}}