{"id":105327,"date":"2023-08-07T16:19:16","date_gmt":"2023-08-07T14:19:16","guid":{"rendered":"https:\/\/www.24zabrze.pl\/wiadomosci\/?p=105327"},"modified":"2023-08-07T16:19:16","modified_gmt":"2023-08-07T14:19:16","slug":"trzeci-koncert-w-ramach-festivalu-carnall-juz-za-nami-na-scenie-orkiestra-mgw-mikromusic-oraz-karas-rogucki-foto","status":"publish","type":"post","link":"https:\/\/www.24zabrze.pl\/wiadomosci\/trzeci-koncert-w-ramach-festivalu-carnall-juz-za-nami-na-scenie-orkiestra-mgw-mikromusic-oraz-karas-rogucki-foto\/","title":{"rendered":"Trzeci koncert w ramach Festivalu Carnall ju\u017c za nami. Na scenie Orkiestra MGW, Mikromusic oraz Kara\u015b\/Rogucki (foto)"},"content":{"rendered":"<div class=\"zabrz-a6-z-nad-leadem-artykulow zabrz-entity-placement\" id=\"zabrz-709764124\"><div class=\"zabrz-adlabel\"><span style=\"font-size: 9px\">REKLAMA<\/span><\/div><div id=\"zabrz-4052032158\" style=\"margin-bottom: 30px;margin-left: auto;margin-right: auto;text-align: center;\"><a data-no-instant=\"1\" href=\"https:\/\/dom100.eu\/\" rel=\"noopener\" class=\"a2t-link\" target=\"_blank\" aria-label=\"20260415 DOM100 D\"><img loading=\"lazy\" decoding=\"async\" src=\"https:\/\/www.24zabrze.pl\/wiadomosci\/wp-content\/uploads\/2026\/02\/20260415-DOM100-D.jpg\" alt=\"\"  srcset=\"https:\/\/www.24zabrze.pl\/wiadomosci\/wp-content\/uploads\/2026\/02\/20260415-DOM100-D.jpg 750w, https:\/\/www.24zabrze.pl\/wiadomosci\/wp-content\/uploads\/2026\/02\/20260415-DOM100-D-410x109.jpg 410w\" sizes=\"(max-width: 750px) 100vw, 750px\" class=\"no-lazyload\" width=\"750\" height=\"200\"  style=\"display: inline-block; max-width: 100%; height: auto;\" \/><\/a><\/div><\/div><h2>W zrewitalizowanej strefie Carnall Sztolni Kr\u00f3lowa Luiza, odby\u0142 si\u0119 trzeci koncert w ramach tegorocznego Carnall Festivalu. Tym razem t\u0142umnie zgromadzona publiczno\u015b\u0107 mia\u0142a okazj\u0119 podziwia\u0107 na scenie Orkiestr\u0119 Muzeum G\u00f3rnictwa W\u0119glowego w Zabrzu, zesp\u00f3\u0142 Mikromusic i oraz duet Kara\u015b\/Rogucki.<\/h2>\n<p><a href=\"https:\/\/www.24zabrze.pl\/wiadomosci\/wp-content\/uploads\/2023\/08\/Carnall-Festival-2023-KARAS-ROGUCKI-MIKROMIUSIK-fot.-Pawel-JaNic-Janicki-002-scaled-1.jpg\"><img loading=\"lazy\" decoding=\"async\" src=\"https:\/\/www.24zabrze.pl\/wiadomosci\/wp-content\/uploads\/2023\/08\/Carnall-Festival-2023-KARAS-ROGUCKI-MIKROMIUSIK-fot.-Pawel-JaNic-Janicki-002-scaled-1.jpg\" alt=\"\" width=\"810\" height=\"540\" class=\"alignnone size-full wp-image-105328\" srcset=\"https:\/\/www.24zabrze.pl\/wiadomosci\/wp-content\/uploads\/2023\/08\/Carnall-Festival-2023-KARAS-ROGUCKI-MIKROMIUSIK-fot.-Pawel-JaNic-Janicki-002-scaled-1.jpg 810w, https:\/\/www.24zabrze.pl\/wiadomosci\/wp-content\/uploads\/2023\/08\/Carnall-Festival-2023-KARAS-ROGUCKI-MIKROMIUSIK-fot.-Pawel-JaNic-Janicki-002-scaled-1-348x232.jpg 348w, https:\/\/www.24zabrze.pl\/wiadomosci\/wp-content\/uploads\/2023\/08\/Carnall-Festival-2023-KARAS-ROGUCKI-MIKROMIUSIK-fot.-Pawel-JaNic-Janicki-002-scaled-1-683x455.jpg 683w, https:\/\/www.24zabrze.pl\/wiadomosci\/wp-content\/uploads\/2023\/08\/Carnall-Festival-2023-KARAS-ROGUCKI-MIKROMIUSIK-fot.-Pawel-JaNic-Janicki-002-scaled-1-768x512.jpg 768w\" sizes=\"auto, (max-width: 810px) 100vw, 810px\" \/><\/a><\/p>\n<p><a href=\"https:\/\/www.24zabrze.pl\/wiadomosci\/wp-content\/uploads\/2023\/08\/Carnall-Festival-2023-KARAS-ROGUCKI-MIKROMIUSIK-fot.-Pawel-JaNic-Janicki-036-scaled-1.jpg\"><img loading=\"lazy\" decoding=\"async\" src=\"https:\/\/www.24zabrze.pl\/wiadomosci\/wp-content\/uploads\/2023\/08\/Carnall-Festival-2023-KARAS-ROGUCKI-MIKROMIUSIK-fot.-Pawel-JaNic-Janicki-036-scaled-1.jpg\" alt=\"\" width=\"810\" height=\"540\" class=\"alignnone size-full wp-image-105329\" srcset=\"https:\/\/www.24zabrze.pl\/wiadomosci\/wp-content\/uploads\/2023\/08\/Carnall-Festival-2023-KARAS-ROGUCKI-MIKROMIUSIK-fot.-Pawel-JaNic-Janicki-036-scaled-1.jpg 810w, https:\/\/www.24zabrze.pl\/wiadomosci\/wp-content\/uploads\/2023\/08\/Carnall-Festival-2023-KARAS-ROGUCKI-MIKROMIUSIK-fot.-Pawel-JaNic-Janicki-036-scaled-1-348x232.jpg 348w, https:\/\/www.24zabrze.pl\/wiadomosci\/wp-content\/uploads\/2023\/08\/Carnall-Festival-2023-KARAS-ROGUCKI-MIKROMIUSIK-fot.-Pawel-JaNic-Janicki-036-scaled-1-683x455.jpg 683w, https:\/\/www.24zabrze.pl\/wiadomosci\/wp-content\/uploads\/2023\/08\/Carnall-Festival-2023-KARAS-ROGUCKI-MIKROMIUSIK-fot.-Pawel-JaNic-Janicki-036-scaled-1-768x512.jpg 768w\" sizes=\"auto, (max-width: 810px) 100vw, 810px\" \/><\/a><\/p>\n<p><a href=\"https:\/\/www.24zabrze.pl\/wiadomosci\/wp-content\/uploads\/2023\/08\/Carnall-Festival-2023-KARAS-ROGUCKI-MIKROMIUSIK-fot.-Pawel-JaNic-Janicki-048-scaled-1.jpg\"><img loading=\"lazy\" decoding=\"async\" src=\"https:\/\/www.24zabrze.pl\/wiadomosci\/wp-content\/uploads\/2023\/08\/Carnall-Festival-2023-KARAS-ROGUCKI-MIKROMIUSIK-fot.-Pawel-JaNic-Janicki-048-scaled-1.jpg\" alt=\"\" width=\"810\" height=\"540\" class=\"alignnone size-full wp-image-105330\" srcset=\"https:\/\/www.24zabrze.pl\/wiadomosci\/wp-content\/uploads\/2023\/08\/Carnall-Festival-2023-KARAS-ROGUCKI-MIKROMIUSIK-fot.-Pawel-JaNic-Janicki-048-scaled-1.jpg 810w, https:\/\/www.24zabrze.pl\/wiadomosci\/wp-content\/uploads\/2023\/08\/Carnall-Festival-2023-KARAS-ROGUCKI-MIKROMIUSIK-fot.-Pawel-JaNic-Janicki-048-scaled-1-348x232.jpg 348w, https:\/\/www.24zabrze.pl\/wiadomosci\/wp-content\/uploads\/2023\/08\/Carnall-Festival-2023-KARAS-ROGUCKI-MIKROMIUSIK-fot.-Pawel-JaNic-Janicki-048-scaled-1-683x455.jpg 683w, https:\/\/www.24zabrze.pl\/wiadomosci\/wp-content\/uploads\/2023\/08\/Carnall-Festival-2023-KARAS-ROGUCKI-MIKROMIUSIK-fot.-Pawel-JaNic-Janicki-048-scaled-1-768x512.jpg 768w\" sizes=\"auto, (max-width: 810px) 100vw, 810px\" \/><\/a><\/p>\n<p>Pogoda w niedzielne popo\u0142udnie nie sprzyja\u0142a aktywno\u015bci na zewn\u0105trz, jednak publiczno\u015b\u0107 dopisa\u0142a. Opr\u00f3cz koncert\u00f3w, na uczestnik\u00f3w imprezy czeka\u0142a tak\u017ce strefa gastro \u2013 Pub Zmi\u0119kczalnia, obowi\u0105zkowy punkt na turystyczno-gastronomicznej mapie \u015al\u0105ska, serwuj\u0105ce jedyne takie, regionalne piwo, czorne pierogi i \u015bl\u0105sko nutella.<\/p><div class=\"zabrz-a3-z-w-tresci-artykulow zabrz-entity-placement\" id=\"zabrz-1875663126\"><div class=\"zabrz-adlabel\"><span style=\"font-size: 9px\">REKLAMA<\/span><\/div><div id=\"zabrz-1155854415\" style=\"margin-bottom: 40px;margin-left: auto;margin-right: auto;text-align: center;\"><a data-no-instant=\"1\" href=\"https:\/\/ogrodyandersa.pl\/\" rel=\"noopener\" class=\"a2t-link\" target=\"_blank\" aria-label=\"20260415 Ogrody Andersa WYBIERZ MIESZKANIE D\"><img loading=\"lazy\" decoding=\"async\" src=\"https:\/\/www.24zabrze.pl\/wiadomosci\/wp-content\/uploads\/2026\/02\/20260415-Ogrody-Andersa-WYBIERZ-MIESZKANIE-D.jpg\" alt=\"\"  srcset=\"https:\/\/www.24zabrze.pl\/wiadomosci\/wp-content\/uploads\/2026\/02\/20260415-Ogrody-Andersa-WYBIERZ-MIESZKANIE-D.jpg 750w, https:\/\/www.24zabrze.pl\/wiadomosci\/wp-content\/uploads\/2026\/02\/20260415-Ogrody-Andersa-WYBIERZ-MIESZKANIE-D-410x109.jpg 410w\" sizes=\"(max-width: 750px) 100vw, 750px\" class=\"no-lazyload\" width=\"750\" height=\"200\"  style=\"display: inline-block; max-width: 100%; height: auto;\" \/><\/a><\/div><\/div>\n<p><a href=\"https:\/\/www.24zabrze.pl\/wiadomosci\/wp-content\/uploads\/2023\/08\/Carnall-Festival-2023-KARAS-ROGUCKI-MIKROMIUSIK-fot.-Pawel-JaNic-Janicki-120-scaled-1.jpg\"><img loading=\"lazy\" decoding=\"async\" src=\"https:\/\/www.24zabrze.pl\/wiadomosci\/wp-content\/uploads\/2023\/08\/Carnall-Festival-2023-KARAS-ROGUCKI-MIKROMIUSIK-fot.-Pawel-JaNic-Janicki-120-scaled-1.jpg\" alt=\"\" width=\"810\" height=\"540\" class=\"alignnone size-full wp-image-105331\" srcset=\"https:\/\/www.24zabrze.pl\/wiadomosci\/wp-content\/uploads\/2023\/08\/Carnall-Festival-2023-KARAS-ROGUCKI-MIKROMIUSIK-fot.-Pawel-JaNic-Janicki-120-scaled-1.jpg 810w, https:\/\/www.24zabrze.pl\/wiadomosci\/wp-content\/uploads\/2023\/08\/Carnall-Festival-2023-KARAS-ROGUCKI-MIKROMIUSIK-fot.-Pawel-JaNic-Janicki-120-scaled-1-348x232.jpg 348w, https:\/\/www.24zabrze.pl\/wiadomosci\/wp-content\/uploads\/2023\/08\/Carnall-Festival-2023-KARAS-ROGUCKI-MIKROMIUSIK-fot.-Pawel-JaNic-Janicki-120-scaled-1-683x455.jpg 683w, https:\/\/www.24zabrze.pl\/wiadomosci\/wp-content\/uploads\/2023\/08\/Carnall-Festival-2023-KARAS-ROGUCKI-MIKROMIUSIK-fot.-Pawel-JaNic-Janicki-120-scaled-1-768x512.jpg 768w\" sizes=\"auto, (max-width: 810px) 100vw, 810px\" \/><\/a><\/p>\n<p><a href=\"https:\/\/www.24zabrze.pl\/wiadomosci\/wp-content\/uploads\/2023\/08\/Carnall-Festival-2023-KARAS-ROGUCKI-MIKROMIUSIK-fot.-Pawel-JaNic-Janicki-138-scaled-1.jpg\"><img loading=\"lazy\" decoding=\"async\" src=\"https:\/\/www.24zabrze.pl\/wiadomosci\/wp-content\/uploads\/2023\/08\/Carnall-Festival-2023-KARAS-ROGUCKI-MIKROMIUSIK-fot.-Pawel-JaNic-Janicki-138-scaled-1.jpg\" alt=\"\" width=\"810\" height=\"540\" class=\"alignnone size-full wp-image-105332\" srcset=\"https:\/\/www.24zabrze.pl\/wiadomosci\/wp-content\/uploads\/2023\/08\/Carnall-Festival-2023-KARAS-ROGUCKI-MIKROMIUSIK-fot.-Pawel-JaNic-Janicki-138-scaled-1.jpg 810w, https:\/\/www.24zabrze.pl\/wiadomosci\/wp-content\/uploads\/2023\/08\/Carnall-Festival-2023-KARAS-ROGUCKI-MIKROMIUSIK-fot.-Pawel-JaNic-Janicki-138-scaled-1-348x232.jpg 348w, https:\/\/www.24zabrze.pl\/wiadomosci\/wp-content\/uploads\/2023\/08\/Carnall-Festival-2023-KARAS-ROGUCKI-MIKROMIUSIK-fot.-Pawel-JaNic-Janicki-138-scaled-1-683x455.jpg 683w, https:\/\/www.24zabrze.pl\/wiadomosci\/wp-content\/uploads\/2023\/08\/Carnall-Festival-2023-KARAS-ROGUCKI-MIKROMIUSIK-fot.-Pawel-JaNic-Janicki-138-scaled-1-768x512.jpg 768w\" sizes=\"auto, (max-width: 810px) 100vw, 810px\" \/><\/a><\/p>\n<p><a href=\"https:\/\/www.24zabrze.pl\/wiadomosci\/wp-content\/uploads\/2023\/08\/Carnall-Festival-2023-KARAS-ROGUCKI-MIKROMIUSIK-fot.-Pawel-JaNic-Janicki-171-scaled-1.jpg\"><img loading=\"lazy\" decoding=\"async\" src=\"https:\/\/www.24zabrze.pl\/wiadomosci\/wp-content\/uploads\/2023\/08\/Carnall-Festival-2023-KARAS-ROGUCKI-MIKROMIUSIK-fot.-Pawel-JaNic-Janicki-171-scaled-1.jpg\" alt=\"\" width=\"810\" height=\"540\" class=\"alignnone size-full wp-image-105333\" srcset=\"https:\/\/www.24zabrze.pl\/wiadomosci\/wp-content\/uploads\/2023\/08\/Carnall-Festival-2023-KARAS-ROGUCKI-MIKROMIUSIK-fot.-Pawel-JaNic-Janicki-171-scaled-1.jpg 810w, https:\/\/www.24zabrze.pl\/wiadomosci\/wp-content\/uploads\/2023\/08\/Carnall-Festival-2023-KARAS-ROGUCKI-MIKROMIUSIK-fot.-Pawel-JaNic-Janicki-171-scaled-1-348x232.jpg 348w, https:\/\/www.24zabrze.pl\/wiadomosci\/wp-content\/uploads\/2023\/08\/Carnall-Festival-2023-KARAS-ROGUCKI-MIKROMIUSIK-fot.-Pawel-JaNic-Janicki-171-scaled-1-683x455.jpg 683w, https:\/\/www.24zabrze.pl\/wiadomosci\/wp-content\/uploads\/2023\/08\/Carnall-Festival-2023-KARAS-ROGUCKI-MIKROMIUSIK-fot.-Pawel-JaNic-Janicki-171-scaled-1-768x512.jpg 768w\" sizes=\"auto, (max-width: 810px) 100vw, 810px\" \/><\/a><\/p>\n<p>Ostatnia ods\u0142ona Carnall Festivalu odb\u0119dzie si\u0119 27 sierpnia. Na scenie zobaczymy Orkiestr\u0119 Muzeum G\u00f3rnictwa W\u0119glowego w Zabrzu, polskiego muzyka, graj\u0105cego muzyk\u0119 z pogranicza indie rocka, post-punk revival i poezji \u015bpiewanej \u2013 WalusiaKraks\u0119Kryzysa oraz Brodk\u0119!<\/p>\n<p>(\u017cms)\/UM Zabrze<br \/>\nfot. UM Zabrze\/Pawe\u0142 JaNic Janicki<\/p>\n<p><a href=\"https:\/\/www.24zabrze.pl\/wiadomosci\/wp-content\/uploads\/2023\/08\/Carnall-Festival-2023-KARAS-ROGUCKI-MIKROMIUSIK-fot.-Pawel-JaNic-Janicki-208-scaled-1.jpg\"><img loading=\"lazy\" decoding=\"async\" src=\"https:\/\/www.24zabrze.pl\/wiadomosci\/wp-content\/uploads\/2023\/08\/Carnall-Festival-2023-KARAS-ROGUCKI-MIKROMIUSIK-fot.-Pawel-JaNic-Janicki-208-scaled-1.jpg\" alt=\"\" width=\"810\" height=\"540\" class=\"alignnone size-full wp-image-105335\" srcset=\"https:\/\/www.24zabrze.pl\/wiadomosci\/wp-content\/uploads\/2023\/08\/Carnall-Festival-2023-KARAS-ROGUCKI-MIKROMIUSIK-fot.-Pawel-JaNic-Janicki-208-scaled-1.jpg 810w, https:\/\/www.24zabrze.pl\/wiadomosci\/wp-content\/uploads\/2023\/08\/Carnall-Festival-2023-KARAS-ROGUCKI-MIKROMIUSIK-fot.-Pawel-JaNic-Janicki-208-scaled-1-348x232.jpg 348w, https:\/\/www.24zabrze.pl\/wiadomosci\/wp-content\/uploads\/2023\/08\/Carnall-Festival-2023-KARAS-ROGUCKI-MIKROMIUSIK-fot.-Pawel-JaNic-Janicki-208-scaled-1-683x455.jpg 683w, https:\/\/www.24zabrze.pl\/wiadomosci\/wp-content\/uploads\/2023\/08\/Carnall-Festival-2023-KARAS-ROGUCKI-MIKROMIUSIK-fot.-Pawel-JaNic-Janicki-208-scaled-1-768x512.jpg 768w\" sizes=\"auto, (max-width: 810px) 100vw, 810px\" \/><\/a><\/p>\n<p><a href=\"https:\/\/www.24zabrze.pl\/wiadomosci\/wp-content\/uploads\/2023\/08\/Carnall-Festival-2023-KARAS-ROGUCKI-MIKROMIUSIK-fot.-Pawel-JaNic-Janicki-237-scaled-1.jpg\"><img loading=\"lazy\" decoding=\"async\" src=\"https:\/\/www.24zabrze.pl\/wiadomosci\/wp-content\/uploads\/2023\/08\/Carnall-Festival-2023-KARAS-ROGUCKI-MIKROMIUSIK-fot.-Pawel-JaNic-Janicki-237-scaled-1.jpg\" alt=\"\" width=\"810\" height=\"540\" class=\"alignnone size-full wp-image-105336\" srcset=\"https:\/\/www.24zabrze.pl\/wiadomosci\/wp-content\/uploads\/2023\/08\/Carnall-Festival-2023-KARAS-ROGUCKI-MIKROMIUSIK-fot.-Pawel-JaNic-Janicki-237-scaled-1.jpg 810w, https:\/\/www.24zabrze.pl\/wiadomosci\/wp-content\/uploads\/2023\/08\/Carnall-Festival-2023-KARAS-ROGUCKI-MIKROMIUSIK-fot.-Pawel-JaNic-Janicki-237-scaled-1-348x232.jpg 348w, https:\/\/www.24zabrze.pl\/wiadomosci\/wp-content\/uploads\/2023\/08\/Carnall-Festival-2023-KARAS-ROGUCKI-MIKROMIUSIK-fot.-Pawel-JaNic-Janicki-237-scaled-1-683x455.jpg 683w, https:\/\/www.24zabrze.pl\/wiadomosci\/wp-content\/uploads\/2023\/08\/Carnall-Festival-2023-KARAS-ROGUCKI-MIKROMIUSIK-fot.-Pawel-JaNic-Janicki-237-scaled-1-768x512.jpg 768w\" sizes=\"auto, (max-width: 810px) 100vw, 810px\" \/><\/a><\/p>\n","protected":false},"excerpt":{"rendered":"<p>W zrewitalizowanej strefie Carnall Sztolni Kr\u00f3lowa Luiza, odby\u0142 si\u0119 trzeci koncert w ramach tegorocznego Carnall Festivalu. Tym razem t\u0142umnie zgromadzona publiczno\u015b\u0107 mia\u0142a okazj\u0119 podziwia\u0107 na scenie Orkiestr\u0119 Muzeum G\u00f3rnictwa W\u0119glowego w Zabrzu, zesp\u00f3\u0142 Mikromusic i oraz duet Kara\u015b\/Rogucki. Pogoda w niedzielne popo\u0142udnie nie sprzyja\u0142a aktywno\u015bci na zewn\u0105trz, jednak publiczno\u015b\u0107 dopisa\u0142a. Opr\u00f3cz koncert\u00f3w, na uczestnik\u00f3w imprezy [&hellip;]<\/p>\n","protected":false},"author":17,"featured_media":105334,"comment_status":"closed","ping_status":"closed","sticky":false,"template":"","format":"standard","meta":{"_monsterinsights_skip_tracking":false,"_monsterinsights_sitenote_active":false,"_monsterinsights_sitenote_note":"","_monsterinsights_sitenote_category":0,"footnotes":"","_links_to":"","_links_to_target":""},"categories":[9,1],"tags":[],"class_list":["post-105327","post","type-post","status-publish","format-standard","has-post-thumbnail","hentry","category-stronaglowna","category-wszystko"],"_links":{"self":[{"href":"https:\/\/www.24zabrze.pl\/wiadomosci\/wp-json\/wp\/v2\/posts\/105327","targetHints":{"allow":["GET"]}}],"collection":[{"href":"https:\/\/www.24zabrze.pl\/wiadomosci\/wp-json\/wp\/v2\/posts"}],"about":[{"href":"https:\/\/www.24zabrze.pl\/wiadomosci\/wp-json\/wp\/v2\/types\/post"}],"author":[{"embeddable":true,"href":"https:\/\/www.24zabrze.pl\/wiadomosci\/wp-json\/wp\/v2\/users\/17"}],"replies":[{"embeddable":true,"href":"https:\/\/www.24zabrze.pl\/wiadomosci\/wp-json\/wp\/v2\/comments?post=105327"}],"version-history":[{"count":0,"href":"https:\/\/www.24zabrze.pl\/wiadomosci\/wp-json\/wp\/v2\/posts\/105327\/revisions"}],"wp:featuredmedia":[{"embeddable":true,"href":"https:\/\/www.24zabrze.pl\/wiadomosci\/wp-json\/wp\/v2\/media\/105334"}],"wp:attachment":[{"href":"https:\/\/www.24zabrze.pl\/wiadomosci\/wp-json\/wp\/v2\/media?parent=105327"}],"wp:term":[{"taxonomy":"category","embeddable":true,"href":"https:\/\/www.24zabrze.pl\/wiadomosci\/wp-json\/wp\/v2\/categories?post=105327"},{"taxonomy":"post_tag","embeddable":true,"href":"https:\/\/www.24zabrze.pl\/wiadomosci\/wp-json\/wp\/v2\/tags?post=105327"}],"curies":[{"name":"wp","href":"https:\/\/api.w.org\/{rel}","templated":true}]}}