{"id":104445,"date":"2023-06-05T15:23:39","date_gmt":"2023-06-05T13:23:39","guid":{"rendered":"https:\/\/www.24zabrze.pl\/wiadomosci\/?p=104445"},"modified":"2023-06-05T15:23:39","modified_gmt":"2023-06-05T13:23:39","slug":"kolejny-sprawca-przemocy-domowej-w-zabrzu-sad-postanowil-o-trzymiesiecznym-areszcie","status":"publish","type":"post","link":"https:\/\/www.24zabrze.pl\/wiadomosci\/kolejny-sprawca-przemocy-domowej-w-zabrzu-sad-postanowil-o-trzymiesiecznym-areszcie\/","title":{"rendered":"Kolejny sprawca przemocy domowej w Zabrzu. S\u0105d postanowi\u0142 o trzymiesi\u0119cznym areszcie"},"content":{"rendered":"<div class=\"zabrz-a6-z-nad-leadem-artykulow zabrz-entity-placement\" id=\"zabrz-1024790070\"><div class=\"zabrz-adlabel\"><span style=\"font-size: 9px\">REKLAMA<\/span><\/div><div id=\"zabrz-1314162506\" style=\"margin-bottom: 30px;margin-left: auto;margin-right: auto;text-align: center;\"><a data-no-instant=\"1\" href=\"https:\/\/dom100.eu\/\" rel=\"noopener\" class=\"a2t-link\" target=\"_blank\" aria-label=\"20260415 DOM100 D\"><img loading=\"lazy\" decoding=\"async\" src=\"https:\/\/www.24zabrze.pl\/wiadomosci\/wp-content\/uploads\/2026\/02\/20260415-DOM100-D.jpg\" alt=\"\"  srcset=\"https:\/\/www.24zabrze.pl\/wiadomosci\/wp-content\/uploads\/2026\/02\/20260415-DOM100-D.jpg 750w, https:\/\/www.24zabrze.pl\/wiadomosci\/wp-content\/uploads\/2026\/02\/20260415-DOM100-D-410x109.jpg 410w\" sizes=\"(max-width: 750px) 100vw, 750px\" class=\"no-lazyload\" width=\"750\" height=\"200\"  style=\"display: inline-block; max-width: 100%; height: auto;\" \/><\/a><\/div><\/div><h2>Najbli\u017csze trzy miesi\u0105ce sp\u0119dzi w areszcie 25-latek zatrzymany przez policjant\u00f3w zabrza\u0144skiej jedynki. Decyzj\u0119 o tymczasowym aresztowaniu w minionym tygodniu wyda\u0142 s\u0105d.<\/h2>\n<p>Policjanci z Komisariatu I Policji w Zabrzu zatrzymali 25-latka, gdy sprawa zosta\u0142a zg\u0142oszona na policj\u0119. <\/p><div class=\"zabrz-a3-z-w-tresci-artykulow zabrz-entity-placement\" id=\"zabrz-1861174546\"><div class=\"zabrz-adlabel\"><span style=\"font-size: 9px\">REKLAMA<\/span><\/div><div id=\"zabrz-1582241916\" style=\"margin-bottom: 40px;margin-left: auto;margin-right: auto;text-align: center;\"><a data-no-instant=\"1\" href=\"https:\/\/ogrodyandersa.pl\/\" rel=\"noopener\" class=\"a2t-link\" target=\"_blank\" aria-label=\"20260415 Ogrody Andersa WYBIERZ MIESZKANIE D\"><img loading=\"lazy\" decoding=\"async\" src=\"https:\/\/www.24zabrze.pl\/wiadomosci\/wp-content\/uploads\/2026\/02\/20260415-Ogrody-Andersa-WYBIERZ-MIESZKANIE-D.jpg\" alt=\"\"  srcset=\"https:\/\/www.24zabrze.pl\/wiadomosci\/wp-content\/uploads\/2026\/02\/20260415-Ogrody-Andersa-WYBIERZ-MIESZKANIE-D.jpg 750w, https:\/\/www.24zabrze.pl\/wiadomosci\/wp-content\/uploads\/2026\/02\/20260415-Ogrody-Andersa-WYBIERZ-MIESZKANIE-D-410x109.jpg 410w\" sizes=\"(max-width: 750px) 100vw, 750px\" class=\"no-lazyload\" width=\"750\" height=\"200\"  style=\"display: inline-block; max-width: 100%; height: auto;\" \/><\/a><\/div><\/div>\n<p>&#8211; <em>Z zebranych przez mundurowych informacji wynika\u0142o, \u017ce m\u0119\u017cczyzna od roku zn\u0119ca\u0142 si\u0119 fizycznie i psychicznie nad swoj\u0105 \u017con\u0105. M\u0119\u017cczyzna grozi\u0142 jej te\u017c pobawieniem \u017cycia. Pasmo przemocy przerwali policjanci. Po zabraniu materia\u0142u dowodowego przez kryminalnych 25-latek zosta\u0142 przes\u0142uchany i us\u0142ysza\u0142 zarzut za zn\u0119canie si\u0119 nad \u017con\u0105<\/em> &#8211; informuje m\u0142. asp. Sebastian Bijok, oficer prasowy KMP Zabrze. <\/p>\n<blockquote><p><em>W \u015brod\u0119 na podstawie zebranego materia\u0142u dowodowego zabrza\u0144ski s\u0105d zdecydowa\u0142 si\u0119 na zastosowanie wobec niego \u015brodka zapobiegawczego w postaci tymczasowego aresztowania na trzy miesi\u0105ce<\/em> <\/p><\/blockquote>\n<p>&#8211; dodaje rzecznik zabrza\u0144skiej policji. <\/p>\n<p>Przypominamy, \u017ce policja \u2013 obok przedstawicieli jednostek organizacyjnych pomocy spo\u0142ecznej, gminnych komisji rozwi\u0105zywania problem\u00f3w alkoholowych, o\u015bwiaty i ochrony zdrowia \u2013 jest zobowi\u0105zana do podejmowania dzia\u0142a\u0144 w przypadku podejrzenia wyst\u0105pienia zjawiska przemocy w rodzinie. Dzia\u0142anie te podejmowane s\u0105 w ramach procedury \u201eNiebieskiej Karty\u201d. <a href=\"https:\/\/zabrze.policja.gov.pl\/k29\/informacje\/wiadomosci\/361343,Tymczasowy-areszt-za-znecanie-sie.html\" rel=\"noopener\" target=\"_blank\">Wi\u0119cej na temat form pomocy jak\u0105 mo\u017cna uzyska\u0107 w przypadku przemocy domowej, mo\u017cna dowiedzie\u0107 si\u0119 tutaj. <\/a><\/p>\n<p>(\u017cms)\/KMP Zabrze<br \/>\nfot. px\/zdj\u0119cie pogl\u0105dowe<\/p>\n","protected":false},"excerpt":{"rendered":"<p>Najbli\u017csze trzy miesi\u0105ce sp\u0119dzi w areszcie 25-latek zatrzymany przez policjant\u00f3w zabrza\u0144skiej jedynki. Decyzj\u0119 o tymczasowym aresztowaniu w minionym tygodniu wyda\u0142 s\u0105d. Policjanci z Komisariatu I Policji w Zabrzu zatrzymali 25-latka, gdy sprawa zosta\u0142a zg\u0142oszona na policj\u0119. &#8211; Z zebranych przez mundurowych informacji wynika\u0142o, \u017ce m\u0119\u017cczyzna od roku zn\u0119ca\u0142 si\u0119 fizycznie i psychicznie nad swoj\u0105 \u017con\u0105. [&hellip;]<\/p>\n","protected":false},"author":17,"featured_media":96352,"comment_status":"closed","ping_status":"closed","sticky":false,"template":"","format":"standard","meta":{"_monsterinsights_skip_tracking":false,"_monsterinsights_sitenote_active":false,"_monsterinsights_sitenote_note":"","_monsterinsights_sitenote_category":0,"footnotes":"","_links_to":"","_links_to_target":""},"categories":[5,1],"tags":[],"class_list":["post-104445","post","type-post","status-publish","format-standard","has-post-thumbnail","hentry","category-prawo","category-wszystko"],"_links":{"self":[{"href":"https:\/\/www.24zabrze.pl\/wiadomosci\/wp-json\/wp\/v2\/posts\/104445","targetHints":{"allow":["GET"]}}],"collection":[{"href":"https:\/\/www.24zabrze.pl\/wiadomosci\/wp-json\/wp\/v2\/posts"}],"about":[{"href":"https:\/\/www.24zabrze.pl\/wiadomosci\/wp-json\/wp\/v2\/types\/post"}],"author":[{"embeddable":true,"href":"https:\/\/www.24zabrze.pl\/wiadomosci\/wp-json\/wp\/v2\/users\/17"}],"replies":[{"embeddable":true,"href":"https:\/\/www.24zabrze.pl\/wiadomosci\/wp-json\/wp\/v2\/comments?post=104445"}],"version-history":[{"count":0,"href":"https:\/\/www.24zabrze.pl\/wiadomosci\/wp-json\/wp\/v2\/posts\/104445\/revisions"}],"wp:featuredmedia":[{"embeddable":true,"href":"https:\/\/www.24zabrze.pl\/wiadomosci\/wp-json\/wp\/v2\/media\/96352"}],"wp:attachment":[{"href":"https:\/\/www.24zabrze.pl\/wiadomosci\/wp-json\/wp\/v2\/media?parent=104445"}],"wp:term":[{"taxonomy":"category","embeddable":true,"href":"https:\/\/www.24zabrze.pl\/wiadomosci\/wp-json\/wp\/v2\/categories?post=104445"},{"taxonomy":"post_tag","embeddable":true,"href":"https:\/\/www.24zabrze.pl\/wiadomosci\/wp-json\/wp\/v2\/tags?post=104445"}],"curies":[{"name":"wp","href":"https:\/\/api.w.org\/{rel}","templated":true}]}}