{"id":103925,"date":"2023-04-28T15:24:59","date_gmt":"2023-04-28T13:24:59","guid":{"rendered":"https:\/\/www.24zabrze.pl\/wiadomosci\/?p=103925"},"modified":"2023-04-28T15:24:59","modified_gmt":"2023-04-28T13:24:59","slug":"odsiedzial-wyrok-za-zabojstwo-teraz-ma-szanse-wrocic-do-wiezienia-nocne-wlamanie-do-monopolowego","status":"publish","type":"post","link":"https:\/\/www.24zabrze.pl\/wiadomosci\/odsiedzial-wyrok-za-zabojstwo-teraz-ma-szanse-wrocic-do-wiezienia-nocne-wlamanie-do-monopolowego\/","title":{"rendered":"Odsiedzia\u0142 wyrok za zab\u00f3jstwo, teraz ma szans\u0119 wr\u00f3ci\u0107 do wi\u0119zienia. Nocne w\u0142amanie do monopolowego"},"content":{"rendered":"<div class=\"zabrz-a6-z-nad-leadem-artykulow zabrz-entity-placement\" id=\"zabrz-4269446988\"><div class=\"zabrz-adlabel\"><span style=\"font-size: 9px\">REKLAMA<\/span><\/div><div id=\"zabrz-3941579839\" style=\"margin-bottom: 30px;margin-left: auto;margin-right: auto;text-align: center;\"><a data-no-instant=\"1\" href=\"https:\/\/dom100.eu\/\" rel=\"noopener\" class=\"a2t-link\" target=\"_blank\" aria-label=\"20260415 DOM100 D\"><img loading=\"lazy\" decoding=\"async\" src=\"https:\/\/www.24zabrze.pl\/wiadomosci\/wp-content\/uploads\/2026\/02\/20260415-DOM100-D.jpg\" alt=\"\"  srcset=\"https:\/\/www.24zabrze.pl\/wiadomosci\/wp-content\/uploads\/2026\/02\/20260415-DOM100-D.jpg 750w, https:\/\/www.24zabrze.pl\/wiadomosci\/wp-content\/uploads\/2026\/02\/20260415-DOM100-D-410x109.jpg 410w\" sizes=\"(max-width: 750px) 100vw, 750px\" class=\"no-lazyload\" width=\"750\" height=\"200\"  style=\"display: inline-block; max-width: 100%; height: auto;\" \/><\/a><\/div><\/div><h2>M\u0119\u017cczyzna, kt\u00f3ry rok temu opu\u015bci\u0142 zak\u0142ad karny, mo\u017ce niebawem wr\u00f3ci\u0107 za wi\u0119zienne mury. Zatrzymano go tu\u017c po tym, jak pr\u00f3bowa\u0142 w\u0142ama\u0107 si\u0119 do sklepu z alkoholem. Na razie trafi\u0142 do aresztu.<\/h2>\n<p>Do pr\u00f3by w\u0142amania dosz\u0142o w \u015brod\u0119 przed godzin\u0105 2:00 w nocy. <\/p><div class=\"zabrz-a3-z-w-tresci-artykulow zabrz-entity-placement\" id=\"zabrz-1340442014\"><div class=\"zabrz-adlabel\"><span style=\"font-size: 9px\">REKLAMA<\/span><\/div><div id=\"zabrz-2309981603\" style=\"margin-bottom: 40px;margin-left: auto;margin-right: auto;text-align: center;\"><a data-no-instant=\"1\" href=\"https:\/\/ogrodyandersa.pl\/\" rel=\"noopener\" class=\"a2t-link\" target=\"_blank\" aria-label=\"20260415 Ogrody Andersa WYBIERZ MIESZKANIE D\"><img loading=\"lazy\" decoding=\"async\" src=\"https:\/\/www.24zabrze.pl\/wiadomosci\/wp-content\/uploads\/2026\/02\/20260415-Ogrody-Andersa-WYBIERZ-MIESZKANIE-D.jpg\" alt=\"\"  srcset=\"https:\/\/www.24zabrze.pl\/wiadomosci\/wp-content\/uploads\/2026\/02\/20260415-Ogrody-Andersa-WYBIERZ-MIESZKANIE-D.jpg 750w, https:\/\/www.24zabrze.pl\/wiadomosci\/wp-content\/uploads\/2026\/02\/20260415-Ogrody-Andersa-WYBIERZ-MIESZKANIE-D-410x109.jpg 410w\" sizes=\"(max-width: 750px) 100vw, 750px\" class=\"no-lazyload\" width=\"750\" height=\"200\"  style=\"display: inline-block; max-width: 100%; height: auto;\" \/><\/a><\/div><\/div>\n<div style=\"width: 810px;\" class=\"wp-video\"><video class=\"wp-video-shortcode\" id=\"video-103925-1\" width=\"810\" height=\"456\" preload=\"metadata\" controls=\"controls\"><source type=\"video\/mp4\" src=\"https:\/\/www.24zabrze.pl\/wiadomosci\/wp-content\/uploads\/2023\/04\/64-755910.mp4?_=1\" \/><a href=\"https:\/\/www.24zabrze.pl\/wiadomosci\/wp-content\/uploads\/2023\/04\/64-755910.mp4\">https:\/\/www.24zabrze.pl\/wiadomosci\/wp-content\/uploads\/2023\/04\/64-755910.mp4<\/a><\/video><\/div>\n<p>&#8211; <em>Dy\u017curny Komisariatu V Policji w Zabrzu zosta\u0142 powiadomiony, \u017ce kto\u015b w\u0142amuje si\u0119 do sklepu spo\u017cywczego na ulicy Krakowskiej. Na miejsce natychmiast pojecha\u0142a za\u0142oga patrolowa. Mundurowi ustalili, \u017ce dosz\u0142o do pr\u00f3by w\u0142amania. Nast\u0119pnie rozpocz\u0119li przeszukiwanie okolicy w celu zatrzymania sprawcy. Kilka minut p\u00f3\u017aniej natrafili na m\u0119\u017cczyzn\u0119, kt\u00f3ry na widok policjant\u00f3w odwr\u00f3ci\u0142 si\u0119 i zacz\u0105\u0142 si\u0119 od nich szybko oddala\u0107<\/em> &#8211; relacjonuje m\u0142. asp. <strong>Sebastian Bijok<\/strong>, oficer prasowy KMP Zabrze. <\/p>\n<blockquote><p><em>Zatrzymany nie potrafi\u0142 wyja\u015bni\u0107, co robi na zewn\u0105trz o tej porze, a dodatkowo jego wizerunek odpowiada\u0142 rysopisowi sprawcy w\u0142amania, kt\u00f3rego zarejestrowa\u0142a kamera monitoringu. Ponadto niedaleko miejsca, gdzie zatrzymano m\u0119\u017cczyzn\u0119, policjanci znale\u017ali torb\u0119 z narz\u0119dziami s\u0142u\u017c\u0105cymi do w\u0142amania<\/em> <\/p><\/blockquote>\n<p>&#8211; dodaje rzecznik tutejszej policji.<\/p>\n<p>Policjanci ustalili, \u017ce zatrzymany to 56-letni mieszkaniec Zabrza, kt\u00f3ry rok wcze\u015bniej opu\u015bci\u0142 zak\u0142ad karny, gdzie odbywa\u0142 kar\u0119 25 lat pozbawienia wolno\u015bci za zab\u00f3jstwo.<\/p>\n<p>&#8211; <em>56-latek zosta\u0142 przewieziony do komendy i osadzony w policyjnym areszcie. Po zebraniu materia\u0142u dowodowego us\u0142ysza\u0142 zarzut usi\u0142owania kradzie\u017cy z w\u0142amaniem. Cho\u0107 nie uda\u0142o mu si\u0119 nic ukra\u015b\u0107, to straty spowodowane uszkodzeniem drzwi wej\u015bciowych sklepu wynios\u0142y 7000 z\u0142otych.<\/em> &#8211; podsumowuje Bijok. <\/p>\n<p>Na wniosek \u015bledczych s\u0105d zastosowa\u0142 wobec niego \u015brodek zapobiegawczy w postaci tymczasowego aresztowania na okres jednego miesi\u0105ca. Za usi\u0142owanie w\u0142amania grozi mu do 10 lat pozbawienia wolno\u015bci.<\/p>\n<p>(\u017cms)\/KMP Zabrze<br \/>\nfot. KMP Zabrze<\/p>\n","protected":false},"excerpt":{"rendered":"<p>M\u0119\u017cczyzna, kt\u00f3ry rok temu opu\u015bci\u0142 zak\u0142ad karny, mo\u017ce niebawem wr\u00f3ci\u0107 za wi\u0119zienne mury. Zatrzymano go tu\u017c po tym, jak pr\u00f3bowa\u0142 w\u0142ama\u0107 si\u0119 do sklepu z alkoholem. Na razie trafi\u0142 do aresztu. Do pr\u00f3by w\u0142amania dosz\u0142o w \u015brod\u0119 przed godzin\u0105 2:00 w nocy. &#8211; Dy\u017curny Komisariatu V Policji w Zabrzu zosta\u0142 powiadomiony, \u017ce kto\u015b w\u0142amuje si\u0119 [&hellip;]<\/p>\n","protected":false},"author":17,"featured_media":103929,"comment_status":"closed","ping_status":"closed","sticky":false,"template":"","format":"video","meta":{"_monsterinsights_skip_tracking":false,"_monsterinsights_sitenote_active":false,"_monsterinsights_sitenote_note":"","_monsterinsights_sitenote_category":0,"footnotes":"","_links_to":"","_links_to_target":""},"categories":[5,1],"tags":[],"class_list":["post-103925","post","type-post","status-publish","format-video","has-post-thumbnail","hentry","category-prawo","category-wszystko","post_format-post-format-video"],"_links":{"self":[{"href":"https:\/\/www.24zabrze.pl\/wiadomosci\/wp-json\/wp\/v2\/posts\/103925","targetHints":{"allow":["GET"]}}],"collection":[{"href":"https:\/\/www.24zabrze.pl\/wiadomosci\/wp-json\/wp\/v2\/posts"}],"about":[{"href":"https:\/\/www.24zabrze.pl\/wiadomosci\/wp-json\/wp\/v2\/types\/post"}],"author":[{"embeddable":true,"href":"https:\/\/www.24zabrze.pl\/wiadomosci\/wp-json\/wp\/v2\/users\/17"}],"replies":[{"embeddable":true,"href":"https:\/\/www.24zabrze.pl\/wiadomosci\/wp-json\/wp\/v2\/comments?post=103925"}],"version-history":[{"count":4,"href":"https:\/\/www.24zabrze.pl\/wiadomosci\/wp-json\/wp\/v2\/posts\/103925\/revisions"}],"predecessor-version":[{"id":103931,"href":"https:\/\/www.24zabrze.pl\/wiadomosci\/wp-json\/wp\/v2\/posts\/103925\/revisions\/103931"}],"wp:featuredmedia":[{"embeddable":true,"href":"https:\/\/www.24zabrze.pl\/wiadomosci\/wp-json\/wp\/v2\/media\/103929"}],"wp:attachment":[{"href":"https:\/\/www.24zabrze.pl\/wiadomosci\/wp-json\/wp\/v2\/media?parent=103925"}],"wp:term":[{"taxonomy":"category","embeddable":true,"href":"https:\/\/www.24zabrze.pl\/wiadomosci\/wp-json\/wp\/v2\/categories?post=103925"},{"taxonomy":"post_tag","embeddable":true,"href":"https:\/\/www.24zabrze.pl\/wiadomosci\/wp-json\/wp\/v2\/tags?post=103925"}],"curies":[{"name":"wp","href":"https:\/\/api.w.org\/{rel}","templated":true}]}}